{"id":19969,"date":"2020-02-29T01:38:32","date_gmt":"2020-02-29T01:38:32","guid":{"rendered":"https:\/\/jorgezanoni.com.br\/2019\/?p=19969"},"modified":"2020-02-29T01:38:32","modified_gmt":"2020-02-29T01:38:32","slug":"reclamacao-da-populacao-bueiro-esta-entupido-no-jardim-santa-clara","status":"publish","type":"post","link":"https:\/\/jorgezanoni.com.br\/2019\/reclamacao-da-populacao-bueiro-esta-entupido-no-jardim-santa-clara\/","title":{"rendered":"Reclama\u00e7\u00e3o da Popula\u00e7\u00e3o: Bueiro est\u00e1 entupido no jardim Santa Clara"},"content":{"rendered":"<p style=\"text-align: justify;\">Moradores das imedia\u00e7\u00f5es da esquina das ruas An\u00e1lia Franco com Marechal Deodoro da Fonseca no jardim Santa Clara, est\u00e3o reclamando de bueiro entupido.<\/p>\n<p style=\"text-align: justify;\">H\u00e1 vizinhos com Dengue diz uma moradora, tamb\u00e9m tem muito mal cheiro e a \u00e1gua nem d\u00e1 para descrever a cor que est\u00e1.<\/p>\n<p style=\"text-align: justify;\">Pedem provid\u00eancias urgentes ao setor competente para que d\u00ea uma solu\u00e7\u00e3o ao problema.<\/p>\n<p><img loading=\"lazy\" decoding=\"async\" class=\"alignnone size-full wp-image-19971\" src=\"https:\/\/jorgezanoni.com.br\/2019\/wp-content\/uploads\/2020\/02\/bueiro1.jpg\" alt=\"\" width=\"1110\" height=\"540\" srcset=\"https:\/\/jorgezanoni.com.br\/2019\/wp-content\/uploads\/2020\/02\/bueiro1.jpg 1110w, https:\/\/jorgezanoni.com.br\/2019\/wp-content\/uploads\/2020\/02\/bueiro1-300x146.jpg 300w, https:\/\/jorgezanoni.com.br\/2019\/wp-content\/uploads\/2020\/02\/bueiro1-768x374.jpg 768w, https:\/\/jorgezanoni.com.br\/2019\/wp-content\/uploads\/2020\/02\/bueiro1-1024x498.jpg 1024w, https:\/\/jorgezanoni.com.br\/2019\/wp-content\/uploads\/2020\/02\/bueiro1-696x339.jpg 696w, https:\/\/jorgezanoni.com.br\/2019\/wp-content\/uploads\/2020\/02\/bueiro1-1068x520.jpg 1068w, https:\/\/jorgezanoni.com.br\/2019\/wp-content\/uploads\/2020\/02\/bueiro1-863x420.jpg 863w\" sizes=\"auto, (max-width: 1110px) 100vw, 1110px\" \/><\/p>\n<p style=\"text-align: justify;\">Jorge Zanoni<\/p>\n<p style=\"text-align: justify;\">Fotos de Internauta<\/p>\n<p>&nbsp;<\/p>\n<p>&nbsp;<\/p>\n","protected":false},"excerpt":{"rendered":"<p>Moradores das imedia\u00e7\u00f5es da esquina das ruas An\u00e1lia Franco com Marechal Deodoro da Fonseca no jardim Santa Clara, est\u00e3o reclamando de bueiro entupido. H\u00e1 vizinhos com Dengue diz uma moradora, tamb\u00e9m tem muito mal cheiro e a \u00e1gua nem d\u00e1 para descrever a cor que est\u00e1. Pedem provid\u00eancias urgentes ao setor competente para que d\u00ea [&hellip;]<\/p>\n","protected":false},"author":1,"featured_media":19970,"comment_status":"closed","ping_status":"open","sticky":false,"template":"","format":"standard","meta":{"footnotes":""},"categories":[179,184,110],"tags":[],"class_list":["post-19969","post","type-post","status-publish","format-standard","has-post-thumbnail","hentry","category-cidadeseregiao","category-dracena","category-noticiasdestaque"],"_links":{"self":[{"href":"https:\/\/jorgezanoni.com.br\/2019\/wp-json\/wp\/v2\/posts\/19969","targetHints":{"allow":["GET"]}}],"collection":[{"href":"https:\/\/jorgezanoni.com.br\/2019\/wp-json\/wp\/v2\/posts"}],"about":[{"href":"https:\/\/jorgezanoni.com.br\/2019\/wp-json\/wp\/v2\/types\/post"}],"author":[{"embeddable":true,"href":"https:\/\/jorgezanoni.com.br\/2019\/wp-json\/wp\/v2\/users\/1"}],"replies":[{"embeddable":true,"href":"https:\/\/jorgezanoni.com.br\/2019\/wp-json\/wp\/v2\/comments?post=19969"}],"version-history":[{"count":0,"href":"https:\/\/jorgezanoni.com.br\/2019\/wp-json\/wp\/v2\/posts\/19969\/revisions"}],"wp:featuredmedia":[{"embeddable":true,"href":"https:\/\/jorgezanoni.com.br\/2019\/wp-json\/wp\/v2\/media\/19970"}],"wp:attachment":[{"href":"https:\/\/jorgezanoni.com.br\/2019\/wp-json\/wp\/v2\/media?parent=19969"}],"wp:term":[{"taxonomy":"category","embeddable":true,"href":"https:\/\/jorgezanoni.com.br\/2019\/wp-json\/wp\/v2\/categories?post=19969"},{"taxonomy":"post_tag","embeddable":true,"href":"https:\/\/jorgezanoni.com.br\/2019\/wp-json\/wp\/v2\/tags?post=19969"}],"curies":[{"name":"wp","href":"https:\/\/api.w.org\/{rel}","templated":true}]}}