{"id":19925,"date":"2020-02-28T15:42:27","date_gmt":"2020-02-28T15:42:27","guid":{"rendered":"https:\/\/jorgezanoni.com.br\/2019\/?p=19925"},"modified":"2020-02-28T15:42:27","modified_gmt":"2020-02-28T15:42:27","slug":"comunicador-pena-junior-se-despede-do-radio-apos-35-anos-de-profissao","status":"publish","type":"post","link":"https:\/\/jorgezanoni.com.br\/2019\/comunicador-pena-junior-se-despede-do-radio-apos-35-anos-de-profissao\/","title":{"rendered":"Comunicador Pena Junior se despede do r\u00e1dio ap\u00f3s 35 anos de profiss\u00e3o."},"content":{"rendered":"<p style=\"text-align: justify;\">Ap\u00f3s 35 anos militando no r\u00e1dio dracenense, o comunicador Pena Junior fez a apresenta\u00e7\u00e3o de seu \u00faltimo programa hoje (28), na r\u00e1dio 87 FM. (Veja em v\u00eddeo a entrevista do Site JZ com o locutor).<\/p>\n<div id=\"fb-root\"><\/div>\n<p><script async=\"1\" defer=\"1\" crossorigin=\"anonymous\" src=\"https:\/\/connect.facebook.net\/en_US\/sdk.js#xfbml=1&amp;version=v6.0\"><\/script><\/p>\n<div class=\"fb-video\" data-href=\"https:\/\/www.facebook.com\/jorgezanonidracena\/videos\/2506636796263646\/\" data-width=\"696\">\n<blockquote cite=\"https:\/\/www.facebook.com\/jorgezanonidracena\/videos\/2506636796263646\/\" class=\"fb-xfbml-parse-ignore\"><p><a href=\"https:\/\/www.facebook.com\/jorgezanonidracena\/videos\/2506636796263646\/\">Comunicador Pena Junior se despede do r\u00e1dio ap\u00f3s 35 anos de profiss\u00e3o.<\/a><\/p>\n<p>Comunicador Pena Junior se despede do r\u00e1dio ap\u00f3s 35 anos de profiss\u00e3o.<\/p>\n<p>Posted by <a href=\"https:\/\/www.facebook.com\/jorgezanonidracena\/\">Jorge Zanoni<\/a> on Friday, February 28, 2020<\/p><\/blockquote>\n<\/div>\n<p>&nbsp;<\/p>\n","protected":false},"excerpt":{"rendered":"<p>Ap\u00f3s 35 anos militando no r\u00e1dio dracenense, o comunicador Pena Junior fez a apresenta\u00e7\u00e3o de seu \u00faltimo programa hoje (28), na r\u00e1dio 87 FM. (Veja em v\u00eddeo a entrevista do Site JZ com o locutor). Comunicador Pena Junior se despede do r\u00e1dio ap\u00f3s 35 anos de profiss\u00e3o. Comunicador Pena Junior se despede do r\u00e1dio ap\u00f3s [&hellip;]<\/p>\n","protected":false},"author":1,"featured_media":19926,"comment_status":"closed","ping_status":"open","sticky":false,"template":"","format":"video","meta":{"footnotes":""},"categories":[110,169],"tags":[],"class_list":["post-19925","post","type-post","status-publish","format-video","has-post-thumbnail","hentry","category-noticiasdestaque","category-videos","post_format-post-format-video"],"_links":{"self":[{"href":"https:\/\/jorgezanoni.com.br\/2019\/wp-json\/wp\/v2\/posts\/19925","targetHints":{"allow":["GET"]}}],"collection":[{"href":"https:\/\/jorgezanoni.com.br\/2019\/wp-json\/wp\/v2\/posts"}],"about":[{"href":"https:\/\/jorgezanoni.com.br\/2019\/wp-json\/wp\/v2\/types\/post"}],"author":[{"embeddable":true,"href":"https:\/\/jorgezanoni.com.br\/2019\/wp-json\/wp\/v2\/users\/1"}],"replies":[{"embeddable":true,"href":"https:\/\/jorgezanoni.com.br\/2019\/wp-json\/wp\/v2\/comments?post=19925"}],"version-history":[{"count":0,"href":"https:\/\/jorgezanoni.com.br\/2019\/wp-json\/wp\/v2\/posts\/19925\/revisions"}],"wp:featuredmedia":[{"embeddable":true,"href":"https:\/\/jorgezanoni.com.br\/2019\/wp-json\/wp\/v2\/media\/19926"}],"wp:attachment":[{"href":"https:\/\/jorgezanoni.com.br\/2019\/wp-json\/wp\/v2\/media?parent=19925"}],"wp:term":[{"taxonomy":"category","embeddable":true,"href":"https:\/\/jorgezanoni.com.br\/2019\/wp-json\/wp\/v2\/categories?post=19925"},{"taxonomy":"post_tag","embeddable":true,"href":"https:\/\/jorgezanoni.com.br\/2019\/wp-json\/wp\/v2\/tags?post=19925"}],"curies":[{"name":"wp","href":"https:\/\/api.w.org\/{rel}","templated":true}]}}