{"id":19920,"date":"2020-02-28T15:18:40","date_gmt":"2020-02-28T15:18:40","guid":{"rendered":"https:\/\/jorgezanoni.com.br\/2019\/?p=19920"},"modified":"2020-02-28T15:20:24","modified_gmt":"2020-02-28T15:20:24","slug":"falecimentos-28-02-20-2","status":"publish","type":"post","link":"https:\/\/jorgezanoni.com.br\/2019\/falecimentos-28-02-20-2\/","title":{"rendered":"Falecimentos 28\/02\/20"},"content":{"rendered":"<p>Hatuzi Mioki, Jos\u00e9 Eugenio da Gama e Laura Josefa da Concei\u00e7\u00e3o.<\/p>\n<p><img loading=\"lazy\" decoding=\"async\" class=\"alignnone size-full wp-image-19921\" src=\"https:\/\/jorgezanoni.com.br\/2019\/wp-content\/uploads\/2020\/02\/Hatuzi-Mioki.jpg\" alt=\"\" width=\"995\" height=\"584\" srcset=\"https:\/\/jorgezanoni.com.br\/2019\/wp-content\/uploads\/2020\/02\/Hatuzi-Mioki.jpg 995w, https:\/\/jorgezanoni.com.br\/2019\/wp-content\/uploads\/2020\/02\/Hatuzi-Mioki-300x176.jpg 300w, https:\/\/jorgezanoni.com.br\/2019\/wp-content\/uploads\/2020\/02\/Hatuzi-Mioki-768x451.jpg 768w, https:\/\/jorgezanoni.com.br\/2019\/wp-content\/uploads\/2020\/02\/Hatuzi-Mioki-696x409.jpg 696w, https:\/\/jorgezanoni.com.br\/2019\/wp-content\/uploads\/2020\/02\/Hatuzi-Mioki-716x420.jpg 716w\" sizes=\"auto, (max-width: 995px) 100vw, 995px\" \/> <img loading=\"lazy\" decoding=\"async\" class=\"alignnone size-full wp-image-19922\" src=\"https:\/\/jorgezanoni.com.br\/2019\/wp-content\/uploads\/2020\/02\/Jos\u00e9-Eugenio-da-Gama.jpg\" alt=\"\" width=\"995\" height=\"584\" srcset=\"https:\/\/jorgezanoni.com.br\/2019\/wp-content\/uploads\/2020\/02\/Jos\u00e9-Eugenio-da-Gama.jpg 995w, https:\/\/jorgezanoni.com.br\/2019\/wp-content\/uploads\/2020\/02\/Jos\u00e9-Eugenio-da-Gama-300x176.jpg 300w, https:\/\/jorgezanoni.com.br\/2019\/wp-content\/uploads\/2020\/02\/Jos\u00e9-Eugenio-da-Gama-768x451.jpg 768w, https:\/\/jorgezanoni.com.br\/2019\/wp-content\/uploads\/2020\/02\/Jos\u00e9-Eugenio-da-Gama-696x409.jpg 696w, https:\/\/jorgezanoni.com.br\/2019\/wp-content\/uploads\/2020\/02\/Jos\u00e9-Eugenio-da-Gama-716x420.jpg 716w\" sizes=\"auto, (max-width: 995px) 100vw, 995px\" \/><\/p>\n","protected":false},"excerpt":{"rendered":"<p>Hatuzi Mioki, Jos\u00e9 Eugenio da Gama e Laura Josefa da Concei\u00e7\u00e3o.<\/p>\n","protected":false},"author":1,"featured_media":19923,"comment_status":"closed","ping_status":"open","sticky":false,"template":"","format":"standard","meta":{"footnotes":""},"categories":[178],"tags":[],"class_list":["post-19920","post","type-post","status-publish","format-standard","has-post-thumbnail","hentry","category-notadefalecimento"],"_links":{"self":[{"href":"https:\/\/jorgezanoni.com.br\/2019\/wp-json\/wp\/v2\/posts\/19920","targetHints":{"allow":["GET"]}}],"collection":[{"href":"https:\/\/jorgezanoni.com.br\/2019\/wp-json\/wp\/v2\/posts"}],"about":[{"href":"https:\/\/jorgezanoni.com.br\/2019\/wp-json\/wp\/v2\/types\/post"}],"author":[{"embeddable":true,"href":"https:\/\/jorgezanoni.com.br\/2019\/wp-json\/wp\/v2\/users\/1"}],"replies":[{"embeddable":true,"href":"https:\/\/jorgezanoni.com.br\/2019\/wp-json\/wp\/v2\/comments?post=19920"}],"version-history":[{"count":0,"href":"https:\/\/jorgezanoni.com.br\/2019\/wp-json\/wp\/v2\/posts\/19920\/revisions"}],"wp:featuredmedia":[{"embeddable":true,"href":"https:\/\/jorgezanoni.com.br\/2019\/wp-json\/wp\/v2\/media\/19923"}],"wp:attachment":[{"href":"https:\/\/jorgezanoni.com.br\/2019\/wp-json\/wp\/v2\/media?parent=19920"}],"wp:term":[{"taxonomy":"category","embeddable":true,"href":"https:\/\/jorgezanoni.com.br\/2019\/wp-json\/wp\/v2\/categories?post=19920"},{"taxonomy":"post_tag","embeddable":true,"href":"https:\/\/jorgezanoni.com.br\/2019\/wp-json\/wp\/v2\/tags?post=19920"}],"curies":[{"name":"wp","href":"https:\/\/api.w.org\/{rel}","templated":true}]}}