{"id":1990,"date":"2019-07-25T01:40:22","date_gmt":"2019-07-25T01:40:22","guid":{"rendered":"http:\/\/jorgezanoni.com.br\/2019\/?p=1990"},"modified":"2019-07-25T13:22:01","modified_gmt":"2019-07-25T13:22:01","slug":"ponto-de-carroca-que-tambem-ja-abrigou-charretes-foi-demolido-ontem","status":"publish","type":"post","link":"https:\/\/jorgezanoni.com.br\/2019\/ponto-de-carroca-que-tambem-ja-abrigou-charretes-foi-demolido-ontem\/","title":{"rendered":"Ponto de Carro\u00e7a que tamb\u00e9m j\u00e1 abrigou Charretes foi demolido ontem"},"content":{"rendered":"<p style=\"text-align: left;\">Durante o dia ontem (23), funcion\u00e1rios da Prefeitura Municipal demoliram um ponto de carro\u00e7a que tamb\u00e9m j\u00e1 abrigou charretes, na rua Martim Afonso proximidades da Esta\u00e7\u00e3o Rodovi\u00e1ria de Dracena.<img loading=\"lazy\" decoding=\"async\" class=\"alignnone size-full wp-image-1991\" src=\"http:\/\/jorgezanoni.com.br\/2019\/wp-content\/uploads\/2019\/07\/IMG_7003.jpg\" alt=\"\" width=\"900\" height=\"675\" srcset=\"https:\/\/jorgezanoni.com.br\/2019\/wp-content\/uploads\/2019\/07\/IMG_7003.jpg 900w, https:\/\/jorgezanoni.com.br\/2019\/wp-content\/uploads\/2019\/07\/IMG_7003-300x225.jpg 300w, https:\/\/jorgezanoni.com.br\/2019\/wp-content\/uploads\/2019\/07\/IMG_7003-768x576.jpg 768w, https:\/\/jorgezanoni.com.br\/2019\/wp-content\/uploads\/2019\/07\/IMG_7003-80x60.jpg 80w, https:\/\/jorgezanoni.com.br\/2019\/wp-content\/uploads\/2019\/07\/IMG_7003-265x198.jpg 265w, https:\/\/jorgezanoni.com.br\/2019\/wp-content\/uploads\/2019\/07\/IMG_7003-696x522.jpg 696w, https:\/\/jorgezanoni.com.br\/2019\/wp-content\/uploads\/2019\/07\/IMG_7003-560x420.jpg 560w\" sizes=\"auto, (max-width: 900px) 100vw, 900px\" \/><\/p>\n<p style=\"text-align: justify;\">O local necessitava de reparos, pois estava prestes a cair, e devido a reclama\u00e7\u00e3o de moradores das imedia\u00e7\u00f5es, optou-se pela demoli\u00e7\u00e3o, pois principalmente no per\u00edodo noturno servia de abrigo para andarilhos e desocupados.<\/p>\n<p><img loading=\"lazy\" decoding=\"async\" class=\"alignnone size-full wp-image-1992\" src=\"http:\/\/jorgezanoni.com.br\/2019\/wp-content\/uploads\/2019\/07\/IMG_7005.jpg\" alt=\"\" width=\"900\" height=\"675\" srcset=\"https:\/\/jorgezanoni.com.br\/2019\/wp-content\/uploads\/2019\/07\/IMG_7005.jpg 900w, https:\/\/jorgezanoni.com.br\/2019\/wp-content\/uploads\/2019\/07\/IMG_7005-300x225.jpg 300w, https:\/\/jorgezanoni.com.br\/2019\/wp-content\/uploads\/2019\/07\/IMG_7005-768x576.jpg 768w, https:\/\/jorgezanoni.com.br\/2019\/wp-content\/uploads\/2019\/07\/IMG_7005-80x60.jpg 80w, https:\/\/jorgezanoni.com.br\/2019\/wp-content\/uploads\/2019\/07\/IMG_7005-265x198.jpg 265w, https:\/\/jorgezanoni.com.br\/2019\/wp-content\/uploads\/2019\/07\/IMG_7005-696x522.jpg 696w, https:\/\/jorgezanoni.com.br\/2019\/wp-content\/uploads\/2019\/07\/IMG_7005-560x420.jpg 560w\" sizes=\"auto, (max-width: 900px) 100vw, 900px\" \/><\/p>\n<p style=\"text-align: justify;\">A reportagem do Site JZ ouviu um senhor que fazia uso do local com sua Carro\u00e7a de Aluguel que estava insatisfeito com a decis\u00e3o e questionava se seria feito outro nas proximidades.<\/p>\n<p><img loading=\"lazy\" decoding=\"async\" class=\"alignnone size-full wp-image-1993\" src=\"http:\/\/jorgezanoni.com.br\/2019\/wp-content\/uploads\/2019\/07\/IMG_7004.jpg\" alt=\"\" width=\"900\" height=\"675\" srcset=\"https:\/\/jorgezanoni.com.br\/2019\/wp-content\/uploads\/2019\/07\/IMG_7004.jpg 900w, https:\/\/jorgezanoni.com.br\/2019\/wp-content\/uploads\/2019\/07\/IMG_7004-300x225.jpg 300w, https:\/\/jorgezanoni.com.br\/2019\/wp-content\/uploads\/2019\/07\/IMG_7004-768x576.jpg 768w, https:\/\/jorgezanoni.com.br\/2019\/wp-content\/uploads\/2019\/07\/IMG_7004-80x60.jpg 80w, https:\/\/jorgezanoni.com.br\/2019\/wp-content\/uploads\/2019\/07\/IMG_7004-265x198.jpg 265w, https:\/\/jorgezanoni.com.br\/2019\/wp-content\/uploads\/2019\/07\/IMG_7004-696x522.jpg 696w, https:\/\/jorgezanoni.com.br\/2019\/wp-content\/uploads\/2019\/07\/IMG_7004-560x420.jpg 560w\" sizes=\"auto, (max-width: 900px) 100vw, 900px\" \/><\/p>\n<p>Segundo os funcion\u00e1rios que estavam trabalhando na demoli\u00e7\u00e3o n\u00e3o h\u00e1 previs\u00e3o de se construir outra cobertura.<\/p>\n<p><img loading=\"lazy\" decoding=\"async\" class=\"alignnone size-full wp-image-1994\" src=\"http:\/\/jorgezanoni.com.br\/2019\/wp-content\/uploads\/2019\/07\/charrete.jpg\" alt=\"\" width=\"300\" height=\"199\" \/><\/p>\n<p>Jorge Zanoni<\/p>\n","protected":false},"excerpt":{"rendered":"<p>Durante o dia ontem (23), funcion\u00e1rios da Prefeitura Municipal demoliram um ponto de carro\u00e7a que tamb\u00e9m j\u00e1 abrigou charretes, na rua Martim Afonso proximidades da Esta\u00e7\u00e3o Rodovi\u00e1ria de Dracena. O local necessitava de reparos, pois estava prestes a cair, e devido a reclama\u00e7\u00e3o de moradores das imedia\u00e7\u00f5es, optou-se pela demoli\u00e7\u00e3o, pois principalmente no per\u00edodo noturno [&hellip;]<\/p>\n","protected":false},"author":1,"featured_media":1995,"comment_status":"open","ping_status":"open","sticky":false,"template":"","format":"standard","meta":{"footnotes":""},"categories":[114,110],"tags":[],"class_list":["post-1990","post","type-post","status-publish","format-standard","has-post-thumbnail","hentry","category-geralecomercio","category-noticiasdestaque"],"_links":{"self":[{"href":"https:\/\/jorgezanoni.com.br\/2019\/wp-json\/wp\/v2\/posts\/1990","targetHints":{"allow":["GET"]}}],"collection":[{"href":"https:\/\/jorgezanoni.com.br\/2019\/wp-json\/wp\/v2\/posts"}],"about":[{"href":"https:\/\/jorgezanoni.com.br\/2019\/wp-json\/wp\/v2\/types\/post"}],"author":[{"embeddable":true,"href":"https:\/\/jorgezanoni.com.br\/2019\/wp-json\/wp\/v2\/users\/1"}],"replies":[{"embeddable":true,"href":"https:\/\/jorgezanoni.com.br\/2019\/wp-json\/wp\/v2\/comments?post=1990"}],"version-history":[{"count":0,"href":"https:\/\/jorgezanoni.com.br\/2019\/wp-json\/wp\/v2\/posts\/1990\/revisions"}],"wp:featuredmedia":[{"embeddable":true,"href":"https:\/\/jorgezanoni.com.br\/2019\/wp-json\/wp\/v2\/media\/1995"}],"wp:attachment":[{"href":"https:\/\/jorgezanoni.com.br\/2019\/wp-json\/wp\/v2\/media?parent=1990"}],"wp:term":[{"taxonomy":"category","embeddable":true,"href":"https:\/\/jorgezanoni.com.br\/2019\/wp-json\/wp\/v2\/categories?post=1990"},{"taxonomy":"post_tag","embeddable":true,"href":"https:\/\/jorgezanoni.com.br\/2019\/wp-json\/wp\/v2\/tags?post=1990"}],"curies":[{"name":"wp","href":"https:\/\/api.w.org\/{rel}","templated":true}]}}