{"id":19887,"date":"2020-02-27T22:07:43","date_gmt":"2020-02-27T22:07:43","guid":{"rendered":"https:\/\/jorgezanoni.com.br\/2019\/?p=19887"},"modified":"2020-02-27T22:07:43","modified_gmt":"2020-02-27T22:07:43","slug":"carnaval-2020-alunos-do-anglo-cid-dracena-curtem-folia-com-muita-musica-e-alegria","status":"publish","type":"post","link":"https:\/\/jorgezanoni.com.br\/2019\/carnaval-2020-alunos-do-anglo-cid-dracena-curtem-folia-com-muita-musica-e-alegria\/","title":{"rendered":"Carnaval 2020: alunos do Anglo-CID Dracena curtem folia com muita m\u00fasica e alegria"},"content":{"rendered":"<p style=\"font-weight: 400; text-align: justify;\">Com alegria, criatividade e muita descontra\u00e7\u00e3o, o Col\u00e9gio Anglo-CID Dracena comemorou o carnaval 2020 na sexta-feira, dia 21 de fevereiro. A festa, uma das mais importantes da cultura popular brasileira, contou com muito brilho e m\u00fasica, al\u00e9m da participa\u00e7\u00e3o dos alunos. Os alunos conheceram as marchinhas carnavalescas, brincaram e dan\u00e7aram muito no Gin\u00e1sio Galen\u00e3o. Eul\u00e1lia Fava, diretora do Anglo-CID, explicou que os alunos vieram fantasiados e refor\u00e7ou que a atividade possibilitou trazer para os estudantes a riqueza de diversidades da data,\u00a0comemorada em todo o pa\u00eds.<\/p>\n<p><img loading=\"lazy\" decoding=\"async\" class=\"alignnone size-full wp-image-19889\" src=\"https:\/\/jorgezanoni.com.br\/2019\/wp-content\/uploads\/2020\/02\/carna1-2.jpg\" alt=\"\" width=\"800\" height=\"388\" srcset=\"https:\/\/jorgezanoni.com.br\/2019\/wp-content\/uploads\/2020\/02\/carna1-2.jpg 800w, https:\/\/jorgezanoni.com.br\/2019\/wp-content\/uploads\/2020\/02\/carna1-2-300x146.jpg 300w, https:\/\/jorgezanoni.com.br\/2019\/wp-content\/uploads\/2020\/02\/carna1-2-768x372.jpg 768w, https:\/\/jorgezanoni.com.br\/2019\/wp-content\/uploads\/2020\/02\/carna1-2-696x338.jpg 696w\" sizes=\"auto, (max-width: 800px) 100vw, 800px\" \/><\/p>\n<p style=\"font-weight: 400; text-align: justify;\">Carolina Colnago<\/p>\n<p style=\"font-weight: 400; text-align: justify;\">Assessora de Comunica\u00e7\u00e3o da Fundec &#8211; Jornalista<\/p>\n","protected":false},"excerpt":{"rendered":"<p>Com alegria, criatividade e muita descontra\u00e7\u00e3o, o Col\u00e9gio Anglo-CID Dracena comemorou o carnaval 2020 na sexta-feira, dia 21 de fevereiro. A festa, uma das mais importantes da cultura popular brasileira, contou com muito brilho e m\u00fasica, al\u00e9m da participa\u00e7\u00e3o dos alunos. Os alunos conheceram as marchinhas carnavalescas, brincaram e dan\u00e7aram muito no Gin\u00e1sio Galen\u00e3o. Eul\u00e1lia [&hellip;]<\/p>\n","protected":false},"author":1,"featured_media":19888,"comment_status":"closed","ping_status":"open","sticky":false,"template":"","format":"standard","meta":{"footnotes":""},"categories":[122],"tags":[],"class_list":["post-19887","post","type-post","status-publish","format-standard","has-post-thumbnail","hentry","category-saudeeducacaoeconcurso"],"_links":{"self":[{"href":"https:\/\/jorgezanoni.com.br\/2019\/wp-json\/wp\/v2\/posts\/19887","targetHints":{"allow":["GET"]}}],"collection":[{"href":"https:\/\/jorgezanoni.com.br\/2019\/wp-json\/wp\/v2\/posts"}],"about":[{"href":"https:\/\/jorgezanoni.com.br\/2019\/wp-json\/wp\/v2\/types\/post"}],"author":[{"embeddable":true,"href":"https:\/\/jorgezanoni.com.br\/2019\/wp-json\/wp\/v2\/users\/1"}],"replies":[{"embeddable":true,"href":"https:\/\/jorgezanoni.com.br\/2019\/wp-json\/wp\/v2\/comments?post=19887"}],"version-history":[{"count":0,"href":"https:\/\/jorgezanoni.com.br\/2019\/wp-json\/wp\/v2\/posts\/19887\/revisions"}],"wp:featuredmedia":[{"embeddable":true,"href":"https:\/\/jorgezanoni.com.br\/2019\/wp-json\/wp\/v2\/media\/19888"}],"wp:attachment":[{"href":"https:\/\/jorgezanoni.com.br\/2019\/wp-json\/wp\/v2\/media?parent=19887"}],"wp:term":[{"taxonomy":"category","embeddable":true,"href":"https:\/\/jorgezanoni.com.br\/2019\/wp-json\/wp\/v2\/categories?post=19887"},{"taxonomy":"post_tag","embeddable":true,"href":"https:\/\/jorgezanoni.com.br\/2019\/wp-json\/wp\/v2\/tags?post=19887"}],"curies":[{"name":"wp","href":"https:\/\/api.w.org\/{rel}","templated":true}]}}