{"id":19883,"date":"2020-02-27T21:55:05","date_gmt":"2020-02-27T21:55:05","guid":{"rendered":"https:\/\/jorgezanoni.com.br\/2019\/?p=19883"},"modified":"2020-02-27T21:55:05","modified_gmt":"2020-02-27T21:55:05","slug":"unifadra-realiza-avaliacoes-fisicas-dos-participantes-do-viva-a-vida","status":"publish","type":"post","link":"https:\/\/jorgezanoni.com.br\/2019\/unifadra-realiza-avaliacoes-fisicas-dos-participantes-do-viva-a-vida\/","title":{"rendered":"Unifadra realiza avalia\u00e7\u00f5es f\u00edsicas dos participantes do Viva a Vida"},"content":{"rendered":"<p style=\"font-weight: 400; text-align: justify;\">Acad\u00eamicos dos cursos de Educa\u00e7\u00e3o F\u00edsica e Enfermagem da faculdade Unifadra Dracena, sob a orienta\u00e7\u00e3o dos professores respons\u00e1veis pelo projeto Viva a Viva, realizaram diversas avalia\u00e7\u00f5es com os participantes do programa, no dia 18 de fevereiro, na Fundec. Essas avalia\u00e7\u00f5es s\u00e3o parte do cronograma de acompanhamento dos pacientes, para avaliar os resultados do primeiro semestre.<br \/>\nProgramas que promovam a pr\u00e1tica de atividade f\u00edsica t\u00eam sido uma \u00f3tima op\u00e7\u00e3o de tratamento n\u00e3o farmacol\u00f3gico, no sentido de minimizar as consequ\u00eancias naturais do envelhecimento e os riscos de doen\u00e7a cardiovascular como diabetes, hipertens\u00e3o, que atingem grande parcela da popula\u00e7\u00e3o. Nesse sentido, na tentativa de promover a pr\u00e1tica de atividade f\u00edsica e melhores condi\u00e7\u00f5es de sa\u00fade, a Prefeitura Municipal de Dracena, em parceria com a Unifadra\/Fundec, oferece o projeto Viva a Vida, que \u00e9 realizado \u00e0s ter\u00e7as e quintas-feiras em diferentes locais da cidade, no per\u00edodo matutino, sendo coordenado por professores da Unifadra e tendo como monitores os alunos dos cursos de Educa\u00e7\u00e3o F\u00edsica e Enfermagem da institui\u00e7\u00e3o.<\/p>\n<p style=\"font-weight: 400; text-align: justify;\"><img loading=\"lazy\" decoding=\"async\" class=\"alignnone size-full wp-image-19885\" src=\"https:\/\/jorgezanoni.com.br\/2019\/wp-content\/uploads\/2020\/02\/fundec1.jpg\" alt=\"\" width=\"1280\" height=\"960\" srcset=\"https:\/\/jorgezanoni.com.br\/2019\/wp-content\/uploads\/2020\/02\/fundec1.jpg 1280w, https:\/\/jorgezanoni.com.br\/2019\/wp-content\/uploads\/2020\/02\/fundec1-300x225.jpg 300w, https:\/\/jorgezanoni.com.br\/2019\/wp-content\/uploads\/2020\/02\/fundec1-768x576.jpg 768w, https:\/\/jorgezanoni.com.br\/2019\/wp-content\/uploads\/2020\/02\/fundec1-1024x768.jpg 1024w, https:\/\/jorgezanoni.com.br\/2019\/wp-content\/uploads\/2020\/02\/fundec1-80x60.jpg 80w, https:\/\/jorgezanoni.com.br\/2019\/wp-content\/uploads\/2020\/02\/fundec1-265x198.jpg 265w, https:\/\/jorgezanoni.com.br\/2019\/wp-content\/uploads\/2020\/02\/fundec1-696x522.jpg 696w, https:\/\/jorgezanoni.com.br\/2019\/wp-content\/uploads\/2020\/02\/fundec1-1068x801.jpg 1068w, https:\/\/jorgezanoni.com.br\/2019\/wp-content\/uploads\/2020\/02\/fundec1-560x420.jpg 560w\" sizes=\"auto, (max-width: 1280px) 100vw, 1280px\" \/><\/p>\n<p>Quer participar do programa?<br \/>\n\u00c9 s\u00f3 comparecer ao local das atividades mais pr\u00f3ximo da sua casa, \u00e0s ter\u00e7as ou quintas-feiras, e se cadastrar:<br \/>\nESF Jardim Jussara \u2013 das 7h \u00e0s 8h<br \/>\nCentro Social Urbano (CSU) \u2013 das 8h \u00e0s 9h<br \/>\nCentro Comunit\u00e1rio do Jardim Brasil\u00e2ndia \u2013 das 7h \u00e0s 8h<br \/>\nGin\u00e1sio de Esportes Dovilho Moura \u2013 das 7h \u00e0s 8h<\/p>\n<p>Mais informa\u00e7\u00f5es: (18) 3821-9004 \u2013 Centro de Informa\u00e7\u00f5es da Fundec<\/p>\n<p style=\"font-weight: 400; text-align: justify;\">Carolina Colnago<\/p>\n<p style=\"font-weight: 400; text-align: justify;\">Assessora de Comunica\u00e7\u00e3o da Fundec &#8211; Jornalista<\/p>\n","protected":false},"excerpt":{"rendered":"<p>Acad\u00eamicos dos cursos de Educa\u00e7\u00e3o F\u00edsica e Enfermagem da faculdade Unifadra Dracena, sob a orienta\u00e7\u00e3o dos professores respons\u00e1veis pelo projeto Viva a Viva, realizaram diversas avalia\u00e7\u00f5es com os participantes do programa, no dia 18 de fevereiro, na Fundec. Essas avalia\u00e7\u00f5es s\u00e3o parte do cronograma de acompanhamento dos pacientes, para avaliar os resultados do primeiro semestre. [&hellip;]<\/p>\n","protected":false},"author":1,"featured_media":19884,"comment_status":"closed","ping_status":"open","sticky":false,"template":"","format":"standard","meta":{"footnotes":""},"categories":[122],"tags":[],"class_list":["post-19883","post","type-post","status-publish","format-standard","has-post-thumbnail","hentry","category-saudeeducacaoeconcurso"],"_links":{"self":[{"href":"https:\/\/jorgezanoni.com.br\/2019\/wp-json\/wp\/v2\/posts\/19883","targetHints":{"allow":["GET"]}}],"collection":[{"href":"https:\/\/jorgezanoni.com.br\/2019\/wp-json\/wp\/v2\/posts"}],"about":[{"href":"https:\/\/jorgezanoni.com.br\/2019\/wp-json\/wp\/v2\/types\/post"}],"author":[{"embeddable":true,"href":"https:\/\/jorgezanoni.com.br\/2019\/wp-json\/wp\/v2\/users\/1"}],"replies":[{"embeddable":true,"href":"https:\/\/jorgezanoni.com.br\/2019\/wp-json\/wp\/v2\/comments?post=19883"}],"version-history":[{"count":0,"href":"https:\/\/jorgezanoni.com.br\/2019\/wp-json\/wp\/v2\/posts\/19883\/revisions"}],"wp:featuredmedia":[{"embeddable":true,"href":"https:\/\/jorgezanoni.com.br\/2019\/wp-json\/wp\/v2\/media\/19884"}],"wp:attachment":[{"href":"https:\/\/jorgezanoni.com.br\/2019\/wp-json\/wp\/v2\/media?parent=19883"}],"wp:term":[{"taxonomy":"category","embeddable":true,"href":"https:\/\/jorgezanoni.com.br\/2019\/wp-json\/wp\/v2\/categories?post=19883"},{"taxonomy":"post_tag","embeddable":true,"href":"https:\/\/jorgezanoni.com.br\/2019\/wp-json\/wp\/v2\/tags?post=19883"}],"curies":[{"name":"wp","href":"https:\/\/api.w.org\/{rel}","templated":true}]}}