{"id":19880,"date":"2020-02-27T21:37:59","date_gmt":"2020-02-27T21:37:59","guid":{"rendered":"https:\/\/jorgezanoni.com.br\/2019\/?p=19880"},"modified":"2020-02-27T21:37:59","modified_gmt":"2020-02-27T21:37:59","slug":"dracena-tempersul-intelli-chega-ao-parana-para-a-laranjeiras-cup","status":"publish","type":"post","link":"https:\/\/jorgezanoni.com.br\/2019\/dracena-tempersul-intelli-chega-ao-parana-para-a-laranjeiras-cup\/","title":{"rendered":"Dracena Tempersul Intelli chega ao Paran\u00e1 para a Laranjeiras Cup"},"content":{"rendered":"<p style=\"font-weight: 400; text-align: justify;\">A equipe do Dracena Tempersul Intelli viajou os mais de 600 Km que separam Dracena de Laranjeiras do Sul, no Paran\u00e1, para a disputa da Laranjeiras Cup, que vai de amanh\u00e3 (28) at\u00e9 o domingo (1\u00ba).<\/p>\n<p style=\"font-weight: 400; text-align: justify;\">Na competi\u00e7\u00e3o de pr\u00e9-temporada, a equipe comandada por Bruno Silva ter\u00e1 elenco completo e medir\u00e1 for\u00e7as com o time da casa, o Oper\u00e1rio Laranjeiras, e com dois advers\u00e1rios da Liga Nacional, o Tubar\u00e3o (SC) e o Foz Cataratas (PR).<\/p>\n<p style=\"font-weight: 400; text-align: justify;\">&#8220;Essa competi\u00e7\u00e3o servir\u00e1 para avaliarmos como foi a assimila\u00e7\u00e3o por parte dos atletas do que foi trabalhado desde o come\u00e7o da pr\u00e9-temporada&#8221;, avaliou o treinador.&#8221; Ser\u00e3o tr\u00eas jogos em dias consecutivos, o que nos dar\u00e1 oportunidade de testar v\u00e1rias situa\u00e7\u00f5es de jogo e rodar bastante o elenco&#8221;, completou.<\/p>\n<p style=\"font-weight: 400; text-align: justify;\">Al\u00e9m da Laranjeiras Cup, o Dracena Tempersul Intelli far\u00e1 um amistoso contra a CAD Guarapuava, na casa do advers\u00e1rio, na segunda-feira (02\/03), a partir das 20h.<\/p>\n<p style=\"font-weight: 400; text-align: justify;\">Fonte: Dracena Tempersul Intelli<\/p>\n<p style=\"font-weight: 400; text-align: justify;\">\n","protected":false},"excerpt":{"rendered":"<p>A equipe do Dracena Tempersul Intelli viajou os mais de 600 Km que separam Dracena de Laranjeiras do Sul, no Paran\u00e1, para a disputa da Laranjeiras Cup, que vai de amanh\u00e3 (28) at\u00e9 o domingo (1\u00ba). Na competi\u00e7\u00e3o de pr\u00e9-temporada, a equipe comandada por Bruno Silva ter\u00e1 elenco completo e medir\u00e1 for\u00e7as com o time [&hellip;]<\/p>\n","protected":false},"author":1,"featured_media":19881,"comment_status":"closed","ping_status":"open","sticky":false,"template":"","format":"standard","meta":{"footnotes":""},"categories":[111],"tags":[],"class_list":["post-19880","post","type-post","status-publish","format-standard","has-post-thumbnail","hentry","category-esporteecultura"],"_links":{"self":[{"href":"https:\/\/jorgezanoni.com.br\/2019\/wp-json\/wp\/v2\/posts\/19880","targetHints":{"allow":["GET"]}}],"collection":[{"href":"https:\/\/jorgezanoni.com.br\/2019\/wp-json\/wp\/v2\/posts"}],"about":[{"href":"https:\/\/jorgezanoni.com.br\/2019\/wp-json\/wp\/v2\/types\/post"}],"author":[{"embeddable":true,"href":"https:\/\/jorgezanoni.com.br\/2019\/wp-json\/wp\/v2\/users\/1"}],"replies":[{"embeddable":true,"href":"https:\/\/jorgezanoni.com.br\/2019\/wp-json\/wp\/v2\/comments?post=19880"}],"version-history":[{"count":0,"href":"https:\/\/jorgezanoni.com.br\/2019\/wp-json\/wp\/v2\/posts\/19880\/revisions"}],"wp:featuredmedia":[{"embeddable":true,"href":"https:\/\/jorgezanoni.com.br\/2019\/wp-json\/wp\/v2\/media\/19881"}],"wp:attachment":[{"href":"https:\/\/jorgezanoni.com.br\/2019\/wp-json\/wp\/v2\/media?parent=19880"}],"wp:term":[{"taxonomy":"category","embeddable":true,"href":"https:\/\/jorgezanoni.com.br\/2019\/wp-json\/wp\/v2\/categories?post=19880"},{"taxonomy":"post_tag","embeddable":true,"href":"https:\/\/jorgezanoni.com.br\/2019\/wp-json\/wp\/v2\/tags?post=19880"}],"curies":[{"name":"wp","href":"https:\/\/api.w.org\/{rel}","templated":true}]}}