{"id":1984,"date":"2019-07-24T23:13:24","date_gmt":"2019-07-24T23:13:24","guid":{"rendered":"http:\/\/jorgezanoni.com.br\/2019\/?p=1984"},"modified":"2019-07-24T23:13:24","modified_gmt":"2019-07-24T23:13:24","slug":"suspeitos-de-assaltar-residencia-em-irapuru-sao-detidos-pela-pm-em-presidente-prudente","status":"publish","type":"post","link":"https:\/\/jorgezanoni.com.br\/2019\/suspeitos-de-assaltar-residencia-em-irapuru-sao-detidos-pela-pm-em-presidente-prudente\/","title":{"rendered":"Suspeitos de assaltar resid\u00eancia em Irapuru s\u00e3o detidos pela PM em Presidente Prudente"},"content":{"rendered":"<h2 class=\"content-head__subtitle\"><strong>Dupla chegou a amarrar um idoso de 88 anos com fio de ferro durante o crime. Objetos subtra\u00eddos do im\u00f3vel foram recuperados.<\/strong><\/h2>\n<div class=\"mc-column content-text active-extra-styles \" data-block-type=\"unstyled\" data-block-weight=\"38\" data-block-id=\"2\">\n<p class=\"content-text__container \" data-track-category=\"Link no Texto\" data-track-links=\"\">Dois homens foram detidos pela Pol\u00edcia Militar na tarde desta quarta-feira (24), em\u00a0<a href=\"https:\/\/g1.globo.com\/sp\/presidente-prudente-regiao\/cidade\/presidente-prudente\/\">Presidente Prudente<\/a>, suspeitos de terem praticado um roubo no per\u00edodo da manh\u00e3, em\u00a0<a href=\"https:\/\/g1.globo.com\/sp\/presidente-prudente-regiao\/cidade\/irapuru\/\">Irapuru<\/a>. O crime ocorreu em uma resid\u00eancia de um casal de idosos.<\/p>\n<\/div>\n<div class=\"wall protected-content\">\n<div class=\"mc-column content-text active-extra-styles \" data-block-type=\"unstyled\" data-block-weight=\"13\" data-block-id=\"3\">\n<p class=\"content-text__container \" data-track-category=\"Link no Texto\" data-track-links=\"\">Policiais militares foram acionados para comparecer ao im\u00f3vel, onde havia ocorrido um roubo.<\/p>\n<\/div>\n<div class=\"mc-column content-text active-extra-styles \" data-block-type=\"unstyled\" data-block-weight=\"39\" data-block-id=\"4\">\n<p class=\"content-text__container \" data-track-category=\"Link no Texto\" data-track-links=\"\">No local, as v\u00edtimas, um homem de 88 anos e sua esposa de 85, declararam que estavam na cozinha tornando caf\u00e9 da manh\u00e3, por volta das 7h30, quando dois rapazes morenos, magros e de estatura alta entraram na casa.<\/p>\n<\/div>\n<div class=\"mc-column content-text active-extra-styles \" data-block-type=\"unstyled\" data-block-weight=\"26\" data-block-id=\"5\">\n<p class=\"content-text__container \" data-track-category=\"Link no Texto\" data-track-links=\"\">De imediato, eles amarraram a v\u00edtima masculina em uma cadeira com um fio de ferro e subtra\u00edram R$ 400, tr\u00eas rel\u00f3gios e dois aparelhos de televis\u00e3o.<\/p>\n<\/div>\n<div class=\"mc-column content-text active-extra-styles \" data-block-type=\"unstyled\" data-block-weight=\"16\" data-block-id=\"6\">\n<p class=\"content-text__container \" data-track-category=\"Link no Texto\" data-track-links=\"\">Com apoio de outras viaturas foi realizado patrulhamento no munic\u00edpio, mas os suspeitos n\u00e3o foram localizados.<\/p>\n<\/div>\n<div class=\"mc-column content-text active-extra-styles \" data-block-type=\"unstyled\" data-block-weight=\"24\" data-block-id=\"7\">\n<p class=\"content-text__container \" data-track-category=\"Link no Texto\" data-track-links=\"\">As informa\u00e7\u00f5es e caracter\u00edsticas dos ladr\u00f5es foram enviadas via Copom e, com isso, os policiais militares de toda a regi\u00e3o tomaram conhecimento do caso.<\/p>\n<\/div>\n<div class=\"mc-column content-text active-extra-styles \" data-block-type=\"unstyled\" data-block-weight=\"17\" data-block-id=\"8\">\n<p class=\"content-text__container \" data-track-category=\"Link no Texto\" data-track-links=\"\">Com tais informa\u00e7\u00f5es, policiais militares de Presidente Prudente conseguiram localizar os suspeitos e recuperar os produtos roubados.<\/p>\n<\/div>\n<div class=\"mc-column content-text active-extra-styles \" data-block-type=\"unstyled\" data-block-weight=\"10\" data-block-id=\"9\">\n<p class=\"content-text__container \" data-track-category=\"Link no Texto\" data-track-links=\"\">A ocorr\u00eancia foi apresentada na Delegacia Participativa da Pol\u00edcia Civil.<img loading=\"lazy\" decoding=\"async\" class=\"alignnone size-full wp-image-1985\" src=\"http:\/\/jorgezanoni.com.br\/2019\/wp-content\/uploads\/2019\/07\/irapuru1.jpeg\" alt=\"\" width=\"1000\" height=\"750\" srcset=\"https:\/\/jorgezanoni.com.br\/2019\/wp-content\/uploads\/2019\/07\/irapuru1.jpeg 1000w, https:\/\/jorgezanoni.com.br\/2019\/wp-content\/uploads\/2019\/07\/irapuru1-300x225.jpeg 300w, https:\/\/jorgezanoni.com.br\/2019\/wp-content\/uploads\/2019\/07\/irapuru1-768x576.jpeg 768w, https:\/\/jorgezanoni.com.br\/2019\/wp-content\/uploads\/2019\/07\/irapuru1-80x60.jpeg 80w, https:\/\/jorgezanoni.com.br\/2019\/wp-content\/uploads\/2019\/07\/irapuru1-265x198.jpeg 265w, https:\/\/jorgezanoni.com.br\/2019\/wp-content\/uploads\/2019\/07\/irapuru1-696x522.jpeg 696w, https:\/\/jorgezanoni.com.br\/2019\/wp-content\/uploads\/2019\/07\/irapuru1-560x420.jpeg 560w\" sizes=\"auto, (max-width: 1000px) 100vw, 1000px\" \/><\/p>\n<div class=\"mc-column content-text active-extra-styles\" data-block-type=\"raw\" data-block-weight=\"3\" data-block-id=\"12\">\n<div class=\"content-intertitle\">\n<h2>Boletim de Ocorr\u00eancia<\/h2>\n<\/div>\n<\/div>\n<div class=\"mc-column content-text active-extra-styles \" data-block-type=\"unstyled\" data-block-weight=\"40\" data-block-id=\"13\">\n<p class=\"content-text__container \" data-track-category=\"Link no Texto\" data-track-links=\"\">Segundo o Boletim de Ocorr\u00eancia, policiais encontraram o primeiro suspeito em uma rua no Parque Alvorada e se deslocaram at\u00e9 a casa do mesmo. No local, foram localizados duas televis\u00f5es e tr\u00eas rel\u00f3gios de pulso semelhantes aos subtra\u00eddos das v\u00edtimas.<\/p>\n<\/div>\n<div class=\"mc-column content-text active-extra-styles \" data-block-type=\"unstyled\" data-block-weight=\"46\" data-block-id=\"14\">\n<p class=\"content-text__container \" data-track-category=\"Link no Texto\" data-track-links=\"\">O segundo suspeito foi localizado por uma equipe de For\u00e7a T\u00e1tica em seu trabalho. A PM tamb\u00e9m se deslocou at\u00e9 a casa desse indiv\u00edduo e encontrou c\u00e9dulas de dinheiro e valores semelhantes aos subtra\u00eddos das v\u00edtimas, al\u00e9m de uma blusa utilizada no crime, segundo o boletim.<\/p>\n<\/div>\n<div class=\"mc-column content-text active-extra-styles \" data-block-type=\"unstyled\" data-block-weight=\"23\" data-block-id=\"15\">\n<p class=\"content-text__container \" data-track-category=\"Link no Texto\" data-track-links=\"\">Durante as abordagens, os indiv\u00edduos, que s\u00e3o irm\u00e3os, confessaram \u00e0 PM a pr\u00e1tica do crime e inclu\u00edram a participa\u00e7\u00e3o de uma terceira pessoa.<\/p>\n<\/div>\n<div class=\"mc-column content-text active-extra-styles \" data-block-type=\"unstyled\" data-block-weight=\"50\" data-block-id=\"16\">\n<p class=\"content-text__container \" data-track-category=\"Link no Texto\" data-track-links=\"\">Em depoimento na delegacia, um dos suspeitos negou participa\u00e7\u00e3o no roubo e disse que a pessoa que aparecia em uma filmagem se parecia com ele, mas negou que fosse o mesmo. Ele ainda alegou que seu irm\u00e3o pediu para deixar os bens em sua casa e que depois os pegaria.<\/p>\n<\/div>\n<div class=\"mc-column content-text active-extra-styles \" data-block-type=\"unstyled\" data-block-weight=\"41\" data-block-id=\"17\">\n<p class=\"content-text__container \" data-track-category=\"Link no Texto\" data-track-links=\"\">O segundo suspeito confessou o crime, disse que conheceu uma pessoa na linha f\u00e9rrea, onde fazia uso de drogas, e combinaram em fazer o roubo, mas n\u00e3o explicou como escolheu a resid\u00eancia ou as v\u00edtimas, de acordo com o documento policial.<\/p>\n<\/div>\n<div class=\"mc-column content-text active-extra-styles \" data-block-type=\"unstyled\" data-block-weight=\"52\" data-block-id=\"18\">\n<p class=\"content-text__container \" data-track-category=\"Link no Texto\" data-track-links=\"\">Ele ainda alegou que, no retorno gastou cerca de R$ 400 com combust\u00edvel para o carro no deslocamento de Irapuru para Presidente Prudente. O suspeito tamb\u00e9m disse ter guardado os produtos subtra\u00eddos na casa de seu irm\u00e3o e dispensou a participa\u00e7\u00e3o do mesmo, imputando o aux\u00edlio a uma terceira pessoa n\u00e3o identificada.<\/p>\n<\/div>\n<div data-track-category=\"multicontent\" data-track-action=\"ultimo chunk conteudo\" data-track-noninteraction=\"false\" data-track-scroll=\"view\">\n<div class=\"mc-column content-text active-extra-styles \" data-block-type=\"unstyled\" data-block-weight=\"11\" data-block-id=\"19\">\n<p class=\"content-text__container \" data-track-category=\"Link no Texto\" data-track-links=\"\">A Pol\u00edcia Civil ratificou a pris\u00e3o em flagrante dos dois suspeitos.<\/p>\n<p data-track-category=\"Link no Texto\" data-track-links=\"\">Fonte: G1<\/p>\n<\/div>\n<\/div>\n<\/div>\n<\/div>\n","protected":false},"excerpt":{"rendered":"<p>Dupla chegou a amarrar um idoso de 88 anos com fio de ferro durante o crime. Objetos subtra\u00eddos do im\u00f3vel foram recuperados. Dois homens foram detidos pela Pol\u00edcia Militar na tarde desta quarta-feira (24), em\u00a0Presidente Prudente, suspeitos de terem praticado um roubo no per\u00edodo da manh\u00e3, em\u00a0Irapuru. O crime ocorreu em uma resid\u00eancia de um [&hellip;]<\/p>\n","protected":false},"author":1,"featured_media":1986,"comment_status":"open","ping_status":"open","sticky":false,"template":"","format":"standard","meta":{"footnotes":""},"categories":[110,2],"tags":[],"class_list":["post-1984","post","type-post","status-publish","format-standard","has-post-thumbnail","hentry","category-noticiasdestaque","category-policial"],"_links":{"self":[{"href":"https:\/\/jorgezanoni.com.br\/2019\/wp-json\/wp\/v2\/posts\/1984","targetHints":{"allow":["GET"]}}],"collection":[{"href":"https:\/\/jorgezanoni.com.br\/2019\/wp-json\/wp\/v2\/posts"}],"about":[{"href":"https:\/\/jorgezanoni.com.br\/2019\/wp-json\/wp\/v2\/types\/post"}],"author":[{"embeddable":true,"href":"https:\/\/jorgezanoni.com.br\/2019\/wp-json\/wp\/v2\/users\/1"}],"replies":[{"embeddable":true,"href":"https:\/\/jorgezanoni.com.br\/2019\/wp-json\/wp\/v2\/comments?post=1984"}],"version-history":[{"count":0,"href":"https:\/\/jorgezanoni.com.br\/2019\/wp-json\/wp\/v2\/posts\/1984\/revisions"}],"wp:featuredmedia":[{"embeddable":true,"href":"https:\/\/jorgezanoni.com.br\/2019\/wp-json\/wp\/v2\/media\/1986"}],"wp:attachment":[{"href":"https:\/\/jorgezanoni.com.br\/2019\/wp-json\/wp\/v2\/media?parent=1984"}],"wp:term":[{"taxonomy":"category","embeddable":true,"href":"https:\/\/jorgezanoni.com.br\/2019\/wp-json\/wp\/v2\/categories?post=1984"},{"taxonomy":"post_tag","embeddable":true,"href":"https:\/\/jorgezanoni.com.br\/2019\/wp-json\/wp\/v2\/tags?post=1984"}],"curies":[{"name":"wp","href":"https:\/\/api.w.org\/{rel}","templated":true}]}}