{"id":19816,"date":"2020-02-26T21:53:17","date_gmt":"2020-02-26T21:53:17","guid":{"rendered":"https:\/\/jorgezanoni.com.br\/2019\/?p=19816"},"modified":"2020-02-26T21:53:17","modified_gmt":"2020-02-26T21:53:17","slug":"cnbb-lanca-campanha-da-fraternidade-2020-com-tema-fraternidade-e-vida","status":"publish","type":"post","link":"https:\/\/jorgezanoni.com.br\/2019\/cnbb-lanca-campanha-da-fraternidade-2020-com-tema-fraternidade-e-vida\/","title":{"rendered":"CNBB lan\u00e7a campanha da fraternidade 2020 com tema &#8216;Fraternidade e Vida&#8217;"},"content":{"rendered":"<h2 class=\"content-head__subtitle\" style=\"text-align: justify;\"><strong>Objetivo \u00e9 &#8216;conscientizar, \u00e0 luz da palavra de Deus&#8217;, diz texto-base. Santa Dulce dos Pobres e Papa Francisco s\u00e3o apresentados como inspira\u00e7\u00e3o de caridade.<\/strong><\/h2>\n<p><img loading=\"lazy\" decoding=\"async\" class=\"alignnone size-full wp-image-19817\" src=\"https:\/\/jorgezanoni.com.br\/2019\/wp-content\/uploads\/2020\/02\/campanha-da-fraternidade.jpg\" alt=\"\" width=\"640\" height=\"422\" srcset=\"https:\/\/jorgezanoni.com.br\/2019\/wp-content\/uploads\/2020\/02\/campanha-da-fraternidade.jpg 640w, https:\/\/jorgezanoni.com.br\/2019\/wp-content\/uploads\/2020\/02\/campanha-da-fraternidade-300x198.jpg 300w, https:\/\/jorgezanoni.com.br\/2019\/wp-content\/uploads\/2020\/02\/campanha-da-fraternidade-637x420.jpg 637w\" sizes=\"auto, (max-width: 640px) 100vw, 640px\" \/><\/p>\n<p style=\"text-align: justify;\">CNBB lan\u00e7a no DF campanha da fraternidade com tema &#8220;Fraternidade e vida&#8221; \u2014 Foto: CNBB\/Reprodu\u00e7\u00e3o<\/p>\n<div class=\"mc-column mc-side-item__container\" style=\"text-align: justify;\" data-block-type=\"ads\" data-block-id=\"1\">\n<div class=\"mc-side-item mc-side-item--right content-ads content-ads--side-ad\">A Confer\u00eancia Nacional dos Bispos do Brasil (CNBB) lan\u00e7ou, nesta quarta-feira (26), a campanha da fraternidade de 2020, com o tema &#8220;Fraternidade e Vida: dom e compromisso&#8221;. No ano passado, o foco foram as pol\u00edticas p\u00fablicas.<\/div>\n<\/div>\n<div class=\"wall protected-content\">\n<div class=\"mc-column content-text active-extra-styles \" style=\"text-align: justify;\" data-block-type=\"unstyled\" data-block-weight=\"38\" data-block-id=\"3\">\n<p class=\"content-text__container \" data-track-category=\"Link no Texto\" data-track-links=\"\">A cerim\u00f4nia de abertura ocorreu na sede da CNBB, no Setor de Embaixadas Sul.\u00a0<a href=\"https:\/\/g1.globo.com\/ba\/bahia\/irma-dulce\/\">Santa Dulce dos Pobres\u00a0<\/a>e o\u00a0<a href=\"https:\/\/g1.globo.com\/tudo-sobre\/papa-francisco\/\">Papa Francisco<\/a>\u00a0s\u00e3o apresentados como exemplos de bons samaritanos \u2013 refer\u00eancia a uma par\u00e1bola da B\u00edblia.<\/p>\n<\/div>\n<div class=\"mc-column content-text active-extra-styles\" style=\"text-align: justify;\" data-block-type=\"raw\" data-block-weight=\"27\" data-block-id=\"4\">\n<ul class=\"content-unordered-list\">\n<li><a href=\"https:\/\/g1.globo.com\/ba\/bahia\/noticia\/2019\/08\/23\/irma-dulce-e-homenageada-em-cartaz-da-campanha-da-fraternidade-de-2020.ghtml\">Irm\u00e3 Dulce \u00e9 homenageada em cartaz da Campanha da Fraternidade de 2020<\/a><\/li>\n<li><a href=\"https:\/\/g1.globo.com\/df\/distrito-federal\/noticia\/2019\/11\/05\/santa-dulce-dos-pobres-recebe-titulo-de-doutor-honoris-causa-pela-universidade-catolica-de-brasilia.ghtml\">Santa Dulce dos Pobres recebe t\u00edtulo de Doutor Honoris Causa pela Universidade Cat\u00f3lica de Bras\u00edlia<\/a><\/li>\n<\/ul>\n<\/div>\n<div class=\"mc-column content-text active-extra-styles \" style=\"text-align: justify;\" data-block-type=\"unstyled\" data-block-weight=\"44\" data-block-id=\"5\">\n<p class=\"content-text__container \" data-track-category=\"Link no Texto\" data-track-links=\"\">No lan\u00e7amento, o secret\u00e1rio-geral da Confer\u00eancia Nacional dos Bispos do Brasil (CNBB), Dom Joel Portella Amado, explicou que o principal objetivo \u00e9 &#8220;proteger a vida&#8221;. Citando n\u00fameros de viol\u00eancia no pa\u00eds, destacou o &#8220;cuidado entre as pessoas&#8221; como a principal a\u00e7\u00e3o (<strong>saiba mais abaixo<\/strong>).<\/p>\n<\/div>\n<div class=\"mc-column content-text active-extra-styles \" data-block-type=\"unstyled\" data-block-weight=\"60\" data-block-id=\"6\">\n<p class=\"content-text__container \" style=\"text-align: justify;\" data-track-category=\"Link no Texto\" data-track-links=\"\">Segundo o texto-base da campanha, o objetivo \u00e9 &#8220;conscientizar, \u00e0 luz da palavra de Deus, para o sentido da vida como dom e compromisso&#8221;. J\u00e1 com o lema &#8220;Viu, sentiu compaix\u00e3o e cuidou dele\u201d \u2013 extra\u00eddo de um vers\u00edculo b\u00edblico \u2013 a campanha quer incentivar as &#8220;rela\u00e7\u00f5es de m\u00fatuo cuidado entre as pessoas, na fam\u00edlia, na comunidade, na sociedade e no planeta&#8221;.<\/p>\n<div class=\"mc-column content-text active-extra-styles \" style=\"text-align: justify;\" data-block-type=\"unstyled\" data-block-weight=\"28\" data-block-id=\"8\">\n<p class=\"content-text__container \" data-track-category=\"Link no Texto\" data-track-links=\"\">Criada em 1962, a campanha da fraternidade \u00e9 apresentada todo ano na quarta-feira de cinzas, quando tem in\u00edcio a Quaresma, per\u00edodo de 40 dias que antecede a P\u00e1scoa.<\/p>\n<\/div>\n<div class=\"mc-column content-text active-extra-styles\" data-block-type=\"raw\" data-block-weight=\"1\" data-block-id=\"9\">\n<div class=\"content-intertitle\">\n<h2 style=\"text-align: justify;\">Homenagem<\/h2>\n<p style=\"text-align: justify;\"><img loading=\"lazy\" decoding=\"async\" class=\"alignnone size-full wp-image-19818\" src=\"https:\/\/jorgezanoni.com.br\/2019\/wp-content\/uploads\/2020\/02\/irm\u00e3-dulce.jpg\" alt=\"\" width=\"640\" height=\"426\" srcset=\"https:\/\/jorgezanoni.com.br\/2019\/wp-content\/uploads\/2020\/02\/irm\u00e3-dulce.jpg 640w, https:\/\/jorgezanoni.com.br\/2019\/wp-content\/uploads\/2020\/02\/irm\u00e3-dulce-300x200.jpg 300w, https:\/\/jorgezanoni.com.br\/2019\/wp-content\/uploads\/2020\/02\/irm\u00e3-dulce-631x420.jpg 631w\" sizes=\"auto, (max-width: 640px) 100vw, 640px\" \/><\/p>\n<div class=\"row medium-uncollapsed content-media content-photo\" style=\"text-align: justify;\" data-block-type=\"backstage-photo\" data-block-id=\"10\">\n<div class=\"mc-column content-media__container\">\n<p class=\"content-media__description \">Tape\u00e7aria com imagem da Irm\u00e3 Dulce, a Santa Dulce dos Pobres, na Pra\u00e7a de S\u00e3o Pedro, no Vaticano \u2014 Foto: Bruno Batista\/VPR<\/p>\n<\/div>\n<\/div>\n<div class=\"mc-column content-text active-extra-styles \" style=\"text-align: justify;\" data-block-type=\"unstyled\" data-block-weight=\"39\" data-block-id=\"11\">\n<p class=\"content-text__container \" data-track-category=\"Link no Texto\" data-track-links=\"\">Irm\u00e3 Dulce,\u00a0<a href=\"https:\/\/g1.globo.com\/ba\/bahia\/irma-dulce\/noticia\/2019\/10\/13\/irma-dulce-e-canonizada-pelo-papa-francisco-em-missa-no-vaticano.ghtml\">canonizada no dia 13 de outubro do ano passado<\/a>, \u00e9 homenageada na Campanha da Fraternidade de 2020 da Confer\u00eancia Nacional dos Bispos do Brasil (CNBB). Ela \u00e9 a primeira mulher nascida no Brasil a se tornar santa.<\/p>\n<\/div>\n<div class=\"mc-column content-text active-extra-styles \" data-block-type=\"unstyled\" data-block-weight=\"33\" data-block-id=\"12\">\n<p class=\"content-text__container \" style=\"text-align: justify;\" data-track-category=\"Link no Texto\" data-track-links=\"\">A sobrinha da Irm\u00e3 Dulce, Maria Rita Pontes, participou do lan\u00e7amento da campanha. Durante pronunciamento, ela destacou a trajet\u00f3ria da santa em a\u00e7\u00f5es de solidariedade com pessoas pobres e em situa\u00e7\u00e3o de vulnerabilidade.<\/p>\n<div class=\"mc-column content-text active-extra-styles \" style=\"text-align: justify;\" data-block-type=\"unstyled\" data-block-weight=\"34\" data-block-id=\"15\">\n<p class=\"content-text__container \" data-track-category=\"Link no Texto\" data-track-links=\"\">&#8220;O que n\u00f3s vamos vivenciar nessa fase da Quaresma, Irm\u00e3 Dulce vivenciou a vida inteira. Ela nunca procurou divulgar o que fazia e sim estar sempre perto daquilo que os necessitados mais precisavam&#8221;, disse.<\/p>\n<\/div>\n<div class=\"mc-column content-text active-extra-styles \" style=\"text-align: justify;\" data-block-type=\"unstyled\" data-block-weight=\"34\" data-block-id=\"16\">\n<p class=\"content-text__container \" data-track-category=\"Link no Texto\" data-track-links=\"\">Para Maria Rita, lembrar a obra de Irm\u00e3 Dulce na campanha da fraternidade deste ano &#8220;\u00e9 um ganho para toda a sociedade&#8221;. Ela afirma que a santa era &#8220;incompreendida&#8221; na gera\u00e7\u00e3o que viveu.<\/p>\n<\/div>\n<div class=\"mc-column content-text active-extra-styles \" style=\"text-align: justify;\" data-block-type=\"unstyled\" data-block-weight=\"49\" data-block-id=\"17\">\n<p class=\"content-text__container \" data-track-category=\"Link no Texto\" data-track-links=\"\">&#8220;Ela estava muito al\u00e9m do seu tempo. Hoje, ela \u00e9 atual, mas na \u00e9poca uma freira que queria evangelizar nos pres\u00eddios atrav\u00e9s da m\u00fasica, que arrombava casas para ajudar pessoas, que fazia coisas impens\u00e1veis para a \u00e9poca, acolhia pessoas de rua e prostitutas, n\u00e3o discriminava ningu\u00e9m&#8221;, pontuou ao\u00a0<strong>G1<\/strong>.<\/p>\n<\/div>\n<div class=\"mc-column content-text active-extra-styles\" style=\"text-align: justify;\" data-block-type=\"raw\" data-block-weight=\"17\" data-block-id=\"18\">\n<blockquote class=\"content-blockquote theme-border-color-primary-before\"><p>&#8220;Tudo que a gente fala hoje de valores, ela [Irm\u00e3 Dulce] j\u00e1 fazia h\u00e1 50 anos atr\u00e1s&#8221;<\/p><\/blockquote>\n<\/div>\n<div class=\"mc-column content-text active-extra-styles \" data-block-type=\"unstyled\" data-block-weight=\"26\" data-block-id=\"19\">\n<p class=\"content-text__container \" style=\"text-align: justify;\" data-track-category=\"Link no Texto\" data-track-links=\"\">No centro do cartaz de divulga\u00e7\u00e3o da campanha da fraternidade, a santa brasileira aparece junto com crian\u00e7as e idosos, nas ruas do centro hist\u00f3rico de Salvador.<\/p>\n<div class=\"mc-column content-text active-extra-styles\" style=\"text-align: justify;\" data-block-type=\"raw\" data-block-weight=\"3\" data-block-id=\"21\">\n<div class=\"content-intertitle\">\n<h2>Contra a indiferen\u00e7a<\/h2>\n<\/div>\n<\/div>\n<div class=\"mc-column content-text active-extra-styles \" style=\"text-align: justify;\" data-block-type=\"unstyled\" data-block-weight=\"27\" data-block-id=\"22\">\n<p class=\"content-text__container \" data-track-category=\"Link no Texto\" data-track-links=\"\">O secret\u00e1rio-geral da Confer\u00eancia Nacional dos Bispos do Brasil (CNBB), Dom Joel Portella Amado, destacou a vida de Irm\u00e3 Dulce como um exemplo contra a indiferen\u00e7a.<\/p>\n<\/div>\n<div class=\"mc-column content-text active-extra-styles\" style=\"text-align: justify;\" data-block-type=\"raw\" data-block-weight=\"15\" data-block-id=\"23\">\n<blockquote class=\"content-blockquote theme-border-color-primary-before\"><p>&#8220;O rem\u00e9dio para a indiferen\u00e7a e a morte \u00e9 o cuidado&#8221;, disse Dom Joel Portella.<\/p><\/blockquote>\n<\/div>\n<div class=\"content-ads content-ads--reveal\" style=\"text-align: justify;\" data-block-type=\"ads\" data-block-id=\"24\"><\/div>\n<div class=\"mc-column content-text active-extra-styles \" style=\"text-align: justify;\" data-block-type=\"unstyled\" data-block-weight=\"21\" data-block-id=\"25\">\n<p class=\"content-text__container \" data-track-category=\"Link no Texto\" data-track-links=\"\">Questionado sobre quais s\u00e3o as a\u00e7\u00f5es concretas que a igreja recomenda aos crist\u00e3os, Portella afirmou que h\u00e1 &#8220;diversos n\u00edveis de a\u00e7\u00e3o&#8221;.<\/p>\n<\/div>\n<div class=\"mc-column content-text active-extra-styles \" style=\"text-align: justify;\" data-block-type=\"unstyled\" data-block-weight=\"46\" data-block-id=\"26\">\n<p class=\"content-text__container \" data-track-category=\"Link no Texto\" data-track-links=\"\">&#8220;A primeira [a\u00e7\u00e3o] come\u00e7a em cada um: [questionar] o que eu posso fazer para me tornar um cuidador? At\u00e9 dentro de casa, at\u00e9 cuidar de si para poder cuidar dos outros. J\u00e1 em n\u00edvel de sociedade, com a\u00e7\u00f5es de natureza pol\u00edtica e ecol\u00f3gica&#8221;, afirmou.<\/p>\n<\/div>\n<div class=\"mc-column content-text active-extra-styles \" style=\"text-align: justify;\" data-block-type=\"unstyled\" data-block-weight=\"60\" data-block-id=\"27\">\n<p class=\"content-text__container \" data-track-category=\"Link no Texto\" data-track-links=\"\">A campanha da fraternidade termina no dia 5 de abril, quando a igreja cat\u00f3lica comemora o Domingo de Ramos, que antecede o domingo da P\u00e1scoa. Na ocasi\u00e3o, a igreja recolhe arrecada\u00e7\u00e3o dos fi\u00e9is. O valor \u00e9 encaminhado ao Fundo Nacional de Solidariedade, que destina 60% dos recursos na diocese de origem e 40% a projetos sociais da comunidade.<\/p>\n<\/div>\n<div class=\"mc-column content-text active-extra-styles \" style=\"text-align: justify;\" data-block-type=\"unstyled\" data-block-weight=\"19\" data-block-id=\"28\">\n<p class=\"content-text__container \" data-track-category=\"Link no Texto\" data-track-links=\"\">Em 2019, o valor que custeou a\u00e7\u00f5es sociais foi de cerca de R$ 3 milh\u00f5es, segundo a CNBB.<\/p>\n<\/div>\n<div class=\"mc-column content-text active-extra-styles\" style=\"text-align: justify;\" data-block-type=\"raw\" data-block-weight=\"2\" data-block-id=\"29\">\n<div class=\"content-intertitle\">\n<h2>Objetivos espec\u00edficos<\/h2>\n<\/div>\n<\/div>\n<div class=\"mc-column content-text active-extra-styles \" style=\"text-align: justify;\" data-block-type=\"unstyled\" data-block-weight=\"15\" data-block-id=\"30\">\n<p class=\"content-text__container \" data-track-category=\"Link no Texto\" data-track-links=\"\">Al\u00e9m do objetivo geral, a campanha da fraternidade de 2020 apresenta os seguintes objetivos espec\u00edficos:<\/p>\n<\/div>\n<div class=\"mc-column content-text active-extra-styles\" data-block-type=\"raw\" data-block-weight=\"178\" data-block-id=\"31\">\n<ul class=\"content-unordered-list\" style=\"text-align: justify;\">\n<li>Apresentar o sentido de vida proposto por Jesus nos Evangelhos;<\/li>\n<li>Propor a compaix\u00e3o, a ternura e o cuidado como exig\u00eancias fundamentais da vida para rela\u00e7\u00f5es sociais mais humanas;<\/li>\n<li>Fortalecer a cultura do encontro, da fraternidade e a revolu\u00e7\u00e3o do cuidado como caminhos de supera\u00e7\u00e3o da indiferen\u00e7a e da viol\u00eancia;<\/li>\n<li>Promover e defender a vida, desde a fecunda\u00e7\u00e3o at\u00e9 o seu fim natural, rumo \u00e0 plenitude;<\/li>\n<li>Despertar as fam\u00edlias para a beleza do amor que gera continuamente vida nova;<\/li>\n<li>Preparar os crist\u00e3os e as comunidades para anunciar, com o testemunho e as a\u00e7\u00f5es de m\u00fatuo cuidado, a vida plena do Reino de Deus;<\/li>\n<li>Criar espa\u00e7os nas comunidades para que, pelo batismo, pela crisma e pela eucaristia, todos percebam, na fraternidade, a vida como Dom e Compromisso;<\/li>\n<li>Despertar os jovens para o dom e a beleza da vida, motivando-lhes o engajamento em a\u00e7\u00f5es de cuidado m\u00fatuo, especialmente de outros jovens em situa\u00e7\u00e3o de sofrimento e desesperan\u00e7a;<\/li>\n<li>Valorizar, divulgar e fortalecer as in\u00fameras iniciativas j\u00e1 existentes em favor da vida;<\/li>\n<li>Cuidar do planeta, nossa Casa Comum, comprometendo-se com a ecologia integral.<\/li>\n<\/ul>\n<p style=\"text-align: justify;\">Fonte: https:\/\/g1.globo.com\/df\/distrito-federal\/noticia\/2020\/02\/26\/cnbb-lanca-campanha-da-fraternidade-com-tema-fraternidade-e-vida.ghtml<\/p>\n<\/div>\n<\/div>\n<\/div>\n<\/div>\n<\/div>\n<\/div>\n<\/div>\n","protected":false},"excerpt":{"rendered":"<p>Objetivo \u00e9 &#8216;conscientizar, \u00e0 luz da palavra de Deus&#8217;, diz texto-base. Santa Dulce dos Pobres e Papa Francisco s\u00e3o apresentados como inspira\u00e7\u00e3o de caridade. CNBB lan\u00e7a no DF campanha da fraternidade com tema &#8220;Fraternidade e vida&#8221; \u2014 Foto: CNBB\/Reprodu\u00e7\u00e3o A Confer\u00eancia Nacional dos Bispos do Brasil (CNBB) lan\u00e7ou, nesta quarta-feira (26), a campanha da fraternidade [&hellip;]<\/p>\n","protected":false},"author":1,"featured_media":19819,"comment_status":"closed","ping_status":"open","sticky":false,"template":"","format":"standard","meta":{"footnotes":""},"categories":[110,118],"tags":[],"class_list":["post-19816","post","type-post","status-publish","format-standard","has-post-thumbnail","hentry","category-noticiasdestaque","category-religiaoesolidariedade"],"_links":{"self":[{"href":"https:\/\/jorgezanoni.com.br\/2019\/wp-json\/wp\/v2\/posts\/19816","targetHints":{"allow":["GET"]}}],"collection":[{"href":"https:\/\/jorgezanoni.com.br\/2019\/wp-json\/wp\/v2\/posts"}],"about":[{"href":"https:\/\/jorgezanoni.com.br\/2019\/wp-json\/wp\/v2\/types\/post"}],"author":[{"embeddable":true,"href":"https:\/\/jorgezanoni.com.br\/2019\/wp-json\/wp\/v2\/users\/1"}],"replies":[{"embeddable":true,"href":"https:\/\/jorgezanoni.com.br\/2019\/wp-json\/wp\/v2\/comments?post=19816"}],"version-history":[{"count":0,"href":"https:\/\/jorgezanoni.com.br\/2019\/wp-json\/wp\/v2\/posts\/19816\/revisions"}],"wp:featuredmedia":[{"embeddable":true,"href":"https:\/\/jorgezanoni.com.br\/2019\/wp-json\/wp\/v2\/media\/19819"}],"wp:attachment":[{"href":"https:\/\/jorgezanoni.com.br\/2019\/wp-json\/wp\/v2\/media?parent=19816"}],"wp:term":[{"taxonomy":"category","embeddable":true,"href":"https:\/\/jorgezanoni.com.br\/2019\/wp-json\/wp\/v2\/categories?post=19816"},{"taxonomy":"post_tag","embeddable":true,"href":"https:\/\/jorgezanoni.com.br\/2019\/wp-json\/wp\/v2\/tags?post=19816"}],"curies":[{"name":"wp","href":"https:\/\/api.w.org\/{rel}","templated":true}]}}