{"id":19813,"date":"2020-02-26T21:22:43","date_gmt":"2020-02-26T21:22:43","guid":{"rendered":"https:\/\/jorgezanoni.com.br\/2019\/?p=19813"},"modified":"2020-02-26T21:22:43","modified_gmt":"2020-02-26T21:22:43","slug":"viradouro-vira-no-fim-e-e-campea-do-carnaval-do-rio","status":"publish","type":"post","link":"https:\/\/jorgezanoni.com.br\/2019\/viradouro-vira-no-fim-e-e-campea-do-carnaval-do-rio\/","title":{"rendered":"Viradouro vira no fim e \u00e9 campe\u00e3 do carnaval do Rio"},"content":{"rendered":"<div class=\"title\">\n<h1 class=\"content-head__title\" style=\"text-align: justify;\"><strong>Viradouro junta Rio com Bahia, faz samba com afox\u00e9 e leva &#8216;sereia&#8217; para mergulhar na Sapuca\u00ed<\/strong><\/h1>\n<\/div>\n<div class=\"medium-centered subtitle\">\n<h2 class=\"content-head__subtitle\" style=\"text-align: justify;\"><strong>Ode \u00e0 cultura popular baiana e poder feminino marcaram o desfile neste domingo (23). Escola contou hist\u00f3ria de grupo ex-escravas de Salvador que foram em busca da alforria.<\/strong><\/h2>\n<div class=\"mc-column content-text active-extra-styles \" data-block-type=\"unstyled\" data-block-weight=\"41\" data-block-id=\"2\">\n<p class=\"content-text__container \" style=\"text-align: justify;\" data-track-category=\"Link no Texto\" data-track-links=\"\">A Unidos do Viradouro levou a Bahia para a Sapuca\u00ed e fez um desfile que exaltou as mulheres negras de Salvador neste domingo (23). A escola foi a segunda a desfilar no primeiro dia do Grupo Especial do carnaval carioca.<\/p>\n<\/div>\n<div class=\"wall protected-content\">\n<div class=\"mc-column content-text active-extra-styles \" style=\"text-align: justify;\" data-block-type=\"unstyled\" data-block-weight=\"38\" data-block-id=\"3\">\n<p class=\"content-text__container \" data-track-category=\"Link no Texto\" data-track-links=\"\">O enredo &#8220;Viradouro de alma lavada&#8221; falou sobre o grupo das Ganhadeiras de Itaup\u00e3, quinta gera\u00e7\u00e3o de mulheres que lavavam roupa na Lagoa do Abaet\u00e9 e faziam outros servi\u00e7os em Salvador em busca da compra de sua alforria.<\/p>\n<\/div>\n<div class=\"mc-column content-text active-extra-styles\" style=\"text-align: justify;\" data-block-type=\"raw\" data-block-weight=\"80\" data-block-id=\"4\">\n<ul class=\"content-unordered-list\">\n<li>O samba tinha influ\u00eancia de afox\u00e9, ritmo baiano, nos batuques e na melodia.<\/li>\n<li>Na comiss\u00e3o de frente, a atleta da sele\u00e7\u00e3o brasileira de nado sincronizado\u00a0<a href=\"https:\/\/g1.globo.com\/rj\/rio-de-janeiro\/carnaval\/2020\/noticia\/2020\/02\/23\/atleta-do-nado-sincronizado-vem-como-sereia-em-aquario-gigante-na-comissao-de-frente-da-viradouro.ghtml\">Anna Giulia, vestida de sereia, dava mergulhos<\/a>\u00a0de at\u00e9 um minuto em um aqu\u00e1rio com 7 mil litros de \u00e1gua mineral, representando a Lagoa do Abaet\u00e9.<\/li>\n<li>Teve at\u00e9 cocada para o p\u00fablico. Os doces foram distribu\u00eddos ao lado das baianas, que representaram as quituteiras. As saias eram bordadas com figuras de abar\u00e1, tapioca e acaraj\u00e9.<\/li>\n<\/ul>\n<\/div>\n<div class=\"mc-column content-text active-extra-styles \" style=\"text-align: justify;\" data-block-type=\"unstyled\" data-block-weight=\"8\" data-block-id=\"5\">\n<p class=\"content-text__container \" data-track-category=\"Link no Texto\" data-track-links=\"\"><a href=\"https:\/\/g1.globo.com\/rj\/rio-de-janeiro\/carnaval\/2020\/noticia\/2020\/02\/23\/desfile-da-unidos-do-viradouro-veja-fotos.ghtml\">FOTOS: Veja como foi o desfile da Viradouro<\/a><\/p>\n<\/div>\n<div class=\"mc-column content-text active-extra-styles \" data-block-type=\"unstyled\" data-block-weight=\"7\" data-block-id=\"6\">\n<p class=\"content-text__container \" style=\"text-align: justify;\" data-track-category=\"Link no Texto\" data-track-links=\"\"><a href=\"https:\/\/g1.globo.com\/carnaval\/2020\/playlist\/carnaval-2020-viradouro.ghtml\">V\u00cdDEOS: Melhores momentos do desfile da Viradouro<\/a><\/p>\n<p style=\"text-align: justify;\" data-track-category=\"Link no Texto\" data-track-links=\"\">Fonte: https:\/\/g1.globo.com\/rj\/rio-de-janeiro\/carnaval\/2020\/noticia\/2020\/02\/23\/viradouro-junta-rio-com-bahia-faz-samba-com-afoxe-e-leva-sereia-para-mergulhar-na-sapucai.ghtml<\/p>\n<\/div>\n<\/div>\n<\/div>\n","protected":false},"excerpt":{"rendered":"<p>Viradouro junta Rio com Bahia, faz samba com afox\u00e9 e leva &#8216;sereia&#8217; para mergulhar na Sapuca\u00ed Ode \u00e0 cultura popular baiana e poder feminino marcaram o desfile neste domingo (23). Escola contou hist\u00f3ria de grupo ex-escravas de Salvador que foram em busca da alforria. A Unidos do Viradouro levou a Bahia para a Sapuca\u00ed e [&hellip;]<\/p>\n","protected":false},"author":1,"featured_media":19814,"comment_status":"closed","ping_status":"open","sticky":false,"template":"","format":"standard","meta":{"footnotes":""},"categories":[114,110],"tags":[],"class_list":["post-19813","post","type-post","status-publish","format-standard","has-post-thumbnail","hentry","category-geralecomercio","category-noticiasdestaque"],"_links":{"self":[{"href":"https:\/\/jorgezanoni.com.br\/2019\/wp-json\/wp\/v2\/posts\/19813","targetHints":{"allow":["GET"]}}],"collection":[{"href":"https:\/\/jorgezanoni.com.br\/2019\/wp-json\/wp\/v2\/posts"}],"about":[{"href":"https:\/\/jorgezanoni.com.br\/2019\/wp-json\/wp\/v2\/types\/post"}],"author":[{"embeddable":true,"href":"https:\/\/jorgezanoni.com.br\/2019\/wp-json\/wp\/v2\/users\/1"}],"replies":[{"embeddable":true,"href":"https:\/\/jorgezanoni.com.br\/2019\/wp-json\/wp\/v2\/comments?post=19813"}],"version-history":[{"count":0,"href":"https:\/\/jorgezanoni.com.br\/2019\/wp-json\/wp\/v2\/posts\/19813\/revisions"}],"wp:featuredmedia":[{"embeddable":true,"href":"https:\/\/jorgezanoni.com.br\/2019\/wp-json\/wp\/v2\/media\/19814"}],"wp:attachment":[{"href":"https:\/\/jorgezanoni.com.br\/2019\/wp-json\/wp\/v2\/media?parent=19813"}],"wp:term":[{"taxonomy":"category","embeddable":true,"href":"https:\/\/jorgezanoni.com.br\/2019\/wp-json\/wp\/v2\/categories?post=19813"},{"taxonomy":"post_tag","embeddable":true,"href":"https:\/\/jorgezanoni.com.br\/2019\/wp-json\/wp\/v2\/tags?post=19813"}],"curies":[{"name":"wp","href":"https:\/\/api.w.org\/{rel}","templated":true}]}}