{"id":19810,"date":"2020-02-26T18:26:48","date_gmt":"2020-02-26T18:26:48","guid":{"rendered":"https:\/\/jorgezanoni.com.br\/2019\/?p=19810"},"modified":"2020-02-26T18:26:48","modified_gmt":"2020-02-26T18:26:48","slug":"a-regiao-do-cenario-glocal-do-global-para-o-local","status":"publish","type":"post","link":"https:\/\/jorgezanoni.com.br\/2019\/a-regiao-do-cenario-glocal-do-global-para-o-local\/","title":{"rendered":"A regi\u00e3o do cen\u00e1rio &#8220;Glocal&#8221;:  Do Global para o local&#8230;"},"content":{"rendered":"<p style=\"text-align: justify;\"><strong>A REGI\u00c3O NO CEN\u00c1RIO &#8220;GLOCAL&#8221;: DO GLOBAL PARA O LOCAL&#8230;<\/strong><\/p>\n<p style=\"text-align: justify;\"><em>\u201cN\u00e3o \u00e9 a consci\u00eancia do homem que lhe determina o ser, mas, ao contr\u00e1rio, o seu ser social que lhe determina a consci\u00eancia.\u201d\u00a0(Karl Marx)<\/em><\/p>\n<p style=\"text-align: justify;\"><strong>S\u00e9rgio Barbosa (*)<\/strong><\/p>\n<p style=\"text-align: justify;\">N\u00e3o se pode mais ficar distante dos acontecimentos em n\u00edvel glocal, ou seja, do global para o local, portanto, a Prov\u00edncia faz parte deste cen\u00e1rio mundial de um jeito ou de outro&#8230;<\/p>\n<p style=\"text-align: justify;\">Tamb\u00e9m, quando todos os pa\u00edses est\u00e3o interligados pelos mais diversos meios em fun\u00e7\u00e3o das propostas mediadas pela denominada &#8220;p\u00f3s-globaliza\u00e7\u00e3o&#8221;, portanto, mais do que nunca prevalece \u00e0quela m\u00e1xima do dito popular tupiniquim,\u00a0 saber; &#8220;se ficar, o bicho come, se correr, o bicho pega&#8221;&#8230;<\/p>\n<p style=\"text-align: justify;\">Portanto, neste cen\u00e1rio mais do que complicadas para as institui\u00e7\u00f5es p\u00fablicas e privadas, &#8220;todo cuidado \u00e9 pouco&#8221;, assim, os\/as gestores\/as provincianos devem estar atentos \u00e0s novas propostas desta &#8220;Nova Ordem Mundial&#8221;&#8230;<\/p>\n<p style=\"text-align: justify;\">As crises s\u00e3o passageiras e est\u00e3o marcando presen\u00e7a em todos os cantos do &#8220;pa\u00eds do faz de conta&#8221;, desta forma, o cen\u00e1rio REGIONAL tem mais que continuar em estado de alerta constante para saber como dar a volta por cima dos problemas&#8230;<\/p>\n<p style=\"text-align: justify;\">A tarefa n\u00e3o \u00e9 f\u00e1cil, considerando que os desafios est\u00e3o pressionando para decis\u00f5es r\u00e1pidas e comprometidas com as exig\u00eancias nas \u00e1reas p\u00fablica e privadas, sendo que muitos\/as gestores\/as em n\u00edvel regional est\u00e3o al\u00e9m destas novas exig\u00eancias patrocinadas pelas regras do mercado&#8230;<\/p>\n<p style=\"text-align: justify;\">Existem neste cen\u00e1rio denominado de REGIOCAL, ou seja, do REGIONAL para o LOCAL, diversas op\u00e7\u00f5es para uma altera\u00e7\u00e3o nesta rota cr\u00edtica que envolve um cen\u00e1rio de &#8220;crise&#8221; ou &#8220;estagna\u00e7\u00e3o&#8221;, ou seja, as associa\u00e7\u00f5es de classe, sindicatos, clubes e outros, tamb\u00e9m, podem colaborar com ofertas de cursos, palestras e oficinas em \u00e1reas afins aos interesses das institui\u00e7\u00f5es p\u00fablica e privadas neste cen\u00e1rio regional&#8230;<\/p>\n<p style=\"text-align: justify;\">Uma outra possibilidade pode ocorrer por parte dos ve\u00edculos de m\u00eddia que desenvolvem atividades neste contexto plural, os mesmos poderiam atuar na divulga\u00e7\u00e3o de novas propostas visando \u00e0 supera\u00e7\u00e3o da &#8220;crise&#8221; e ponto quase final&#8230;<\/p>\n<p style=\"text-align: justify;\">Desta forma, entendo que \u00e9 necess\u00e1rio estar comprometido em colaborar da melhor forma poss\u00edvel com tais iniciativas, tendo em vista que a comunidade em n\u00edvel regional est\u00e1 interessada em atitudes que demonstrem &#8220;compromisso e seriedade&#8221; em meio aos desencontros com o cen\u00e1rio atual&#8230;<\/p>\n<p style=\"text-align: justify;\">Portanto, neste contexto cr\u00edtico para o Mercado em todas as \u00e1reas, pode-se registrar que o compromisso deve ser de todos em benef\u00edcio do mesmo objetivo visando o desenvolvimento sustent\u00e1vel nos setores de produtos e servi\u00e7os, tamb\u00e9m, considerando as necessidades da comunidade com suas caracter\u00edsticas espec\u00edficas e coletivas&#8230;<\/p>\n<p style=\"text-align: justify;\">Bem como, buscar alternativas visando \u00e0 racionaliza\u00e7\u00e3o dos gastos em benef\u00edcio de novos investimentos nos setores priorit\u00e1rios, tais como: sa\u00fade, educa\u00e7\u00e3o, meio ambiente, saneamento b\u00e1sico e outros&#8230;<\/p>\n<p style=\"text-align: justify;\"><em>__________________________________<\/em><\/p>\n<p style=\"text-align: justify;\"><em>(*) jornalista diplomado, professor universit\u00e1rio e consultor na \u00e1rea da gest\u00e3o organizacional.<\/em><\/p>\n<p style=\"text-align: justify;\">\n<p style=\"text-align: justify;\">\n<p style=\"text-align: justify;\">\n<p style=\"text-align: justify;\">\n<p>&nbsp;<\/p>\n<p>&nbsp;<\/p>\n<p>&nbsp;<\/p>\n<p>&nbsp;<\/p>\n<p>&nbsp;<\/p>\n<p>&nbsp;<\/p>\n","protected":false},"excerpt":{"rendered":"<p>A REGI\u00c3O NO CEN\u00c1RIO &#8220;GLOCAL&#8221;: DO GLOBAL PARA O LOCAL&#8230; \u201cN\u00e3o \u00e9 a consci\u00eancia do homem que lhe determina o ser, mas, ao contr\u00e1rio, o seu ser social que lhe determina a consci\u00eancia.\u201d\u00a0(Karl Marx) S\u00e9rgio Barbosa (*) N\u00e3o se pode mais ficar distante dos acontecimentos em n\u00edvel glocal, ou seja, do global para o local, [&hellip;]<\/p>\n","protected":false},"author":1,"featured_media":19811,"comment_status":"closed","ping_status":"open","sticky":false,"template":"","format":"standard","meta":{"footnotes":""},"categories":[175],"tags":[],"class_list":["post-19810","post","type-post","status-publish","format-standard","has-post-thumbnail","hentry","category-artigos"],"_links":{"self":[{"href":"https:\/\/jorgezanoni.com.br\/2019\/wp-json\/wp\/v2\/posts\/19810","targetHints":{"allow":["GET"]}}],"collection":[{"href":"https:\/\/jorgezanoni.com.br\/2019\/wp-json\/wp\/v2\/posts"}],"about":[{"href":"https:\/\/jorgezanoni.com.br\/2019\/wp-json\/wp\/v2\/types\/post"}],"author":[{"embeddable":true,"href":"https:\/\/jorgezanoni.com.br\/2019\/wp-json\/wp\/v2\/users\/1"}],"replies":[{"embeddable":true,"href":"https:\/\/jorgezanoni.com.br\/2019\/wp-json\/wp\/v2\/comments?post=19810"}],"version-history":[{"count":0,"href":"https:\/\/jorgezanoni.com.br\/2019\/wp-json\/wp\/v2\/posts\/19810\/revisions"}],"wp:featuredmedia":[{"embeddable":true,"href":"https:\/\/jorgezanoni.com.br\/2019\/wp-json\/wp\/v2\/media\/19811"}],"wp:attachment":[{"href":"https:\/\/jorgezanoni.com.br\/2019\/wp-json\/wp\/v2\/media?parent=19810"}],"wp:term":[{"taxonomy":"category","embeddable":true,"href":"https:\/\/jorgezanoni.com.br\/2019\/wp-json\/wp\/v2\/categories?post=19810"},{"taxonomy":"post_tag","embeddable":true,"href":"https:\/\/jorgezanoni.com.br\/2019\/wp-json\/wp\/v2\/tags?post=19810"}],"curies":[{"name":"wp","href":"https:\/\/api.w.org\/{rel}","templated":true}]}}