{"id":1981,"date":"2019-07-24T22:53:00","date_gmt":"2019-07-24T22:53:00","guid":{"rendered":"http:\/\/jorgezanoni.com.br\/2019\/?p=1981"},"modified":"2019-07-24T22:54:46","modified_gmt":"2019-07-24T22:54:46","slug":"defesa-civil-inaugura-obras-de-recuperacao-da-ponte-sobre-o-corrego-cangucu-em-sagres","status":"publish","type":"post","link":"https:\/\/jorgezanoni.com.br\/2019\/defesa-civil-inaugura-obras-de-recuperacao-da-ponte-sobre-o-corrego-cangucu-em-sagres\/","title":{"rendered":"Defesa Civil inaugura obras de recupera\u00e7\u00e3o da ponte sobre o C\u00f3rrego Cangu\u00e7u em Sagres"},"content":{"rendered":"<p>A Coordenadoria Estadual de Prote\u00e7\u00e3o e Defesa Civil (Cepdec\/SP) inaugurou nesta quarta-feira (24) obras de recupera\u00e7\u00e3o no munic\u00edpio de Sagres. Nas ocasi\u00e3o foram realizadas assinaturas de conv\u00eanios para os munic\u00edpios de Ara\u00e7atuba, Bilac e Piacatu. A obra \u00e9 fruto de conv\u00eanio com a Defesa Civil Estadual e representa um investimento quase R$500 mil.<\/p>\n<p>A cerim\u00f4nia contou com a presen\u00e7a do Secret\u00e1rio-Chefe da Casa Militar e Coordenador de Estado de Prote\u00e7\u00e3o e Defesa Civil, Coronel PM Walter Nyakas Junior,Prof. Torturello (Xyk\u00e3o) diretor regional do escrit\u00f3rio da SDR de Presidente Prudente representando o Secret\u00e1rio de Desenvolvimento Regional Marco Vinholi bem como o prefeito de Sagres, Ricardo Rived Garcia e de diversas outras autoridades regionais.<\/p>\n<p>Em Sagres foi inaugurada a \u201cPonte sobre o C\u00f3rrego Cangu\u00e7u\u201d, hoje (24), com investimento de R$445.677,20. Na ocasi\u00e3o, ocorreram as assinaturas de conv\u00eanios para os munic\u00edpios de Ara\u00e7atuba, Bilac e Piacatu, com a presen\u00e7a dos respectivos prefeitos.<\/p>\n<p>&#8220;Ainda me lembro que com apenas 27 dias de mandato n\u00f3s de Sagres enfrentamos chuvas que levaram a cabeceira da ponte e no mesmo dia nossos funcion\u00e1rios foram auxiliar a Pol\u00edcia Militar e o Corpo de Bombeiros na retirada de dois ve\u00edculos que ficaram presos no aterro danificado, uma caminhonete e um carro. Imediatamente solicitamos apoio do Governo do Estado e do Governo Federal. Conseguimos parte dos recursos para uma obra emergencial, mas desde ent\u00e3o o Deputado Estadual Mauro Bragato e o Governo do Estado foi parceiro com a libera\u00e7\u00e3o de recursos, cuja obra foi conclu\u00edda nos \u00faltimos dias&#8221;, disse Ricardo Rived Garcia ao mencionar que agora est\u00e1 restabelecida liga\u00e7\u00e3o entre Sagres e In\u00fabia Paulista.<\/p>\n<p>O prefeito lembrou a import\u00e2ncia da obra como liga\u00e7\u00e3o entre as regi\u00f5es de Dracena e Adamantina com a SP-425, que vai at\u00e9 Presidente Prudente e outras rodovias que levam ao Paran\u00e1, Mato Grosso do Sul, entre outros.<\/p>\n<p>O Secret\u00e1rio-Chefe da Casa Militar e Coordenador de Estado de Prote\u00e7\u00e3o e Defesa Civil, Coronel PM Walter Nyakas Junior, lembrou que o Governador Jo\u00e3o D\u00f3ria priorizou a libera\u00e7\u00e3o de recursos para obras emergenciais no come\u00e7o do ano. &#8220;J\u00e1 nos primeiros meses de mandato o Governador Jo\u00e3o D\u00f3ria viveu uma situa\u00e7\u00e3o at\u00edpica: chuvas que perduraram at\u00e9 mar\u00e7o, o que causou uma demanda por recursos grande no interior. As regi\u00f5es onde h\u00e1 extensas \u00e1reas agr\u00edcolas e onde as pontes s\u00e3o fundamentais para acesso \u00e0s resid\u00eancias e locais de trabalho foram danificadas em maior n\u00famero do que anteriormente. Mesmo assim o Governador D\u00f3ria destinou \u00e0 Defesa Civil as primeiras verbas de sua gest\u00e3o, por se tratarem de quest\u00f5es emergenciais&#8221;, completou o Coronel Nyakas.<\/p>\n<p>Fonte: Assessoria de Imprensa_Prefeitura de Sagres<\/p>\n","protected":false},"excerpt":{"rendered":"<p>A Coordenadoria Estadual de Prote\u00e7\u00e3o e Defesa Civil (Cepdec\/SP) inaugurou nesta quarta-feira (24) obras de recupera\u00e7\u00e3o no munic\u00edpio de Sagres. Nas ocasi\u00e3o foram realizadas assinaturas de conv\u00eanios para os munic\u00edpios de Ara\u00e7atuba, Bilac e Piacatu. A obra \u00e9 fruto de conv\u00eanio com a Defesa Civil Estadual e representa um investimento quase R$500 mil. A cerim\u00f4nia [&hellip;]<\/p>\n","protected":false},"author":1,"featured_media":1982,"comment_status":"open","ping_status":"open","sticky":false,"template":"","format":"standard","meta":{"footnotes":""},"categories":[110,116],"tags":[],"class_list":["post-1981","post","type-post","status-publish","format-standard","has-post-thumbnail","hentry","category-noticiasdestaque","category-politicaeeconomia"],"_links":{"self":[{"href":"https:\/\/jorgezanoni.com.br\/2019\/wp-json\/wp\/v2\/posts\/1981","targetHints":{"allow":["GET"]}}],"collection":[{"href":"https:\/\/jorgezanoni.com.br\/2019\/wp-json\/wp\/v2\/posts"}],"about":[{"href":"https:\/\/jorgezanoni.com.br\/2019\/wp-json\/wp\/v2\/types\/post"}],"author":[{"embeddable":true,"href":"https:\/\/jorgezanoni.com.br\/2019\/wp-json\/wp\/v2\/users\/1"}],"replies":[{"embeddable":true,"href":"https:\/\/jorgezanoni.com.br\/2019\/wp-json\/wp\/v2\/comments?post=1981"}],"version-history":[{"count":0,"href":"https:\/\/jorgezanoni.com.br\/2019\/wp-json\/wp\/v2\/posts\/1981\/revisions"}],"wp:featuredmedia":[{"embeddable":true,"href":"https:\/\/jorgezanoni.com.br\/2019\/wp-json\/wp\/v2\/media\/1982"}],"wp:attachment":[{"href":"https:\/\/jorgezanoni.com.br\/2019\/wp-json\/wp\/v2\/media?parent=1981"}],"wp:term":[{"taxonomy":"category","embeddable":true,"href":"https:\/\/jorgezanoni.com.br\/2019\/wp-json\/wp\/v2\/categories?post=1981"},{"taxonomy":"post_tag","embeddable":true,"href":"https:\/\/jorgezanoni.com.br\/2019\/wp-json\/wp\/v2\/tags?post=1981"}],"curies":[{"name":"wp","href":"https:\/\/api.w.org\/{rel}","templated":true}]}}