{"id":19790,"date":"2020-02-26T17:40:46","date_gmt":"2020-02-26T17:40:46","guid":{"rendered":"https:\/\/jorgezanoni.com.br\/2019\/?p=19790"},"modified":"2020-02-26T17:40:46","modified_gmt":"2020-02-26T17:40:46","slug":"oportunidades-para-concursos-publicos-e-processos-seletivos-estao-disponiveis-em-sete-cidades-do-oeste-paulista","status":"publish","type":"post","link":"https:\/\/jorgezanoni.com.br\/2019\/oportunidades-para-concursos-publicos-e-processos-seletivos-estao-disponiveis-em-sete-cidades-do-oeste-paulista\/","title":{"rendered":"Oportunidades para concursos p\u00fablicos e processos seletivos est\u00e3o dispon\u00edveis em sete cidades do Oeste Paulista"},"content":{"rendered":"<h2 class=\"content-head__subtitle\" style=\"text-align: justify;\"><strong>Inscri\u00e7\u00f5es para as vagas podem ser feitas pela internet. Remunera\u00e7\u00e3o chega a R$ 8.842,28.<\/strong><\/h2>\n<div class=\"mc-column content-text active-extra-styles \" data-block-type=\"unstyled\" data-block-weight=\"30\" data-block-id=\"2\">\n<p class=\"content-text__container \" style=\"text-align: justify;\" data-track-category=\"Link no Texto\" data-track-links=\"\">Cidades do Oeste Paulista est\u00e3o com vagas abertas para concursos p\u00fablicos e processos seletivos. As oportunidades podem atingir remunera\u00e7\u00e3o de at\u00e9 R$ 8.842,28, dependendo da vaga escolhida pelo interessado.<\/p>\n<\/div>\n<div class=\"wall protected-content\">\n<div class=\"mc-column content-text active-extra-styles \" style=\"text-align: justify;\" data-block-type=\"unstyled\" data-block-weight=\"4\" data-block-id=\"3\">\n<p class=\"content-text__container \" data-track-category=\"Link no Texto\" data-track-links=\"\">Confira as oportunidades dispon\u00edveis:<\/p>\n<\/div>\n<div class=\"mc-column content-text active-extra-styles\" style=\"text-align: justify;\" data-block-type=\"raw\" data-block-weight=\"1\" data-block-id=\"4\">\n<div class=\"content-intertitle\">\n<h2>Dracena<\/h2>\n<\/div>\n<\/div>\n<div class=\"mc-column content-text active-extra-styles \" style=\"text-align: justify;\" data-block-type=\"unstyled\" data-block-weight=\"28\" data-block-id=\"5\">\n<p class=\"content-text__container \" data-track-category=\"Link no Texto\" data-track-links=\"\">A Universidade do Estado de S\u00e3o Paulo (Unesp) anunciou a prorroga\u00e7\u00e3o das inscri\u00e7\u00f5es para o concurso p\u00fablico que contratar\u00e1 um professor assistente, titula\u00e7\u00e3o m\u00ednima de doutor, em\u00a0<a href=\"https:\/\/g1.globo.com\/sp\/presidente-prudente-regiao\/cidade\/dracena\/\">Dracena<\/a>.<\/p>\n<\/div>\n<div class=\"mc-column content-text active-extra-styles \" style=\"text-align: justify;\" data-block-type=\"unstyled\" data-block-weight=\"20\" data-block-id=\"6\">\n<p class=\"content-text__container \" data-track-category=\"Link no Texto\" data-track-links=\"\">De acordo com o\u00a0<a href=\"https:\/\/inscricoes.unesp.br\/publico\/498503aa7311b95dde1612d9418cedd1.pdf\" target=\"_blank\" rel=\"noopener noreferrer\">edital<\/a>, o per\u00edodo de inscri\u00e7\u00e3o foi prorrogado at\u00e9 o dia 28 de fevereiro, pela\u00a0<a href=\"https:\/\/inscricoes.unesp.br\/inscricao\/concurso\/formulario\" target=\"_blank\" rel=\"noopener noreferrer\">internet<\/a>.<\/p>\n<\/div>\n<div class=\"mc-column content-text active-extra-styles \" style=\"text-align: justify;\" data-block-type=\"unstyled\" data-block-weight=\"20\" data-block-id=\"7\">\n<p class=\"content-text__container \" data-track-category=\"Link no Texto\" data-track-links=\"\">O candidato escolhido ir\u00e1 ministrar aulas nas disciplinas de agronomia: fitotecnia e bot\u00e2nica: morfologia vegetal, em 24 horas semanais.<\/p>\n<\/div>\n<div class=\"mc-column content-text active-extra-styles \" style=\"text-align: justify;\" data-block-type=\"unstyled\" data-block-weight=\"9\" data-block-id=\"8\">\n<p class=\"content-text__container \" data-track-category=\"Link no Texto\" data-track-links=\"\">A remunera\u00e7\u00e3o varia de R$ 4.626,85 a R$ 5.516,13.<\/p>\n<\/div>\n<div class=\"mc-column content-text active-extra-styles\" style=\"text-align: justify;\" data-block-type=\"raw\" data-block-weight=\"2\" data-block-id=\"9\">\n<div class=\"content-intertitle\">\n<h2>Fl\u00f3rida Paulista<\/h2>\n<\/div>\n<\/div>\n<div class=\"mc-column content-text active-extra-styles \" style=\"text-align: justify;\" data-block-type=\"unstyled\" data-block-weight=\"24\" data-block-id=\"10\">\n<p class=\"content-text__container \" data-track-category=\"Link no Texto\" data-track-links=\"\">A Prefeitura da\u00a0<a href=\"https:\/\/g1.globo.com\/sp\/presidente-prudente-regiao\/cidade\/florida-paulista\/\">Fl\u00f3rida Paulista<\/a>\u00a0abriu vagas para concurso p\u00fablico e processo seletivo, que visam a contrata\u00e7\u00e3o de profissionais e forma\u00e7\u00e3o de cadastro reserva.<\/p>\n<\/div>\n<div class=\"mc-column content-text active-extra-styles \" style=\"text-align: justify;\" data-block-type=\"unstyled\" data-block-weight=\"28\" data-block-id=\"11\">\n<p class=\"content-text__container \" data-track-category=\"Link no Texto\" data-track-links=\"\">As vagas dispon\u00edveis para o concurso p\u00fablico s\u00e3o de ajudante geral, mec\u00e2nico, motorista, pedreiro, auxiliar de desenvolvimento infantil, coordenador de creche e do Cr\u00e1s e m\u00e9dico cl\u00ednico geral<\/p>\n<\/div>\n<div class=\"mc-column content-text active-extra-styles \" style=\"text-align: justify;\" data-block-type=\"unstyled\" data-block-weight=\"26\" data-block-id=\"12\">\n<p class=\"content-text__container \" data-track-category=\"Link no Texto\" data-track-links=\"\">De acordo com o\u00a0<a href=\"http:\/\/www.cscconsultoria.com.br\/uploads\/editaldeaberturan012020concursop_blicon012020fl_ridapaulista.pdf\" target=\"_blank\" rel=\"noopener noreferrer\">edital<\/a>, o candidato dever\u00e1 exercer suas fun\u00e7\u00f5es de 10 a 40 horas semanais. A remunera\u00e7\u00e3o varia de R$ 971,79 a R$ 2.919,29.<\/p>\n<\/div>\n<div class=\"mc-column content-text active-extra-styles \" style=\"text-align: justify;\" data-block-type=\"unstyled\" data-block-weight=\"13\" data-block-id=\"13\">\n<p class=\"content-text__container \" data-track-category=\"Link no Texto\" data-track-links=\"\">As inscri\u00e7\u00f5es devem ser feitas at\u00e9 o dia 4 de mar\u00e7o no\u00a0<a href=\"http:\/\/www.cscconsultoria.com.br\/inscrever.php?CodEvento=209\" target=\"_blank\" rel=\"noopener noreferrer\">site<\/a>.<\/p>\n<\/div>\n<div class=\"content-ads content-ads--reveal\" style=\"text-align: justify;\" data-block-type=\"ads\" data-block-id=\"14\"><\/div>\n<div class=\"mc-column content-text active-extra-styles \" style=\"text-align: justify;\" data-block-type=\"unstyled\" data-block-weight=\"37\" data-block-id=\"15\">\n<p class=\"content-text__container \" data-track-category=\"Link no Texto\" data-track-links=\"\">Para o processo seletivo, a Prefeitura disponibilizou oportunidades nos seguintes cargos: educador social, fiscal de com\u00e9rcio, monitor de transporte escolar, professor &#8211; educa\u00e7\u00e3o b\u00e1sica, professor de PEB II &#8211; ingl\u00eas e professor de PEB &#8211; educa\u00e7\u00e3o f\u00edsica.<\/p>\n<\/div>\n<div class=\"mc-column content-text active-extra-styles \" style=\"text-align: justify;\" data-block-type=\"unstyled\" data-block-weight=\"25\" data-block-id=\"16\">\n<p class=\"content-text__container \" data-track-category=\"Link no Texto\" data-track-links=\"\">A jornada de trabalho, conforme o\u00a0<a href=\"http:\/\/www.cscconsultoria.com.br\/uploads\/editaldeaberturan012020processoseletivosimplificadon012020fl_ridapaulista.pdf\" target=\"_blank\" rel=\"noopener noreferrer\">edital<\/a>, ser\u00e1 de 30 a 40 horas semanais e o sal\u00e1rio varia de R$ 10,97 hora-aula a R$ 2.023,21.<\/p>\n<\/div>\n<div class=\"mc-column content-text active-extra-styles \" style=\"text-align: justify;\" data-block-type=\"unstyled\" data-block-weight=\"13\" data-block-id=\"17\">\n<p class=\"content-text__container \" data-track-category=\"Link no Texto\" data-track-links=\"\">O interessado deve se inscrever pela<a href=\"http:\/\/www.cscconsultoria.com.br\/inscrever.php?CodEvento=210\" target=\"_blank\" rel=\"noopener noreferrer\">\u00a0internet<\/a>\u00a0at\u00e9 o dia 4 de mar\u00e7o.<\/p>\n<\/div>\n<div class=\"mc-column content-text active-extra-styles\" style=\"text-align: justify;\" data-block-type=\"raw\" data-block-weight=\"2\" data-block-id=\"18\">\n<div class=\"content-intertitle\">\n<h2>In\u00fabia Paulista<\/h2>\n<\/div>\n<\/div>\n<div class=\"mc-column content-text active-extra-styles \" style=\"text-align: justify;\" data-block-type=\"unstyled\" data-block-weight=\"16\" data-block-id=\"19\">\n<p class=\"content-text__container \" data-track-category=\"Link no Texto\" data-track-links=\"\">A Prefeitura de\u00a0<a href=\"https:\/\/g1.globo.com\/sp\/presidente-prudente-regiao\/cidade\/inubia-paulista\/\">In\u00fabia Paulista<\/a>\u00a0abriu vagas para processo seletivo de n\u00edvel fundamental e superior.<\/p>\n<\/div>\n<div class=\"mc-column content-text active-extra-styles \" style=\"text-align: justify;\" data-block-type=\"unstyled\" data-block-weight=\"27\" data-block-id=\"20\">\n<p class=\"content-text__container \" data-track-category=\"Link no Texto\" data-track-links=\"\">As oportunidades, de acordo com o\u00a0<a href=\"https:\/\/www.consesp.com.br\/imagens_arquivos\/concursos\/arquivos\/3442_inubiapaulista0022020processo.pdf\" target=\"_blank\" rel=\"noopener noreferrer\">edital<\/a>, s\u00e3o para cadastro reserva nos cargos de auxiliar de enfermagem, enfermeiro de PSF, motorista II e professor de inform\u00e1tica.<\/p>\n<\/div>\n<div class=\"mc-column content-text active-extra-styles \" style=\"text-align: justify;\" data-block-type=\"unstyled\" data-block-weight=\"9\" data-block-id=\"21\">\n<p class=\"content-text__container \" data-track-category=\"Link no Texto\" data-track-links=\"\">A remunera\u00e7\u00e3o varia de R$ 1.224,52 a R$ 2.521,04<\/p>\n<\/div>\n<div class=\"mc-column content-text active-extra-styles \" style=\"text-align: justify;\" data-block-type=\"unstyled\" data-block-weight=\"13\" data-block-id=\"22\">\n<p class=\"content-text__container \" data-track-category=\"Link no Texto\" data-track-links=\"\">As inscri\u00e7\u00f5es podem ser feitas pelo\u00a0<a href=\"https:\/\/www.consesp.com.br\/site\/index.php?pg=concursos\/inscrevasev&amp;cod_concurso=3442\" target=\"_blank\" rel=\"noopener noreferrer\">site<\/a>\u00a0at\u00e9 o dia 1\u00ba de mar\u00e7o.<\/p>\n<\/div>\n<div class=\"mc-column content-text active-extra-styles\" style=\"text-align: justify;\" data-block-type=\"raw\" data-block-weight=\"7\" data-block-id=\"23\">\n<div class=\"content-intertitle\">\n<h2>Minist\u00e9rio P\u00fablico do Estado de S\u00e3o Paulo<\/h2>\n<\/div>\n<\/div>\n<div class=\"mc-column content-text active-extra-styles \" style=\"text-align: justify;\" data-block-type=\"unstyled\" data-block-weight=\"21\" data-block-id=\"24\">\n<p class=\"content-text__container \" data-track-category=\"Link no Texto\" data-track-links=\"\">O Minist\u00e9rio P\u00fablico do Estado de S\u00e3o Paulo (MPE- SP) abre novo processo seletivo para preenchimento de vagas para estagi\u00e1rios.<\/p>\n<\/div>\n<div class=\"mc-column content-text active-extra-styles \" style=\"text-align: justify;\" data-block-type=\"unstyled\" data-block-weight=\"18\" data-block-id=\"25\">\n<p class=\"content-text__container \" data-track-category=\"Link no Texto\" data-track-links=\"\">Conforme o\u00a0<a href=\"https:\/\/cieecdnportal.s3.amazonaws.com\/media\/2020\/02\/200220-MPSP-EDITAL.pdf\" target=\"_blank\" rel=\"noopener noreferrer\">edital<\/a>, o objetivo \u00e9 o preenchimento de 208 vagas, sendo 161 para o ensino m\u00e9dio.<\/p>\n<\/div>\n<div class=\"mc-column content-text active-extra-styles \" style=\"text-align: justify;\" data-block-type=\"unstyled\" data-block-weight=\"96\" data-block-id=\"26\">\n<p class=\"content-text__container \" data-track-category=\"Link no Texto\" data-track-links=\"\">Ainda est\u00e3o dispon\u00edveis oportunidades para o ensino superior, nos cursos de: administra\u00e7\u00e3o de empresas (6), arquitetura e urbanismo (5), biblioteconomia (1), biologia (2), ci\u00eancias cont\u00e1beis (3), ci\u00eancias econ\u00f4micas (1), comunica\u00e7\u00e3o social &#8211; r\u00e1dio e TV (1), engenharia agron\u00f4mica (2), engenharia ambiental (4), engenharia civil (4), engenharia el\u00e9trica (2), engenharia florestal (1), engenharia mec\u00e2nica (1), fonoaudiologia (2), geologia (1), gerontologia (1), inform\u00e1tica (2), pedagogia (1), psicologia (1), servi\u00e7o social (3), t\u00e9cnico em manuten\u00e7\u00e3o el\u00e9trica ou t\u00e9cnico em instala\u00e7\u00f5es el\u00e9tricas (1); t\u00e9cnico mobili\u00e1rio ou t\u00e9cnico em movelaria (1) e t\u00e9cnico em soldagem ou t\u00e9cnico especial em soldagem (1).<\/p>\n<\/div>\n<div class=\"mc-column content-text active-extra-styles \" style=\"text-align: justify;\" data-block-type=\"unstyled\" data-block-weight=\"13\" data-block-id=\"27\">\n<p class=\"content-text__container \" data-track-category=\"Link no Texto\" data-track-links=\"\">As inscri\u00e7\u00f5es podem ser realizadas at\u00e9 o dia 8 de mar\u00e7o, na\u00a0<a href=\"http:\/\/www.estudantes.ciee.org.br\/PORTAL\/estudantes\/pe\/mpsp_200220\/login.asp\" target=\"_blank\" rel=\"noopener noreferrer\">internet<\/a>.<\/p>\n<\/div>\n<div class=\"mc-column content-text active-extra-styles\" style=\"text-align: justify;\" data-block-type=\"raw\" data-block-weight=\"1\" data-block-id=\"28\">\n<div class=\"content-intertitle\">\n<h2>Paulic\u00e9ia<\/h2>\n<\/div>\n<\/div>\n<div class=\"mc-column content-text active-extra-styles \" style=\"text-align: justify;\" data-block-type=\"unstyled\" data-block-weight=\"11\" data-block-id=\"29\">\n<p class=\"content-text__container \" data-track-category=\"Link no Texto\" data-track-links=\"\">A Prefeitura de\u00a0<a href=\"https:\/\/g1.globo.com\/sp\/presidente-prudente-regiao\/cidade\/pauliceia\/\">Paulic\u00e9ia<\/a>\u00a0anunciou a abertura de concurso p\u00fablico.<\/p>\n<\/div>\n<div class=\"content-ads content-ads--reveal\" style=\"text-align: justify;\" data-block-type=\"ads\" data-block-id=\"30\"><\/div>\n<div class=\"mc-column content-text active-extra-styles \" style=\"text-align: justify;\" data-block-type=\"unstyled\" data-block-weight=\"92\" data-block-id=\"31\">\n<p class=\"content-text__container \" data-track-category=\"Link no Texto\" data-track-links=\"\">As vagas dispon\u00edveis, de acordo com o\u00a0<a href=\"https:\/\/www.aplicativagestao.com.br\/Projetos\/abrir-link.aspx?id=scCOa4shsyk=\" target=\"_blank\" rel=\"noopener noreferrer\">edital<\/a>, s\u00e3o: auxiliar de agente administrativo, auxiliar de enfermagem, encanador, mec\u00e2nico operador de m\u00e1quinas e motoniveladora, pintor, servi\u00e7os gerais I (1), tratorista, agente administrativo, almoxarife, auxiliar de cirurgi\u00e3o dentista (1), desenhista, fiscal do com\u00e9rcio, instrutor de banda musical, porteiro, secret\u00e1rio da junta de servi\u00e7os militar, secret\u00e1rio de escola, t\u00e9cnico agr\u00edcola, t\u00e9cnico em enfermagem (1), t\u00e9cnico em pecu\u00e1ria, top\u00f3grafo, assistente social (1), bibliotec\u00e1rio (1), dentista, m\u00e9dico cl\u00ednico geral (1), m\u00e9dico veterin\u00e1rio, nutricionista, professor I &#8211; educa\u00e7\u00e3o infantil\/creche e pr\u00e9-escola e professor III Atendimento Educa\u00e7\u00e3o Especializado (AEE).<\/p>\n<\/div>\n<div class=\"mc-column content-text active-extra-styles \" style=\"text-align: justify;\" data-block-type=\"unstyled\" data-block-weight=\"26\" data-block-id=\"32\">\n<p class=\"content-text__container \" data-track-category=\"Link no Texto\" data-track-links=\"\">Ao ser contratado, o servidor deve exercer fun\u00e7\u00f5es em regime de 15 a 40 horas semanais, remunerado mensalmente no valor entre R$ 694,97 a R$ 4.020,51.<\/p>\n<\/div>\n<div class=\"mc-column content-text active-extra-styles \" style=\"text-align: justify;\" data-block-type=\"unstyled\" data-block-weight=\"13\" data-block-id=\"33\">\n<p class=\"content-text__container \" data-track-category=\"Link no Texto\" data-track-links=\"\">Os interessados devem efetuar inscri\u00e7\u00f5es at\u00e9 o dia 12 de mar\u00e7o, pela\u00a0<a href=\"https:\/\/www.aplicativagestao.com.br\/Painel\/Login.aspx?ReturnUrl=%2fProjetos%2finscricao%2fDadosInscricao.aspx%3fid%3dM5Q%2f11%2fu2PI%3d&amp;id=M5Q\/11\/u2PI=\" target=\"_blank\" rel=\"noopener noreferrer\">internet<\/a>.<\/p>\n<\/div>\n<div class=\"mc-column content-text active-extra-styles\" style=\"text-align: justify;\" data-block-type=\"raw\" data-block-weight=\"2\" data-block-id=\"34\">\n<div class=\"content-intertitle\">\n<h2>Presidente Prudente<\/h2>\n<\/div>\n<\/div>\n<div class=\"mc-column content-text active-extra-styles \" style=\"text-align: justify;\" data-block-type=\"unstyled\" data-block-weight=\"15\" data-block-id=\"35\">\n<p class=\"content-text__container \" data-track-category=\"Link no Texto\" data-track-links=\"\">Em\u00a0<a href=\"https:\/\/g1.globo.com\/sp\/presidente-prudente-regiao\/cidade\/presidente-prudente\/\">Presidente Prudente<\/a>, o Conselho de Arquitetura e Urbanismo (CAU) abriu vaga para concurso p\u00fablico.<\/p>\n<\/div>\n<div class=\"mc-column content-text active-extra-styles \" style=\"text-align: justify;\" data-block-type=\"unstyled\" data-block-weight=\"21\" data-block-id=\"36\">\n<p class=\"content-text__container \" data-track-category=\"Link no Texto\" data-track-links=\"\">Segundo o\u00a0<a href=\"https:\/\/documento.vunesp.com.br\/documento\/stream\/MTUwOTk1Nw%3d%3d\" target=\"_blank\" rel=\"noopener noreferrer\">edital<\/a>, a oportunidade dispon\u00edvel \u00e9 para o cargo de agente de fiscaliza\u00e7\u00e3o. A remunera\u00e7\u00e3o prevista \u00e9 de R$ 8.842,28.<\/p>\n<\/div>\n<div class=\"mc-column content-text active-extra-styles \" style=\"text-align: justify;\" data-block-type=\"unstyled\" data-block-weight=\"13\" data-block-id=\"37\">\n<p class=\"content-text__container \" data-track-category=\"Link no Texto\" data-track-links=\"\">As inscri\u00e7\u00f5es devem ser feitas pelo\u00a0<a href=\"https:\/\/www.vunesp.com.br\/CAUS1901\" target=\"_blank\" rel=\"noopener noreferrer\">site<\/a>\u00a0at\u00e9 o dia 6 de mar\u00e7o.<\/p>\n<\/div>\n<div class=\"mc-column content-text active-extra-styles \" style=\"text-align: justify;\" data-block-type=\"unstyled\" data-block-weight=\"15\" data-block-id=\"38\">\n<p class=\"content-text__container \" data-track-category=\"Link no Texto\" data-track-links=\"\">Ainda para Presidente Prudente, o Conselho Regional de Odontologia (CRO-SP) abriu vagas para concurso p\u00fablico.<\/p>\n<\/div>\n<div class=\"mc-column content-text active-extra-styles \" style=\"text-align: justify;\" data-block-type=\"unstyled\" data-block-weight=\"16\" data-block-id=\"39\">\n<p class=\"content-text__container \" data-track-category=\"Link no Texto\" data-track-links=\"\">As oportunidades dispon\u00edveis, de acordo com o\u00a0<a href=\"http:\/\/www.crosp.org.br\/uploads\/arquivo\/81d7ed4bdf91aa7b5776217d59efc223.pdf\" target=\"_blank\" rel=\"noopener noreferrer\">edital<\/a>, s\u00e3o de fiscal, agente fiscal e auxiliar administrativo.<\/p>\n<\/div>\n<div class=\"mc-column content-text active-extra-styles \" style=\"text-align: justify;\" data-block-type=\"unstyled\" data-block-weight=\"23\" data-block-id=\"40\">\n<p class=\"content-text__container \" data-track-category=\"Link no Texto\" data-track-links=\"\">A remunera\u00e7\u00e3o varia de R$ 2.805 a R$ 6.400 e as inscri\u00e7\u00f5es devem ser feitas at\u00e9 o dia 20 de fevereiro pela<a href=\"https:\/\/concursosrbo.com.br\/Painel\/Login.aspx?ReturnUrl=%2fProjetos%2finscricao%2fDadosInscricao.aspx%3fid%3dsM58G6NYPDM%3d&amp;id=sM58G6NYPDM=\" target=\"_blank\" rel=\"noopener noreferrer\">\u00a0internet<\/a>.<\/p>\n<\/div>\n<div class=\"mc-column content-text active-extra-styles\" style=\"text-align: justify;\" data-block-type=\"raw\" data-block-weight=\"1\" data-block-id=\"41\">\n<div class=\"content-intertitle\">\n<h2>Sagres<\/h2>\n<\/div>\n<\/div>\n<div class=\"mc-column content-text active-extra-styles \" style=\"text-align: justify;\" data-block-type=\"unstyled\" data-block-weight=\"13\" data-block-id=\"42\">\n<p class=\"content-text__container \" data-track-category=\"Link no Texto\" data-track-links=\"\">A abertura de novo concurso p\u00fablico foi anunciada pela Prefeitura de\u00a0<a href=\"https:\/\/g1.globo.com\/sp\/presidente-prudente-regiao\/cidade\/sagres\/\">Sagres<\/a>.<\/p>\n<\/div>\n<div class=\"mc-column content-text active-extra-styles \" style=\"text-align: justify;\" data-block-type=\"unstyled\" data-block-weight=\"82\" data-block-id=\"43\">\n<p class=\"content-text__container \" data-track-category=\"Link no Texto\" data-track-links=\"\">De acordo com o\u00a0<a href=\"https:\/\/cdn.gestoreditais.com.br\/edital\/148\/2552\/36d7282da6b920f128fbe1d70ecf9225.pdf\" target=\"_blank\" rel=\"noopener noreferrer\">edital<\/a>, est\u00e3o dispon\u00edveis vagas para os cargos de agente de arrecada\u00e7\u00e3o (1), agente de licita\u00e7\u00e3o (1), assistente social, auxiliar administrativo, auxiliar de contabilidade, auxiliar de enfermagem, auxiliar de limpeza p\u00fablica, auxiliar de servi\u00e7os em educa\u00e7\u00e3o, controlador interno (1), educador social (2), gestor do Cad\u00danico (2), gestor de conv\u00eanios e contratos (1), m\u00e9dico, merendeira, motorista, operador de m\u00e1quinas, pedreiro, pintor, servi\u00e7os gerais, tesoureiro (1), monitor de desenvolvimento infantil, professor de atendimento especializado (1) e supervisor de ensino (1).<\/p>\n<\/div>\n<div class=\"content-ads content-ads--reveal\" style=\"text-align: justify;\" data-block-type=\"ads\" data-block-id=\"44\"><\/div>\n<div class=\"mc-column content-text active-extra-styles \" style=\"text-align: justify;\" data-block-type=\"unstyled\" data-block-weight=\"20\" data-block-id=\"45\">\n<p class=\"content-text__container \" data-track-category=\"Link no Texto\" data-track-links=\"\">A carga hor\u00e1ria de trabalho varia de 30 a 40 horas semanais, com remunera\u00e7\u00e3o de R$ 1.164,00 a R$ 3.026,40.<\/p>\n<\/div>\n<div class=\"mc-column content-text active-extra-styles \" style=\"text-align: justify;\" data-block-type=\"unstyled\" data-block-weight=\"14\" data-block-id=\"46\">\n<p class=\"content-text__container \" data-track-category=\"Link no Texto\" data-track-links=\"\">Os candidatos podem se inscrever at\u00e9 o dia 14 de mar\u00e7o, no\u00a0<a href=\"http:\/\/spbrasil.areadocandidato.com.br\/inscricao\/6e8536a3c9c0055d7a8304d9ee0d9d78\" target=\"_blank\" rel=\"noopener noreferrer\">site<\/a>.<\/p>\n<\/div>\n<div class=\"mc-column content-text active-extra-styles\" style=\"text-align: justify;\" data-block-type=\"raw\" data-block-weight=\"2\" data-block-id=\"47\">\n<div class=\"content-intertitle\">\n<h2>Teodoro Sampaio<\/h2>\n<\/div>\n<\/div>\n<div class=\"mc-column content-text active-extra-styles \" style=\"text-align: justify;\" data-block-type=\"unstyled\" data-block-weight=\"33\" data-block-id=\"48\">\n<p class=\"content-text__container \" data-track-category=\"Link no Texto\" data-track-links=\"\">A Escola T\u00e9cnica Estadual (Etec), em\u00a0<a href=\"https:\/\/g1.globo.com\/sp\/presidente-prudente-regiao\/cidade\/teodoro-sampaio-sp\/\">Teodoro Sampaio<\/a>, est\u00e1 com processo seletivo aberto para forma\u00e7\u00e3o de cadastro de reserva para os cargos de professores de ensino m\u00e9dio e t\u00e9cnico de n\u00edvel superior.<\/p>\n<\/div>\n<div class=\"mc-column content-text active-extra-styles \" style=\"text-align: justify;\" data-block-type=\"unstyled\" data-block-weight=\"7\" data-block-id=\"49\">\n<p class=\"content-text__container \" data-track-category=\"Link no Texto\" data-track-links=\"\">A remunera\u00e7\u00e3o \u00e9 de R$ 18,35 hora\/aula.<\/p>\n<\/div>\n<div class=\"mc-column content-text active-extra-styles \" style=\"text-align: justify;\" data-block-type=\"unstyled\" data-block-weight=\"30\" data-block-id=\"50\">\n<p class=\"content-text__container \" data-track-category=\"Link no Texto\" data-track-links=\"\">Para a vaga de professor de hist\u00f3ria (base nacional Ccmum\/ ETIM &#8211; ensino m\u00e9dio -BNC\/ BNCC\/ ETIM\/ MTec\/ PD), a inscri\u00e7\u00e3o deve ser feita at\u00e9 o dia 5 de mar\u00e7o.<\/p>\n<\/div>\n<div class=\"mc-column content-text active-extra-styles \" style=\"text-align: justify;\" data-block-type=\"unstyled\" data-block-weight=\"32\" data-block-id=\"51\">\n<p class=\"content-text__container \" data-track-category=\"Link no Texto\" data-track-links=\"\">J\u00e1 para a oportunidade de professor de ingl\u00eas (base nacional comum\/ ETIM, ensino m\u00e9dio &#8211; BNC\/ BNCC\/ ETIM\/ MTec\/ PD), os interessados devem se inscrever at\u00e9 o dia 12 de mar\u00e7o.<\/p>\n<\/div>\n<div class=\"mc-column content-text active-extra-styles \" data-block-type=\"unstyled\" data-block-weight=\"22\" data-block-id=\"52\">\n<p class=\"content-text__container \" style=\"text-align: justify;\" data-track-category=\"Link no Texto\" data-track-links=\"\">Nos dois casos, ser\u00e3o admitidas inscri\u00e7\u00f5es via presencial, na sede da Etec, localizada na Rua Par\u00e1, n\u00ba 506, Esta\u00e7\u00e3o, em Teodoro Sampaio.<\/p>\n<p data-track-category=\"Link no Texto\" data-track-links=\"\">Fonte: G1<\/p>\n<\/div>\n<\/div>\n","protected":false},"excerpt":{"rendered":"<p>Inscri\u00e7\u00f5es para as vagas podem ser feitas pela internet. Remunera\u00e7\u00e3o chega a R$ 8.842,28. Cidades do Oeste Paulista est\u00e3o com vagas abertas para concursos p\u00fablicos e processos seletivos. As oportunidades podem atingir remunera\u00e7\u00e3o de at\u00e9 R$ 8.842,28, dependendo da vaga escolhida pelo interessado. Confira as oportunidades dispon\u00edveis: Dracena A Universidade do Estado de S\u00e3o Paulo [&hellip;]<\/p>\n","protected":false},"author":1,"featured_media":19791,"comment_status":"closed","ping_status":"open","sticky":false,"template":"","format":"standard","meta":{"footnotes":""},"categories":[122],"tags":[],"class_list":["post-19790","post","type-post","status-publish","format-standard","has-post-thumbnail","hentry","category-saudeeducacaoeconcurso"],"_links":{"self":[{"href":"https:\/\/jorgezanoni.com.br\/2019\/wp-json\/wp\/v2\/posts\/19790","targetHints":{"allow":["GET"]}}],"collection":[{"href":"https:\/\/jorgezanoni.com.br\/2019\/wp-json\/wp\/v2\/posts"}],"about":[{"href":"https:\/\/jorgezanoni.com.br\/2019\/wp-json\/wp\/v2\/types\/post"}],"author":[{"embeddable":true,"href":"https:\/\/jorgezanoni.com.br\/2019\/wp-json\/wp\/v2\/users\/1"}],"replies":[{"embeddable":true,"href":"https:\/\/jorgezanoni.com.br\/2019\/wp-json\/wp\/v2\/comments?post=19790"}],"version-history":[{"count":0,"href":"https:\/\/jorgezanoni.com.br\/2019\/wp-json\/wp\/v2\/posts\/19790\/revisions"}],"wp:featuredmedia":[{"embeddable":true,"href":"https:\/\/jorgezanoni.com.br\/2019\/wp-json\/wp\/v2\/media\/19791"}],"wp:attachment":[{"href":"https:\/\/jorgezanoni.com.br\/2019\/wp-json\/wp\/v2\/media?parent=19790"}],"wp:term":[{"taxonomy":"category","embeddable":true,"href":"https:\/\/jorgezanoni.com.br\/2019\/wp-json\/wp\/v2\/categories?post=19790"},{"taxonomy":"post_tag","embeddable":true,"href":"https:\/\/jorgezanoni.com.br\/2019\/wp-json\/wp\/v2\/tags?post=19790"}],"curies":[{"name":"wp","href":"https:\/\/api.w.org\/{rel}","templated":true}]}}