{"id":19787,"date":"2020-02-26T17:29:53","date_gmt":"2020-02-26T17:29:53","guid":{"rendered":"https:\/\/jorgezanoni.com.br\/2019\/?p=19787"},"modified":"2020-02-26T17:29:53","modified_gmt":"2020-02-26T17:29:53","slug":"pitbull-ataca-eletricista-que-prestava-servico-em-lava-rapido-de-dracena","status":"publish","type":"post","link":"https:\/\/jorgezanoni.com.br\/2019\/pitbull-ataca-eletricista-que-prestava-servico-em-lava-rapido-de-dracena\/","title":{"rendered":"Pitbull ataca eletricista que prestava servi\u00e7o em lava-r\u00e1pido de Dracena"},"content":{"rendered":"<h2 class=\"content-head__subtitle\" style=\"text-align: justify;\">Corpo de Bombeiros socorreu a v\u00edtima com ferimentos considerados graves no bra\u00e7o direito, at\u00e9 o Pronto Atendimento Municipal.<\/h2>\n<p style=\"text-align: justify;\">Por volta de 09:15 Horas da manh\u00e3 desta quarta-feira (26), um homem de 54 anos, que prestava servi\u00e7os de eletricista em um lava-r\u00e1pido na avenida Presidente Vargas em Dracena, foi atacado por um cachorro da ra\u00e7a Pitbull<\/p>\n<div class=\"mc-column content-text active-extra-styles active-capital-letter\" style=\"text-align: justify;\" data-block-type=\"unstyled\" data-block-weight=\"36\" data-block-id=\"1\">\n<p class=\"content-text__container theme-color-primary-first-letter\" data-track-category=\"Link no Texto\" data-track-links=\"\">Segundo informa\u00e7\u00f5es obtidas pela reportagem do Site JZ o homem foi levado para atendimento m\u00e9dico em estado considerado grave.<\/p>\n<p data-track-category=\"Link no Texto\" data-track-links=\"\">A Pol\u00edcia Militar que atendeu a ocorr\u00eancia, informou que o propriet\u00e1rio do estabelecimento que tamb\u00e9m \u00e9 o dono do animal, estava em uma copa quando ouviu pedidos de socorro, em seguida ele foi at\u00e9 a parte de fora do lava-r\u00e1pido, onde viu a v\u00edtima que j\u00e1 havia sido atacada.<\/p>\n<\/div>\n<div class=\"wall protected-content\">\n<div class=\"mc-column content-text active-extra-styles \" style=\"text-align: justify;\" data-block-type=\"unstyled\" data-block-weight=\"22\" data-block-id=\"5\">\n<p class=\"content-text__container \" data-track-category=\"Link no Texto\" data-track-links=\"\">O propriet\u00e1rio afirmou que o homem que havia sido atingido teria incomodado o animal ao ponto de o c\u00e3o se soltar da corrente em que estava preso. J\u00e1 a v\u00edtima afirmou que n\u00e3o sabia se o cachorro estava preso ou n\u00e3o, conforme a pol\u00edcia.<\/p>\n<\/div>\n<div class=\"mc-column content-text active-extra-styles \" data-block-type=\"unstyled\" data-block-weight=\"16\" data-block-id=\"8\">\n<p class=\"content-text__container \" style=\"text-align: justify;\" data-track-category=\"Link no Texto\" data-track-links=\"\">O animal, que era c\u00e3o de guarda do lava-r\u00e1pido, foi amarrado novamente pelo propriet\u00e1rio do estabelecimento.\u00a0Agora a Pol\u00edcia Civil assume as investiga\u00e7\u00f5es para saber o que realmente aconteceu.<\/p>\n<p style=\"text-align: justify;\" data-track-category=\"Link no Texto\" data-track-links=\"\">Jorge Zanoni<\/p>\n<p data-track-category=\"Link no Texto\" data-track-links=\"\">Imagem Ilustrativa<\/p>\n<\/div>\n<\/div>\n<p>&nbsp;<\/p>\n<p>&nbsp;<\/p>\n<h1 class=\"content-head__title\"><\/h1>\n","protected":false},"excerpt":{"rendered":"<p>Corpo de Bombeiros socorreu a v\u00edtima com ferimentos considerados graves no bra\u00e7o direito, at\u00e9 o Pronto Atendimento Municipal. Por volta de 09:15 Horas da manh\u00e3 desta quarta-feira (26), um homem de 54 anos, que prestava servi\u00e7os de eletricista em um lava-r\u00e1pido na avenida Presidente Vargas em Dracena, foi atacado por um cachorro da ra\u00e7a Pitbull [&hellip;]<\/p>\n","protected":false},"author":1,"featured_media":19788,"comment_status":"closed","ping_status":"open","sticky":false,"template":"","format":"standard","meta":{"footnotes":""},"categories":[110,2],"tags":[],"class_list":["post-19787","post","type-post","status-publish","format-standard","has-post-thumbnail","hentry","category-noticiasdestaque","category-policial"],"_links":{"self":[{"href":"https:\/\/jorgezanoni.com.br\/2019\/wp-json\/wp\/v2\/posts\/19787","targetHints":{"allow":["GET"]}}],"collection":[{"href":"https:\/\/jorgezanoni.com.br\/2019\/wp-json\/wp\/v2\/posts"}],"about":[{"href":"https:\/\/jorgezanoni.com.br\/2019\/wp-json\/wp\/v2\/types\/post"}],"author":[{"embeddable":true,"href":"https:\/\/jorgezanoni.com.br\/2019\/wp-json\/wp\/v2\/users\/1"}],"replies":[{"embeddable":true,"href":"https:\/\/jorgezanoni.com.br\/2019\/wp-json\/wp\/v2\/comments?post=19787"}],"version-history":[{"count":0,"href":"https:\/\/jorgezanoni.com.br\/2019\/wp-json\/wp\/v2\/posts\/19787\/revisions"}],"wp:featuredmedia":[{"embeddable":true,"href":"https:\/\/jorgezanoni.com.br\/2019\/wp-json\/wp\/v2\/media\/19788"}],"wp:attachment":[{"href":"https:\/\/jorgezanoni.com.br\/2019\/wp-json\/wp\/v2\/media?parent=19787"}],"wp:term":[{"taxonomy":"category","embeddable":true,"href":"https:\/\/jorgezanoni.com.br\/2019\/wp-json\/wp\/v2\/categories?post=19787"},{"taxonomy":"post_tag","embeddable":true,"href":"https:\/\/jorgezanoni.com.br\/2019\/wp-json\/wp\/v2\/tags?post=19787"}],"curies":[{"name":"wp","href":"https:\/\/api.w.org\/{rel}","templated":true}]}}