{"id":19783,"date":"2020-02-26T16:40:01","date_gmt":"2020-02-26T16:40:01","guid":{"rendered":"https:\/\/jorgezanoni.com.br\/2019\/?p=19783"},"modified":"2020-02-26T16:40:01","modified_gmt":"2020-02-26T16:40:01","slug":"ministerio-da-saude-confirma-primeiro-caso-de-coronavirus-no-brasil","status":"publish","type":"post","link":"https:\/\/jorgezanoni.com.br\/2019\/ministerio-da-saude-confirma-primeiro-caso-de-coronavirus-no-brasil\/","title":{"rendered":"Minist\u00e9rio da Sa\u00fade confirma primeiro caso de coronav\u00edrus no Brasil"},"content":{"rendered":"<h2 class=\"content-head__subtitle\" style=\"text-align: justify;\"><strong>Brasileiro de 61 anos, que mora na capital paulista, fez viagem para a It\u00e1lia entre 9 e 21 de fevereiro. Dois testes deram positivo para infec\u00e7\u00e3o. Fam\u00edlia est\u00e1 em observa\u00e7\u00e3o e passageiros que estiveram no voo devem procurar autoridades de sa\u00fade. N\u00e3o haver\u00e1 quarentena preventiva.<\/strong><\/h2>\n<div class=\"mc-column content-text active-extra-styles \" style=\"text-align: justify;\" data-block-type=\"unstyled\" data-block-weight=\"35\" data-block-id=\"2\">\n<p class=\"content-text__container \" data-track-category=\"Link no Texto\" data-track-links=\"\">O Minist\u00e9rio da Sa\u00fade afirmou nesta quarta-feira (26) que\u00a0<strong>est\u00e1 comprovado o caso positivo de coronav\u00edrus\u00a0<\/strong>na capital paulista. Este \u00e9 o\u00a0<strong>primeiro caso da doen\u00e7a no pa\u00eds e em toda a Am\u00e9rica Latina.<\/strong><\/p>\n<\/div>\n<div class=\"wall protected-content\" style=\"text-align: justify;\">\n<div class=\"mc-column content-text active-extra-styles \" data-block-type=\"unstyled\" data-block-weight=\"14\" data-block-id=\"3\">\n<p class=\"content-text__container \" data-track-category=\"Link no Texto\" data-track-links=\"\">Al\u00e9m dele,\u00a0<strong>h\u00e1 outros 20 casos em investiga\u00e7\u00e3o<\/strong>\u00a0e 59 suspeitas j\u00e1 foram descartadas.<\/p>\n<\/div>\n<div class=\"mc-column content-text active-extra-styles\" data-block-type=\"raw\" data-block-weight=\"12\" data-block-id=\"4\">\n<ul class=\"content-unordered-list\">\n<li><a href=\"https:\/\/g1.globo.com\/sp\/campinas-regiao\/noticia\/2020\/02\/26\/vinhedo-monitora-familia-que-teve-contato-com-paciente-com-coronavirus-em-sp.ghtml\">Vinhedo monitora fam\u00edlia que teve contato com paciente com coronav\u00edrus em SP<\/a><\/li>\n<\/ul>\n<\/div>\n<div class=\"mc-column content-text active-extra-styles\" data-block-type=\"raw\" data-block-weight=\"4\" data-block-id=\"5\">\n<div class=\"content-intertitle\">\n<h2><strong>Confira as principais informa\u00e7\u00f5es:<\/strong><\/h2>\n<\/div>\n<\/div>\n<div class=\"mc-column content-text active-extra-styles\" data-block-type=\"raw\" data-block-weight=\"72\" data-block-id=\"6\">\n<ul class=\"content-unordered-list\">\n<li>Brasil confirmou o\u00a0<strong>primeiro caso de coronav\u00edrus<\/strong>\u00a0no pa\u00eds<\/li>\n<li>Trata-se de um homem de 61 anos que veio da It\u00e1lia<\/li>\n<li>Ele est\u00e1 em\u00a0<strong>quarentena domiciliar<\/strong><\/li>\n<li><strong>30 pessoas da fam\u00edlia est\u00e3o sob observa\u00e7\u00e3o<\/strong><\/li>\n<li>Al\u00e9m destes casos, h\u00e1\u00a0<a href=\"https:\/\/g1.globo.com\/ciencia-e-saude\/noticia\/2020\/02\/26\/brasil-investiga-outros-20-casos-suspeitos-de-coronavirus.ghtml\"><strong>20 pacientes em investiga\u00e7\u00e3o<\/strong><\/a><strong>\u00a0em todo o pa\u00eds<\/strong><\/li>\n<li>Outros\u00a0<strong>59 casos foram descartados<\/strong><\/li>\n<li><strong>16 passageiros<\/strong>\u00a0que estiveram no mesmo voo devem ser postos em observa\u00e7\u00e3o \u2013 alguns podem ter pego conex\u00e3o e ido para outros destinos<\/li>\n<\/ul>\n<\/div>\n<div class=\"mc-column content-text active-extra-styles \" data-block-type=\"unstyled\" data-block-weight=\"62\" data-block-id=\"7\">\n<p class=\"content-text__container \" data-track-category=\"Link no Texto\" data-track-links=\"\">De acordo com o ministro da Sa\u00fade, Luiz Henrique Mandetta, o paciente com Covid-19 chegou ao pa\u00eds vindo da It\u00e1lia. Ele estava assintom\u00e1tico e, depois de alguns dias, procurou um servi\u00e7o de sa\u00fade com sintomas respirat\u00f3rios. Antes, ele havia participado de uma reuni\u00e3o familiar, o que levou o Minist\u00e9rio da Sa\u00fade a colocar 30 pessoas que tiveram contato com ele em observa\u00e7\u00e3o.<\/p>\n<\/div>\n<div class=\"mc-column content-text active-extra-styles \" data-block-type=\"unstyled\" data-block-weight=\"46\" data-block-id=\"8\">\n<p class=\"content-text__container \" data-track-category=\"Link no Texto\" data-track-links=\"\">O hospital Albert Einstein registrou a suspeita, fez um teste, que deu positivo. O caso foi para o Instituto Adolfo Lutz para contraprova, que foi conclu\u00eddo em tr\u00eas horas, comprovando a infec\u00e7\u00e3o por coronav\u00edrus. A m\u00e9dia de conclus\u00e3o do exame \u00e9 de tr\u00eas dias, segundo Mandetta.<\/p>\n<\/div>\n<div class=\"content-ads content-ads--reveal\" data-block-type=\"ads\" data-block-id=\"9\"><\/div>\n<div class=\"mc-column content-text active-extra-styles\" data-block-type=\"raw\" data-block-weight=\"5\" data-block-id=\"10\">\n<div class=\"content-intertitle\">\n<h2>Passageiros n\u00e3o ficar\u00e3o em quarentena<\/h2>\n<\/div>\n<\/div>\n<div class=\"mc-column content-text active-extra-styles \" data-block-type=\"unstyled\" data-block-weight=\"26\" data-block-id=\"11\">\n<p class=\"content-text__container \" data-track-category=\"Link no Texto\" data-track-links=\"\">De acordo com o ministro Luiz Henrique Mandetta, os passageiros que estavam no avi\u00e3o com o paciente detectado com Covid-19 n\u00e3o ser\u00e3o postos em quarentena.<\/p>\n<\/div>\n<div class=\"mc-column content-text active-extra-styles \" data-block-type=\"unstyled\" data-block-weight=\"30\" data-block-id=\"12\">\n<p class=\"content-text__container \" data-track-category=\"Link no Texto\" data-track-links=\"\">Entretanto, 16 passageiros devem ficar em observa\u00e7\u00e3o: a partir da poltrona onde o paciente viajava, ser\u00e3o monitorados os passageiros dos lados e das duas fileiras \u00e0 frente e atr\u00e1s.<\/p>\n<\/div>\n<div class=\"mc-column content-text active-extra-styles \" data-block-type=\"unstyled\" data-block-weight=\"12\" data-block-id=\"13\">\n<p class=\"content-text__container \" data-track-category=\"Link no Texto\" data-track-links=\"\">&#8220;N\u00e3o existe quarentena porque n\u00e3o existe efic\u00e1cia nesse tipo de situa\u00e7\u00e3o&#8221;, afirmou.<\/p>\n<\/div>\n<div class=\"mc-column content-text active-extra-styles \" data-block-type=\"unstyled\" data-block-weight=\"35\" data-block-id=\"14\">\n<p class=\"content-text__container \" data-track-category=\"Link no Texto\" data-track-links=\"\">A recomenda\u00e7\u00e3o \u00e9 que os passageiros entrem em contato com a companhia a\u00e9rea e informem o quadro respirat\u00f3rio e o local em que viajaram para que se verifique a proximidade que estavam a este paciente.<\/p>\n<\/div>\n<div class=\"mc-column content-text active-extra-styles\" data-block-type=\"raw\" data-block-weight=\"1\" data-block-id=\"15\">\n<div class=\"content-intertitle\">\n<h2>Provid\u00eancias<\/h2>\n<\/div>\n<\/div>\n<div class=\"mc-column content-text active-extra-styles \" data-block-type=\"unstyled\" data-block-weight=\"45\" data-block-id=\"16\">\n<p class=\"content-text__container \" data-track-category=\"Link no Texto\" data-track-links=\"\">Mandetta afirmou que n\u00e3o ser\u00e3o alterados procedimentos nos aeroportos ou bloqueios a pa\u00edses suspeitos, devido ao grande n\u00famero de conex\u00f5es nos voos. &#8220;N\u00e3o existe nenhuma tecnologia que possa nos dizer que quem est\u00e1 dentro de um avi\u00e3o possa estar com o v\u00edrus ou n\u00e3o&#8221;, disse.<\/p>\n<\/div>\n<div class=\"mc-column content-text active-extra-styles \" data-block-type=\"unstyled\" data-block-weight=\"32\" data-block-id=\"17\">\n<p class=\"content-text__container \" data-track-category=\"Link no Texto\" data-track-links=\"\">&#8220;A regra continua sendo: se tem sintomas, n\u00e3o viaje. Viajou? Informe as autoridades quando chega. Passou 14 dias da chegada, se sentir sintomas, procure a rede de sa\u00fade da sua cidade.&#8221;<\/p>\n<\/div>\n<div class=\"mc-column content-text active-extra-styles \" data-block-type=\"unstyled\" data-block-weight=\"76\" data-block-id=\"18\">\n<p class=\"content-text__container \" data-track-category=\"Link no Texto\" data-track-links=\"\">&#8220;Essa \u00e9 mais uma gripe que o mundo vai ter que atravessar. O mundo n\u00e3o tem fronteiras. N\u00e3o tem como parar uma pessoa em um lugar. Como todo v\u00edrus, a medida de melhor controle \u00e9 por etapas, \u00e9 termos agilidade [no diagn\u00f3stico]&#8221;, afirmou Mandetta. &#8220;O sistema [de sa\u00fade] brasileiro fez tudo com muita agilidade.&#8221; O ministro refor\u00e7ou que h\u00e1 pacientes assintom\u00e1ticos que transmitem a doen\u00e7a, e n\u00e3o h\u00e1 efic\u00e1cia na testagem de temperaturas, por exemplo.<\/p>\n<\/div>\n<div class=\"mc-column content-text active-extra-styles \" data-block-type=\"unstyled\" data-block-weight=\"46\" data-block-id=\"19\">\n<p class=\"content-text__container \" data-track-category=\"Link no Texto\" data-track-links=\"\">&#8220;J\u00e1 passamos por epidemias respirat\u00f3rias graves, como a H1N1. (&#8230;) Vamos passar por essa situa\u00e7\u00e3o investindo em solu\u00e7\u00f5es, ci\u00eancia e informa\u00e7\u00e3o. [A recomenda\u00e7\u00e3o \u00e9] Higiene, evitar aglomera\u00e7\u00f5es desnecess\u00e1rias, cuidados de etiqueta respirat\u00f3ria, o brasileiro precisa aumentar o n\u00famero de vezes que lava a m\u00e3o&#8221;, afirmou Mandetta.<\/p>\n<\/div>\n<div class=\"content-ads content-ads--reveal\" data-block-type=\"ads\" data-block-id=\"20\"><\/div>\n<div class=\"mc-column content-text active-extra-styles \" data-block-type=\"unstyled\" data-block-weight=\"62\" data-block-id=\"21\">\n<p class=\"content-text__container \" data-track-category=\"Link no Texto\" data-track-links=\"\">&#8220;Passamos a uma nova fase de provid\u00eancias, no sentido de mitigar os efeitos da doen\u00e7a em SP e em todo Brasil. Nosso comit\u00ea de emerg\u00eancia est\u00e1 reunido em SP, e de tarde vamos nos juntar a eles para falar sobre o que deve ser feito. N\u00e3o muda muito com rela\u00e7\u00e3o aos casos suspeitos, mas agora temos uma patologia confirmada&#8221;, afirmou o ministro.<\/p>\n<\/div>\n<div class=\"mc-column content-text active-extra-styles \" data-block-type=\"unstyled\" data-block-weight=\"21\" data-block-id=\"22\">\n<p class=\"content-text__container \" data-track-category=\"Link no Texto\" data-track-links=\"\">Segundo Mandetta, \u00e9 poss\u00edvel que o n\u00famero de casos suspeitos aumente no Brasil, porque aumentou o n\u00famero de pa\u00edses com mortes.<\/p>\n<\/div>\n<div class=\"mc-column content-text active-extra-styles \" data-block-type=\"unstyled\" data-block-weight=\"33\" data-block-id=\"23\">\n<p class=\"content-text__container \" data-track-category=\"Link no Texto\" data-track-links=\"\">&#8220;Estamos na fase de conten\u00e7\u00e3o, que \u00e9 evitar que o v\u00edrus se espalhe. Caso se espalhe, vamos para a fase de mitiga\u00e7\u00e3o&#8221;, afirmou o secret\u00e1rio de Vigil\u00e2ncia em Sa\u00fade, Wanderson Kleber de Oliveira.<\/p>\n<\/div>\n<div class=\"mc-column content-text active-extra-styles \" data-block-type=\"unstyled\" data-block-weight=\"30\" data-block-id=\"24\">\n<p class=\"content-text__container \" data-track-category=\"Link no Texto\" data-track-links=\"\">O coronav\u00edrus \u00e9 conhecido desde 1960. A doen\u00e7a provocada pelo novo coronav\u00edrus, chamada de Covid-19, est\u00e1 sendo investigada, mas apresenta gravidade moderada a leve, segundo o Minist\u00e9rio da Sa\u00fade.<\/p>\n<\/div>\n<div class=\"mc-column content-text active-extra-styles \" data-block-type=\"unstyled\" data-block-weight=\"47\" data-block-id=\"25\">\n<p class=\"content-text__container \" data-track-category=\"Link no Texto\" data-track-links=\"\">Cada pessoa infectada pode transmitir para duas ou tr\u00eas pessoas, em alguns casos chegando a sete. Segundo a Organiza\u00e7\u00e3o Mundial de Sa\u00fade (OMS), o per\u00edodo de incuba\u00e7\u00e3o varia de 0 a 14 dias, mas j\u00e1 h\u00e1 estudos apontam que os sintomas aparecem de 9 a 10 dias.<\/p>\n<\/div>\n<div class=\"mc-column content-text active-extra-styles \" data-block-type=\"unstyled\" data-block-weight=\"39\" data-block-id=\"26\">\n<p class=\"content-text__container \" data-track-category=\"Link no Texto\" data-track-links=\"\">Um estudo feito com 44 mil pessoas com casos confirmados apontou que\u00a0<a href=\"https:\/\/g1.globo.com\/ciencia-e-saude\/noticia\/2020\/02\/18\/analise-de-perfil-de-44-mil-pacientes-com-coronavirus-mostra-que-80percent-dos-casos-sao-leves.ghtml\">a maioria dos infectados tinha idade entre 40 e 69 anos.<\/a>\u00a0Destes, 1.023 morreram. Os quadros mais graves deste estudo apareceram em pessoas acima de 60 anos.<\/p>\n<\/div>\n<div class=\"mc-column content-text active-extra-styles\" data-block-type=\"raw\" data-block-weight=\"3\" data-block-id=\"27\">\n<div class=\"content-intertitle\">\n<h2>Caso em SP<\/h2>\n<\/div>\n<\/div>\n<div class=\"mc-column content-text active-extra-styles \" data-block-type=\"unstyled\" data-block-weight=\"57\" data-block-id=\"28\">\n<p class=\"content-text__container \" data-track-category=\"Link no Texto\" data-track-links=\"\">O Hospital Albert Einstein, na Zona Sul da capital paulista, registrou em 25 de fevereiro a notifica\u00e7\u00e3o do caso suspeito de um homem de 61 anos. Ele \u00e9 brasileiro e viajou para o norte da It\u00e1lia entre 9 e 21 de fevereiro. O paciente tem sinais brandos da doen\u00e7a, como tosse, e est\u00e1 em isolamento domiciliar.<\/p>\n<\/div>\n<div class=\"mc-column content-text active-extra-styles \" data-block-type=\"unstyled\" data-block-weight=\"51\" data-block-id=\"29\">\n<p class=\"content-text__container \" data-track-category=\"Link no Texto\" data-track-links=\"\">&#8220;O paciente encontra-se em bom estado cl\u00ednico e sem necessidade de interna\u00e7\u00e3o, permanecendo em isolamento respirat\u00f3rio que ser\u00e1 mantido durante os pr\u00f3ximos 14 dias. A equipe m\u00e9dica segue monitorando-o ativamente, assim como as pessoas que tiveram contato pr\u00f3ximo com ele&#8221;, diz nota do Hospital Albert Einstein (<em>veja nota completa abaixo<\/em>).<\/p>\n<\/div>\n<div class=\"mc-column content-text active-extra-styles\" data-block-type=\"raw\" data-block-weight=\"58\" data-block-id=\"31\">\n<ul class=\"content-unordered-list\">\n<li><a href=\"https:\/\/g1.globo.com\/ciencia-e-saude\/noticia\/2020\/01\/30\/coronavirus-entenda-o-que-significa-uma-emergencia-de-saude-publica-global.ghtml\">Coronav\u00edrus: entenda o que significa uma emerg\u00eancia de sa\u00fade p\u00fablica global<\/a><\/li>\n<li><a href=\"https:\/\/g1.globo.com\/ciencia-e-saude\/noticia\/2020\/01\/23\/o-que-se-sabe-e-o-que-ainda-e-duvida-sobre-o-coronavirus.ghtml\">Coronav\u00edrus: o que se sabe sobre o novo v\u00edrus que surgiu na China<\/a><\/li>\n<li><a href=\"https:\/\/g1.globo.com\/ciencia-e-saude\/noticia\/2020\/02\/24\/brasil-dobra-numero-de-paises-em-monitoramento-de-casos-suspeitos-de-novo-coronavirus-italia-franca-e-alemanha-entram-na-lista.ghtml\">Brasil dobra n\u00famero de pa\u00edses em monitoramento de casos suspeitos de novo coronav\u00edrus; It\u00e1lia, Fran\u00e7a e Alemanha entram na lista<\/a><\/li>\n<li><a href=\"https:\/\/g1.globo.com\/ciencia-e-saude\/noticia\/2020\/01\/24\/coronavirus-saiba-quais-sao-os-sintomas-e-como-os-paises-afetados-tentam-se-proteger.ghtml\">Coronav\u00edrus: saiba quais s\u00e3o os sintomas e como os pa\u00edses afetados tentam se proteger<\/a><\/li>\n<\/ul>\n<\/div>\n<div class=\"mc-column content-text active-extra-styles \" data-block-type=\"unstyled\" data-block-weight=\"50\" data-block-id=\"32\">\n<p class=\"content-text__container \" data-track-category=\"Link no Texto\" data-track-links=\"\">Segundo o Minist\u00e9rio da Sa\u00fade, no atendimento, o hospital &#8220;adotou todas as medidas preventivas para transmiss\u00e3o por got\u00edculas, coletou amostras e realizou testes para v\u00edrus respirat\u00f3rios comuns e o exame espec\u00edfico para SARS-CoV2 (RT-PCR, pelo protocolo Charit\u00e9), conforme preconizado pela Organiza\u00e7\u00e3o Mundial de Sa\u00fade (OMS).<\/p>\n<\/div>\n<div class=\"mc-column content-text active-extra-styles \" data-block-type=\"unstyled\" data-block-weight=\"36\" data-block-id=\"33\">\n<p class=\"content-text__container \" data-track-category=\"Link no Texto\" data-track-links=\"\">Com resultados preliminares realizados pela unidade de sa\u00fade e de acordo com o Plano de Conting\u00eancia Nacional, o hospital enviou a amostra para o laborat\u00f3rio de refer\u00eancia nacional, Instituto Adolfo Lutz, para contraprova, que deu positivo.<\/p>\n<p data-track-category=\"Link no Texto\" data-track-links=\"\"><img loading=\"lazy\" decoding=\"async\" class=\"alignnone size-full wp-image-19784\" src=\"https:\/\/jorgezanoni.com.br\/2019\/wp-content\/uploads\/2020\/02\/corona.jpg\" alt=\"\" width=\"640\" height=\"1740\" srcset=\"https:\/\/jorgezanoni.com.br\/2019\/wp-content\/uploads\/2020\/02\/corona.jpg 640w, https:\/\/jorgezanoni.com.br\/2019\/wp-content\/uploads\/2020\/02\/corona-110x300.jpg 110w, https:\/\/jorgezanoni.com.br\/2019\/wp-content\/uploads\/2020\/02\/corona-377x1024.jpg 377w, https:\/\/jorgezanoni.com.br\/2019\/wp-content\/uploads\/2020\/02\/corona-154x420.jpg 154w\" sizes=\"auto, (max-width: 640px) 100vw, 640px\" \/><\/p>\n<\/div>\n<div class=\"mc-column content-text active-extra-styles \" data-block-type=\"unstyled\" data-block-weight=\"59\" data-block-id=\"34\">\n<p class=\"content-text__container \" data-track-category=\"Link no Texto\" data-track-links=\"\">O paciente viajou para a regi\u00e3o da Lombardia (norte do pa\u00eds), a trabalho, sozinho, no per\u00edodo de 9 a 21 de fevereiro. Iniciou com sinais e sintomas (Febre, tosse seca, dor de garganta e coriza) compat\u00edveis com a suspeita de Doen\u00e7a pelo Coronav\u00edrus 2019 (Covid-19). O paciente est\u00e1 bem, com sinais brandos e recebeu as orienta\u00e7\u00f5es de precau\u00e7\u00e3o padr\u00e3o.<\/p>\n<\/div>\n<div class=\"mc-column content-text active-extra-styles \" data-block-type=\"unstyled\" data-block-weight=\"33\" data-block-id=\"35\">\n<p class=\"content-text__container \" data-track-category=\"Link no Texto\" data-track-links=\"\">A SES\/SP e SMS\/SP est\u00e3o realizando a identifica\u00e7\u00e3o dos contatos no domic\u00edlio, hospital e voo, com apoio da Anvisa junto \u00e0 companhia a\u00e9rea, diz a nota do Minist\u00e9rio da Sa\u00fade.<\/p>\n<p data-track-category=\"Link no Texto\" data-track-links=\"\">Fonte: https:\/\/g1.globo.com\/ciencia-e-saude\/noticia\/2020\/02\/26\/ministerio-da-saude-fala-sobre-caso-possivel-paciente-com-coronavirus.ghtml<\/p>\n<\/div>\n<\/div>\n<p style=\"text-align: justify;\">\n","protected":false},"excerpt":{"rendered":"<p>Brasileiro de 61 anos, que mora na capital paulista, fez viagem para a It\u00e1lia entre 9 e 21 de fevereiro. Dois testes deram positivo para infec\u00e7\u00e3o. Fam\u00edlia est\u00e1 em observa\u00e7\u00e3o e passageiros que estiveram no voo devem procurar autoridades de sa\u00fade. N\u00e3o haver\u00e1 quarentena preventiva. O Minist\u00e9rio da Sa\u00fade afirmou nesta quarta-feira (26) que\u00a0est\u00e1 comprovado [&hellip;]<\/p>\n","protected":false},"author":1,"featured_media":19785,"comment_status":"closed","ping_status":"open","sticky":false,"template":"","format":"standard","meta":{"footnotes":""},"categories":[110,122],"tags":[],"class_list":["post-19783","post","type-post","status-publish","format-standard","has-post-thumbnail","hentry","category-noticiasdestaque","category-saudeeducacaoeconcurso"],"_links":{"self":[{"href":"https:\/\/jorgezanoni.com.br\/2019\/wp-json\/wp\/v2\/posts\/19783","targetHints":{"allow":["GET"]}}],"collection":[{"href":"https:\/\/jorgezanoni.com.br\/2019\/wp-json\/wp\/v2\/posts"}],"about":[{"href":"https:\/\/jorgezanoni.com.br\/2019\/wp-json\/wp\/v2\/types\/post"}],"author":[{"embeddable":true,"href":"https:\/\/jorgezanoni.com.br\/2019\/wp-json\/wp\/v2\/users\/1"}],"replies":[{"embeddable":true,"href":"https:\/\/jorgezanoni.com.br\/2019\/wp-json\/wp\/v2\/comments?post=19783"}],"version-history":[{"count":0,"href":"https:\/\/jorgezanoni.com.br\/2019\/wp-json\/wp\/v2\/posts\/19783\/revisions"}],"wp:featuredmedia":[{"embeddable":true,"href":"https:\/\/jorgezanoni.com.br\/2019\/wp-json\/wp\/v2\/media\/19785"}],"wp:attachment":[{"href":"https:\/\/jorgezanoni.com.br\/2019\/wp-json\/wp\/v2\/media?parent=19783"}],"wp:term":[{"taxonomy":"category","embeddable":true,"href":"https:\/\/jorgezanoni.com.br\/2019\/wp-json\/wp\/v2\/categories?post=19783"},{"taxonomy":"post_tag","embeddable":true,"href":"https:\/\/jorgezanoni.com.br\/2019\/wp-json\/wp\/v2\/tags?post=19783"}],"curies":[{"name":"wp","href":"https:\/\/api.w.org\/{rel}","templated":true}]}}