{"id":19745,"date":"2020-02-25T20:23:32","date_gmt":"2020-02-25T20:23:32","guid":{"rendered":"https:\/\/jorgezanoni.com.br\/2019\/?p=19745"},"modified":"2020-02-25T20:23:32","modified_gmt":"2020-02-25T20:23:32","slug":"aviao-caiu-no-mar-em-guaruja-piloto-sobreviveu-assista-a-queda","status":"publish","type":"post","link":"https:\/\/jorgezanoni.com.br\/2019\/aviao-caiu-no-mar-em-guaruja-piloto-sobreviveu-assista-a-queda\/","title":{"rendered":"Avi\u00e3o caiu no mar em Guaruj\u00e1, piloto sobreviveu. (Assista a queda)"},"content":{"rendered":"<div id=\"fb-root\"><\/div>\n<p><script async=\"1\" defer=\"1\" crossorigin=\"anonymous\" src=\"https:\/\/connect.facebook.net\/en_US\/sdk.js#xfbml=1&amp;version=v6.0\"><\/script><\/p>\n<div class=\"fb-video\" data-href=\"https:\/\/www.facebook.com\/capitaoaugustooficial\/videos\/554658498742560\/\" data-width=\"696\">\n<blockquote cite=\"https:\/\/www.facebook.com\/capitaoaugustooficial\/videos\/554658498742560\/\" class=\"fb-xfbml-parse-ignore\"><p><a href=\"https:\/\/www.facebook.com\/capitaoaugustooficial\/videos\/554658498742560\/\"><\/a><\/p>\n<p>Avi\u00e3o cai no mar em Guaruj\u00e1, piloto sobreviveu<\/p>\n<p>Posted by <a href=\"https:\/\/www.facebook.com\/capitaoaugustooficial\/\">Capit\u00e3o Augusto &#8211; Deputado Federal<\/a> on Tuesday, February 25, 2020<\/p><\/blockquote>\n<\/div>\n","protected":false},"excerpt":{"rendered":"<p>Avi\u00e3o cai no mar em Guaruj\u00e1, piloto sobreviveu Posted by Capit\u00e3o Augusto &#8211; Deputado Federal on Tuesday, February 25, 2020<\/p>\n","protected":false},"author":1,"featured_media":19746,"comment_status":"closed","ping_status":"open","sticky":false,"template":"","format":"video","meta":{"footnotes":""},"categories":[169],"tags":[],"class_list":["post-19745","post","type-post","status-publish","format-video","has-post-thumbnail","hentry","category-videos","post_format-post-format-video"],"_links":{"self":[{"href":"https:\/\/jorgezanoni.com.br\/2019\/wp-json\/wp\/v2\/posts\/19745","targetHints":{"allow":["GET"]}}],"collection":[{"href":"https:\/\/jorgezanoni.com.br\/2019\/wp-json\/wp\/v2\/posts"}],"about":[{"href":"https:\/\/jorgezanoni.com.br\/2019\/wp-json\/wp\/v2\/types\/post"}],"author":[{"embeddable":true,"href":"https:\/\/jorgezanoni.com.br\/2019\/wp-json\/wp\/v2\/users\/1"}],"replies":[{"embeddable":true,"href":"https:\/\/jorgezanoni.com.br\/2019\/wp-json\/wp\/v2\/comments?post=19745"}],"version-history":[{"count":0,"href":"https:\/\/jorgezanoni.com.br\/2019\/wp-json\/wp\/v2\/posts\/19745\/revisions"}],"wp:featuredmedia":[{"embeddable":true,"href":"https:\/\/jorgezanoni.com.br\/2019\/wp-json\/wp\/v2\/media\/19746"}],"wp:attachment":[{"href":"https:\/\/jorgezanoni.com.br\/2019\/wp-json\/wp\/v2\/media?parent=19745"}],"wp:term":[{"taxonomy":"category","embeddable":true,"href":"https:\/\/jorgezanoni.com.br\/2019\/wp-json\/wp\/v2\/categories?post=19745"},{"taxonomy":"post_tag","embeddable":true,"href":"https:\/\/jorgezanoni.com.br\/2019\/wp-json\/wp\/v2\/tags?post=19745"}],"curies":[{"name":"wp","href":"https:\/\/api.w.org\/{rel}","templated":true}]}}