{"id":19742,"date":"2020-02-25T19:35:53","date_gmt":"2020-02-25T19:35:53","guid":{"rendered":"https:\/\/jorgezanoni.com.br\/2019\/?p=19742"},"modified":"2020-02-25T19:35:53","modified_gmt":"2020-02-25T19:35:53","slug":"morre-pedro-henrique-bueno-dracenense-que-residia-em-curitiba-pr","status":"publish","type":"post","link":"https:\/\/jorgezanoni.com.br\/2019\/morre-pedro-henrique-bueno-dracenense-que-residia-em-curitiba-pr\/","title":{"rendered":"Morre Pedro Henrique Bueno, dracenense que residia em Curitiba\/PR."},"content":{"rendered":"<p style=\"text-align: justify;\">Pedro Henrique faleceu nesta manh\u00e3. Ele estava internado h\u00e1 v\u00e1rios dias. Deixa esposa Daniella, pais Jos\u00e9 Antonio Bueno (conhecido como Tamakavy) e Maria Aparecida Polisei Bueno, irm\u00e3 Ana Paula Bueno e demais familiares e amigos.<br \/>\nVel\u00f3rio a partir das 6 horas da manh\u00e3 e sepultamento \u00e0s 16 horas, nesta quarta-feira.<\/p>\n<div class=\"text_exposed_show\">\n<p style=\"text-align: justify;\">TER\u00c7O \u00c0S 19 HORAS NA CAPELA NOSSA SENHORA DAS GRA\u00c7AS &#8211; BAIRRO METR\u00d3POLE<\/p>\n<p style=\"text-align: justify;\">A Comunidade Nossa Senhora das Gra\u00e7as vai rezar o ter\u00e7o pela alma de Pedro Henrique Bueno, nesta ter\u00e7a-feira, \u00e0s 19 horas. Ser\u00e1 na Igreja Nossa Senhora das Gra\u00e7as, no Bairro Metr\u00f3pole. Participe!<\/p>\n<p>Fonte: Bastidores da Noticia<\/p>\n<\/div>\n","protected":false},"excerpt":{"rendered":"<p>Pedro Henrique faleceu nesta manh\u00e3. Ele estava internado h\u00e1 v\u00e1rios dias. Deixa esposa Daniella, pais Jos\u00e9 Antonio Bueno (conhecido como Tamakavy) e Maria Aparecida Polisei Bueno, irm\u00e3 Ana Paula Bueno e demais familiares e amigos. Vel\u00f3rio a partir das 6 horas da manh\u00e3 e sepultamento \u00e0s 16 horas, nesta quarta-feira. TER\u00c7O \u00c0S 19 HORAS NA [&hellip;]<\/p>\n","protected":false},"author":1,"featured_media":19743,"comment_status":"closed","ping_status":"open","sticky":false,"template":"","format":"standard","meta":{"footnotes":""},"categories":[178],"tags":[],"class_list":["post-19742","post","type-post","status-publish","format-standard","has-post-thumbnail","hentry","category-notadefalecimento"],"_links":{"self":[{"href":"https:\/\/jorgezanoni.com.br\/2019\/wp-json\/wp\/v2\/posts\/19742","targetHints":{"allow":["GET"]}}],"collection":[{"href":"https:\/\/jorgezanoni.com.br\/2019\/wp-json\/wp\/v2\/posts"}],"about":[{"href":"https:\/\/jorgezanoni.com.br\/2019\/wp-json\/wp\/v2\/types\/post"}],"author":[{"embeddable":true,"href":"https:\/\/jorgezanoni.com.br\/2019\/wp-json\/wp\/v2\/users\/1"}],"replies":[{"embeddable":true,"href":"https:\/\/jorgezanoni.com.br\/2019\/wp-json\/wp\/v2\/comments?post=19742"}],"version-history":[{"count":0,"href":"https:\/\/jorgezanoni.com.br\/2019\/wp-json\/wp\/v2\/posts\/19742\/revisions"}],"wp:featuredmedia":[{"embeddable":true,"href":"https:\/\/jorgezanoni.com.br\/2019\/wp-json\/wp\/v2\/media\/19743"}],"wp:attachment":[{"href":"https:\/\/jorgezanoni.com.br\/2019\/wp-json\/wp\/v2\/media?parent=19742"}],"wp:term":[{"taxonomy":"category","embeddable":true,"href":"https:\/\/jorgezanoni.com.br\/2019\/wp-json\/wp\/v2\/categories?post=19742"},{"taxonomy":"post_tag","embeddable":true,"href":"https:\/\/jorgezanoni.com.br\/2019\/wp-json\/wp\/v2\/tags?post=19742"}],"curies":[{"name":"wp","href":"https:\/\/api.w.org\/{rel}","templated":true}]}}