{"id":19732,"date":"2020-02-25T18:22:04","date_gmt":"2020-02-25T18:22:04","guid":{"rendered":"https:\/\/jorgezanoni.com.br\/2019\/?p=19732"},"modified":"2020-02-25T18:22:04","modified_gmt":"2020-02-25T18:22:04","slug":"morre-professor-roberto-reis-referencia-no-ensino-em-comunicacao","status":"publish","type":"post","link":"https:\/\/jorgezanoni.com.br\/2019\/morre-professor-roberto-reis-referencia-no-ensino-em-comunicacao\/","title":{"rendered":"Morre professor Roberto Reis, refer\u00eancia no ensino em Comunica\u00e7\u00e3o"},"content":{"rendered":"<p style=\"text-align: justify;\">Morreu na madrugada desta ter\u00e7a-feira (25), em Gar\u00e7a (distante 34 quil\u00f4metros de Mar\u00edlia), o jornalista e professor de Comunica\u00e7\u00e3o Roberto Reis de Oliveira.<\/p>\n<p style=\"text-align: justify;\">Com destacada atua\u00e7\u00e3o em Mar\u00edlia, na forma\u00e7\u00e3o de gera\u00e7\u00f5es de profissionais de m\u00eddia \u2013 jornalismo e publicidade \u2013 atualmente ele coordenava a gradua\u00e7\u00e3o da Faccat \u2013 Faculdade de Ci\u00eancias Cont\u00e1beis e de Administra\u00e7\u00e3o de Empresas de Tup\u00e3.<\/p>\n<p style=\"text-align: justify;\">Conforme fontes pr\u00f3ximas ao professor, Roberto foi v\u00edtima de infarto. Ainda n\u00e3o est\u00e3o confirmados hor\u00e1rios de vel\u00f3rio e sepultamento.<\/p>\n<p style=\"text-align: justify;\"><strong>Trajet\u00f3ria<\/strong><\/p>\n<p style=\"text-align: justify;\">Graduado em Comunica\u00e7\u00e3o Social \u2013 Jornalismo pela Faculdade de Arquitetura, Artes e Comunica\u00e7\u00e3o da Unesp de Bauru, Roberto era mestre em Comunica\u00e7\u00e3o pela Universidade de Mar\u00edlia e doutor em Comunica\u00e7\u00e3o pela Universidade Metodista de S\u00e3o Paulo.<\/p>\n<p style=\"text-align: justify;\">Foi membro do Banco de Avaliadores do Inep \u2013 Minist\u00e9rio da Educa\u00e7\u00e3o desde 2007 e avaliador do Conselho Estadual de Educa\u00e7\u00e3o a partir de 2014. Tamb\u00e9m foi articulista de jornais impressos.<\/p>\n<p style=\"text-align: justify;\">Desde 2014 ele atuava como coordenador dos cursos de Jornalismo e Publicidade da Faccat.<\/p>\n<p style=\"text-align: justify;\">Fonte: marilianoticias.com.br<\/p>\n","protected":false},"excerpt":{"rendered":"<p>Morreu na madrugada desta ter\u00e7a-feira (25), em Gar\u00e7a (distante 34 quil\u00f4metros de Mar\u00edlia), o jornalista e professor de Comunica\u00e7\u00e3o Roberto Reis de Oliveira. Com destacada atua\u00e7\u00e3o em Mar\u00edlia, na forma\u00e7\u00e3o de gera\u00e7\u00f5es de profissionais de m\u00eddia \u2013 jornalismo e publicidade \u2013 atualmente ele coordenava a gradua\u00e7\u00e3o da Faccat \u2013 Faculdade de Ci\u00eancias Cont\u00e1beis e de [&hellip;]<\/p>\n","protected":false},"author":1,"featured_media":19733,"comment_status":"closed","ping_status":"open","sticky":false,"template":"","format":"standard","meta":{"footnotes":""},"categories":[178],"tags":[],"class_list":["post-19732","post","type-post","status-publish","format-standard","has-post-thumbnail","hentry","category-notadefalecimento"],"_links":{"self":[{"href":"https:\/\/jorgezanoni.com.br\/2019\/wp-json\/wp\/v2\/posts\/19732","targetHints":{"allow":["GET"]}}],"collection":[{"href":"https:\/\/jorgezanoni.com.br\/2019\/wp-json\/wp\/v2\/posts"}],"about":[{"href":"https:\/\/jorgezanoni.com.br\/2019\/wp-json\/wp\/v2\/types\/post"}],"author":[{"embeddable":true,"href":"https:\/\/jorgezanoni.com.br\/2019\/wp-json\/wp\/v2\/users\/1"}],"replies":[{"embeddable":true,"href":"https:\/\/jorgezanoni.com.br\/2019\/wp-json\/wp\/v2\/comments?post=19732"}],"version-history":[{"count":0,"href":"https:\/\/jorgezanoni.com.br\/2019\/wp-json\/wp\/v2\/posts\/19732\/revisions"}],"wp:featuredmedia":[{"embeddable":true,"href":"https:\/\/jorgezanoni.com.br\/2019\/wp-json\/wp\/v2\/media\/19733"}],"wp:attachment":[{"href":"https:\/\/jorgezanoni.com.br\/2019\/wp-json\/wp\/v2\/media?parent=19732"}],"wp:term":[{"taxonomy":"category","embeddable":true,"href":"https:\/\/jorgezanoni.com.br\/2019\/wp-json\/wp\/v2\/categories?post=19732"},{"taxonomy":"post_tag","embeddable":true,"href":"https:\/\/jorgezanoni.com.br\/2019\/wp-json\/wp\/v2\/tags?post=19732"}],"curies":[{"name":"wp","href":"https:\/\/api.w.org\/{rel}","templated":true}]}}