{"id":19721,"date":"2020-02-25T17:02:23","date_gmt":"2020-02-25T17:02:23","guid":{"rendered":"https:\/\/jorgezanoni.com.br\/2019\/?p=19721"},"modified":"2020-02-25T17:16:05","modified_gmt":"2020-02-25T17:16:05","slug":"dracena-vive-uma-epidemia-de-dengue-e-postos-de-saude-e-ubs-ficam-fechados-por-5-dias","status":"publish","type":"post","link":"https:\/\/jorgezanoni.com.br\/2019\/dracena-vive-uma-epidemia-de-dengue-e-postos-de-saude-e-ubs-ficam-fechados-por-5-dias\/","title":{"rendered":"Dracena vive uma epidemia de Dengue e Postos de Sa\u00fade e UBS ficam fechados por 5 dias"},"content":{"rendered":"<p style=\"text-align: justify;\"><strong>Popula\u00e7\u00e3o que tem necessitado dos servi\u00e7os de sa\u00fade no per\u00edodo de Carnaval, tem reclamado do descaso da administra\u00e7\u00e3o municipal.<\/strong><\/p>\n<p style=\"text-align: justify;\">Sabemos dos plant\u00f5es, at\u00e9 porque foi divulgado no Site JZ o Ponto Facultativo da Prefeitura Municipal (veja link no final), por\u00e9m \u00e9 inconceb\u00edvel que no per\u00edodo que estamos passando com uma EPIDEMIA DE DENGUE que j\u00e1 passa dos 700 casos no papel, mas com certeza \u00e9 muito maior, que a Sa\u00fade de Dracena fique mais doente do que j\u00e1 est\u00e1.<\/p>\n<p style=\"text-align: justify;\">N\u00e3o temos absolutamente nada contra o tal PONTO FACULTATIVO, direito adquirido pelos Funcion\u00e1rios, mas se \u00e9 FACULTATIVO, pode se abrir os Postos de Sa\u00fade e UBS e se fazer um revezamento para atender o sofrido povo, principalmente os mais humildes que n\u00e3o tem condi\u00e7\u00f5es de pagar uma consulta.<\/p>\n<p style=\"text-align: justify;\">Uma Policl\u00ednica atendendo da maneira que est\u00e1 na mat\u00e9ria a n\u00f3s enviada, \u00e9 pouco, pois sobrecarregou de forma absurda o Pronto Atendimento Municipal (PAM), com pessoas criticando com raz\u00e3o a maneira do descaso como tem sido tratados. Depoimentos em v\u00eddeos feitos pela reportagem do Jornal Interativo e compartilhado pelo Site JZ, confirmam que h\u00e1 espera de at\u00e9 mais de 6 (seis) horas para atendimento.<\/p>\n<p style=\"text-align: justify;\">Precisamos deixar claro que n\u00e3o estamos aqui culpando os m\u00e9dicos e funcion\u00e1rios do PAM, pois eles tem se desdobrado ao extremo, talvez at\u00e9 passando por estresses desnecess\u00e1rios e chegando ao limite da capacidade de trabalho, mas por conta de um mal planejamento da administra\u00e7\u00e3o que n\u00e3o est\u00e1 tratando a situa\u00e7\u00e3o com a devida aten\u00e7\u00e3o que deveria.<\/p>\n<p style=\"text-align: justify;\">Isso n\u00e3o pode acontecer, n\u00e3o deve se repetir, PONTO FACULTATIVO sim, mas quando a cidade est\u00e1 sem EPIDEMIA, BURACOS NAS RUAS TAPADOS, LOTES CAPINADOS, COM A SA\u00daDE GERAL DO MUNIC\u00cdPIO EM DIA, e mais alguns detalhes que pod\u00edamos enumenar, mas que n\u00e3o vem ao caso.<\/p>\n<p style=\"text-align: justify;\">Lembrando que esse ano de 2020 temos elei\u00e7\u00e3o, e um mal planejamento, uma falta de considera\u00e7\u00e3o, um n\u00e3o para um mun\u00edcipe necessitado pode pesar e muito. Est\u00e1 na hora de rever conceitos, valores e ver o que \u00e9 melhor para a popula\u00e7\u00e3o, n\u00e3o para se fazer economia com portas fechadas, em detrimento de pessoas doentes.<\/p>\n<p style=\"text-align: justify;\">Como vimos nas reportagens, o povo fica jogado \u00e0s tra\u00e7as, n\u00e3o tem ningu\u00e9m da administra\u00e7\u00e3o que vem dar a cara a tapa numa hora de uma urg\u00eancia, fica um jogo de empurra que leva horas para ser resolvido. Isso cansa, d\u00e1 desespero, e acaba a maioria das vezes virando caso de Pol\u00edcia.<\/p>\n<p style=\"text-align: justify;\">Continuaremos atentos aos acontecimentos, n\u00e3o venham os senhores que deveriam estar atentos ao problema e n\u00e3o tem dado satisfa\u00e7\u00e3o, vir querer depois perseguir ou n\u00e3o aceitar as verdades dos fatos, pois contra fatos, n\u00e3o h\u00e1 argumentos. Estamos s\u00f3 buscando tentar fazer uma cidade melhor e no m\u00ednimo justa com quem paga impostos.<\/p>\n<p style=\"text-align: justify;\">S\u00f3 a t\u00edtulo de argumentos: Junqueir\u00f3polis que \u00e9 menor menor que Dracena e Presidente Prudente maior, abrem o setor de Sa\u00fade normalmente nesta quarta-feira.<\/p>\n<p style=\"text-align: justify;\">Recebemos diversos coment\u00e1rios negativos quanto ao que est\u00e1 acontecendo na Sa\u00fade de Dracena, especialmente no PAM, e selecionamos ao menos dois, sem falar dos v\u00eddeos feitos no pr\u00f3prio PAM e das reclama\u00e7\u00f5es do Transporte de Ambul\u00e2ncia.<\/p>\n<p style=\"text-align: justify;\">&#8220;Bom dia aqui vai meu desabafo, ontem (24) estive no pronto Socorro com a minha filha que est\u00e1 gr\u00e1vida de 39 semanas e 4 dias, \u00e9 uma gravidez de alto risco, pois bem chegamos ao pronto socorro as 13 horas a m\u00e9dica liberou ela as 22 horas, chamei uma ambul\u00e2ncia para nos levar para casa, esperamos 35 minutos, nada de ambul\u00e2ncia liguei novamente, esperamos mais 30 minutos e nada de ambul\u00e2ncia, a\u00ed eu pergunto onde estava o motorista da ambul\u00e2ncia, deveria estar dormindo, derrepente chegou uma mulher ao pronto socorro muito mal chamou a ambul\u00e2ncia e n\u00e3o foram buscar ela, quem a levou ao pronto socorro foram os policiais, torno a perguntar, cad\u00ea a ambul\u00e2ncia e o motorista com certeza estava dormindo isso \u00e9 um descaso com os pacientes que precisam deles, mas ainda existe pessoas boas tinha um casal com o filhinho doente esperando para ser atendidos,se prontificaram a me ajudar vendo a situa\u00e7\u00e3o da minha filha ficaram com d\u00f3 e se ofereceram a n\u00f3s ajudar trouxeram a gente para casa, eu s\u00f3 tenho a agradecer esse casal que infelizmente esqueci de perguntar o nome deles pois estava cansada e nervosa por conta da situa\u00e7\u00e3o, mas agrade\u00e7o eles muito obrigada que Deus aben\u00e7oe muitoooo aquela fam\u00edlia, s\u00f3 mais uma coisa, onde estava a ambul\u00e2ncia e o motorista?? DESCASO TOTAL, e falta de profissionalismo esse \u00e9 o meu desabafo&#8221;.<\/p>\n<p style=\"text-align: justify;\">&#8220;Voc\u00ea viu a entrevista do Davi com a irm\u00e3 de um dracenense que foi mal atendido no PAM?<br \/>\nVeja. Voc\u00ea vai ficar estarrecido. Isso poderia acontecer comigo, com voc\u00ea, com nossos familiares, com nossos amigos. Vamos cobrar provid\u00eancias do prefeito, da Secretaria de Sa\u00fade, dos vereadores provid\u00eancias para mudar essa situa\u00e7\u00e3o. Pedir que os postos de sa\u00fade abram 4a Feira para atender a popula\u00e7\u00e3o pois o Prefeito Juliano esticou o carnaval e decretou ponto facultativo quarta feira, ou seja, em meio a uma crise de dengue, os postos de sa\u00fade estar\u00e3o fechados por cinco dias seguidos&#8221;.<\/p>\n<p style=\"text-align: justify;\">veja o link do decreto de Ponto Facultativo: https:\/\/jorgezanoni.com.br\/2019\/2020\/02\/21\/prefeitura-de-dracena-so-reabre-na-quinta-feira-27\/<\/p>\n<p>Jorge Zanoni<\/p>\n<p>Imagem Ilustrativa<\/p>\n<p style=\"text-align: justify;\">\n","protected":false},"excerpt":{"rendered":"<p>Popula\u00e7\u00e3o que tem necessitado dos servi\u00e7os de sa\u00fade no per\u00edodo de Carnaval, tem reclamado do descaso da administra\u00e7\u00e3o municipal. Sabemos dos plant\u00f5es, at\u00e9 porque foi divulgado no Site JZ o Ponto Facultativo da Prefeitura Municipal (veja link no final), por\u00e9m \u00e9 inconceb\u00edvel que no per\u00edodo que estamos passando com uma EPIDEMIA DE DENGUE que j\u00e1 [&hellip;]<\/p>\n","protected":false},"author":1,"featured_media":19726,"comment_status":"closed","ping_status":"open","sticky":false,"template":"","format":"standard","meta":{"footnotes":""},"categories":[110,122],"tags":[],"class_list":["post-19721","post","type-post","status-publish","format-standard","has-post-thumbnail","hentry","category-noticiasdestaque","category-saudeeducacaoeconcurso"],"_links":{"self":[{"href":"https:\/\/jorgezanoni.com.br\/2019\/wp-json\/wp\/v2\/posts\/19721","targetHints":{"allow":["GET"]}}],"collection":[{"href":"https:\/\/jorgezanoni.com.br\/2019\/wp-json\/wp\/v2\/posts"}],"about":[{"href":"https:\/\/jorgezanoni.com.br\/2019\/wp-json\/wp\/v2\/types\/post"}],"author":[{"embeddable":true,"href":"https:\/\/jorgezanoni.com.br\/2019\/wp-json\/wp\/v2\/users\/1"}],"replies":[{"embeddable":true,"href":"https:\/\/jorgezanoni.com.br\/2019\/wp-json\/wp\/v2\/comments?post=19721"}],"version-history":[{"count":0,"href":"https:\/\/jorgezanoni.com.br\/2019\/wp-json\/wp\/v2\/posts\/19721\/revisions"}],"wp:featuredmedia":[{"embeddable":true,"href":"https:\/\/jorgezanoni.com.br\/2019\/wp-json\/wp\/v2\/media\/19726"}],"wp:attachment":[{"href":"https:\/\/jorgezanoni.com.br\/2019\/wp-json\/wp\/v2\/media?parent=19721"}],"wp:term":[{"taxonomy":"category","embeddable":true,"href":"https:\/\/jorgezanoni.com.br\/2019\/wp-json\/wp\/v2\/categories?post=19721"},{"taxonomy":"post_tag","embeddable":true,"href":"https:\/\/jorgezanoni.com.br\/2019\/wp-json\/wp\/v2\/tags?post=19721"}],"curies":[{"name":"wp","href":"https:\/\/api.w.org\/{rel}","templated":true}]}}