{"id":19717,"date":"2020-02-25T15:54:20","date_gmt":"2020-02-25T15:54:20","guid":{"rendered":"https:\/\/jorgezanoni.com.br\/2019\/?p=19717"},"modified":"2020-02-25T15:59:17","modified_gmt":"2020-02-25T15:59:17","slug":"veja-video-do-exemplo-do-prefeito-de-colatina-no-espirito-santo","status":"publish","type":"post","link":"https:\/\/jorgezanoni.com.br\/2019\/veja-video-do-exemplo-do-prefeito-de-colatina-no-espirito-santo\/","title":{"rendered":"Veja v\u00eddeo do exemplo do Prefeito de Colatina no Esp\u00edrito Santo"},"content":{"rendered":"<p>Prefeito S\u00e9rgio Meneguelli.<\/p>\n<div id=\"fb-root\"><\/div>\n<p><script async=\"1\" defer=\"1\" crossorigin=\"anonymous\" src=\"https:\/\/connect.facebook.net\/en_US\/sdk.js#xfbml=1&amp;version=v6.0\"><\/script><\/p>\n<div class=\"fb-video\" data-href=\"https:\/\/www.facebook.com\/sergiomeneguellioficial\/videos\/577783442950227\/\" data-width=\"696\">\n<blockquote cite=\"https:\/\/www.facebook.com\/sergiomeneguellioficial\/videos\/577783442950227\/\" class=\"fb-xfbml-parse-ignore\"><p><a href=\"https:\/\/www.facebook.com\/sergiomeneguellioficial\/videos\/577783442950227\/\">Segunda feira de carnaval&gt;Obrigado Senhor, por mais uma manh\u00e3 de carnaval, bem produtiva!!<\/a><\/p>\n<p>Obrigado Senhor, por mais uma manh\u00e3 de carnaval, bem produtiva!!<\/p>\n<p>Posted by <a href=\"https:\/\/www.facebook.com\/sergiomeneguellioficial\/\">Sergio Meneguelli<\/a> on Monday, February 24, 2020<\/p><\/blockquote>\n<\/div>\n","protected":false},"excerpt":{"rendered":"<p>Prefeito S\u00e9rgio Meneguelli. Segunda feira de carnaval&gt;Obrigado Senhor, por mais uma manh\u00e3 de carnaval, bem produtiva!! Obrigado Senhor, por mais uma manh\u00e3 de carnaval, bem produtiva!! Posted by Sergio Meneguelli on Monday, February 24, 2020<\/p>\n","protected":false},"author":1,"featured_media":19718,"comment_status":"closed","ping_status":"open","sticky":false,"template":"","format":"standard","meta":{"footnotes":""},"categories":[116,169],"tags":[],"class_list":["post-19717","post","type-post","status-publish","format-standard","has-post-thumbnail","hentry","category-politicaeeconomia","category-videos"],"_links":{"self":[{"href":"https:\/\/jorgezanoni.com.br\/2019\/wp-json\/wp\/v2\/posts\/19717","targetHints":{"allow":["GET"]}}],"collection":[{"href":"https:\/\/jorgezanoni.com.br\/2019\/wp-json\/wp\/v2\/posts"}],"about":[{"href":"https:\/\/jorgezanoni.com.br\/2019\/wp-json\/wp\/v2\/types\/post"}],"author":[{"embeddable":true,"href":"https:\/\/jorgezanoni.com.br\/2019\/wp-json\/wp\/v2\/users\/1"}],"replies":[{"embeddable":true,"href":"https:\/\/jorgezanoni.com.br\/2019\/wp-json\/wp\/v2\/comments?post=19717"}],"version-history":[{"count":0,"href":"https:\/\/jorgezanoni.com.br\/2019\/wp-json\/wp\/v2\/posts\/19717\/revisions"}],"wp:featuredmedia":[{"embeddable":true,"href":"https:\/\/jorgezanoni.com.br\/2019\/wp-json\/wp\/v2\/media\/19718"}],"wp:attachment":[{"href":"https:\/\/jorgezanoni.com.br\/2019\/wp-json\/wp\/v2\/media?parent=19717"}],"wp:term":[{"taxonomy":"category","embeddable":true,"href":"https:\/\/jorgezanoni.com.br\/2019\/wp-json\/wp\/v2\/categories?post=19717"},{"taxonomy":"post_tag","embeddable":true,"href":"https:\/\/jorgezanoni.com.br\/2019\/wp-json\/wp\/v2\/tags?post=19717"}],"curies":[{"name":"wp","href":"https:\/\/api.w.org\/{rel}","templated":true}]}}