{"id":19667,"date":"2020-02-25T13:18:24","date_gmt":"2020-02-25T13:18:24","guid":{"rendered":"https:\/\/jorgezanoni.com.br\/2019\/?p=19667"},"modified":"2020-02-25T13:25:54","modified_gmt":"2020-02-25T13:25:54","slug":"morre-o-senhor-alcidio-valezi","status":"publish","type":"post","link":"https:\/\/jorgezanoni.com.br\/2019\/morre-o-senhor-alcidio-valezi\/","title":{"rendered":"Morre o senhor Alcidio Valezi"},"content":{"rendered":"<p style=\"text-align: justify;\">Faleceu durante esta noite, o senhor Alcidio Valezi de 86 anos. Seu Corpo est\u00e1 sendo velado no Memorial Vida Prev e o Sepultamento ser\u00e1 as 15:30 Horas no Cemit\u00e9rio Municipal de Dracena.<\/p>\n<p><img loading=\"lazy\" decoding=\"async\" class=\"alignnone size-full wp-image-19670\" src=\"https:\/\/jorgezanoni.com.br\/2019\/wp-content\/uploads\/2020\/02\/valezi1.jpg\" alt=\"\" width=\"1280\" height=\"751\" srcset=\"https:\/\/jorgezanoni.com.br\/2019\/wp-content\/uploads\/2020\/02\/valezi1.jpg 1280w, https:\/\/jorgezanoni.com.br\/2019\/wp-content\/uploads\/2020\/02\/valezi1-300x176.jpg 300w, https:\/\/jorgezanoni.com.br\/2019\/wp-content\/uploads\/2020\/02\/valezi1-768x451.jpg 768w, https:\/\/jorgezanoni.com.br\/2019\/wp-content\/uploads\/2020\/02\/valezi1-1024x601.jpg 1024w, https:\/\/jorgezanoni.com.br\/2019\/wp-content\/uploads\/2020\/02\/valezi1-696x408.jpg 696w, https:\/\/jorgezanoni.com.br\/2019\/wp-content\/uploads\/2020\/02\/valezi1-1068x627.jpg 1068w, https:\/\/jorgezanoni.com.br\/2019\/wp-content\/uploads\/2020\/02\/valezi1-716x420.jpg 716w\" sizes=\"auto, (max-width: 1280px) 100vw, 1280px\" \/><\/p>\n<p style=\"text-align: justify;\">A fam\u00edlia enlutada, os votos de pesar do Site JZ<\/p>\n<p>&nbsp;<\/p>\n<p>&nbsp;<\/p>\n","protected":false},"excerpt":{"rendered":"<p>Faleceu durante esta noite, o senhor Alcidio Valezi de 86 anos. Seu Corpo est\u00e1 sendo velado no Memorial Vida Prev e o Sepultamento ser\u00e1 as 15:30 Horas no Cemit\u00e9rio Municipal de Dracena. A fam\u00edlia enlutada, os votos de pesar do Site JZ &nbsp; &nbsp;<\/p>\n","protected":false},"author":1,"featured_media":19668,"comment_status":"closed","ping_status":"open","sticky":false,"template":"","format":"standard","meta":{"footnotes":""},"categories":[178,110],"tags":[],"class_list":["post-19667","post","type-post","status-publish","format-standard","has-post-thumbnail","hentry","category-notadefalecimento","category-noticiasdestaque"],"_links":{"self":[{"href":"https:\/\/jorgezanoni.com.br\/2019\/wp-json\/wp\/v2\/posts\/19667","targetHints":{"allow":["GET"]}}],"collection":[{"href":"https:\/\/jorgezanoni.com.br\/2019\/wp-json\/wp\/v2\/posts"}],"about":[{"href":"https:\/\/jorgezanoni.com.br\/2019\/wp-json\/wp\/v2\/types\/post"}],"author":[{"embeddable":true,"href":"https:\/\/jorgezanoni.com.br\/2019\/wp-json\/wp\/v2\/users\/1"}],"replies":[{"embeddable":true,"href":"https:\/\/jorgezanoni.com.br\/2019\/wp-json\/wp\/v2\/comments?post=19667"}],"version-history":[{"count":0,"href":"https:\/\/jorgezanoni.com.br\/2019\/wp-json\/wp\/v2\/posts\/19667\/revisions"}],"wp:featuredmedia":[{"embeddable":true,"href":"https:\/\/jorgezanoni.com.br\/2019\/wp-json\/wp\/v2\/media\/19668"}],"wp:attachment":[{"href":"https:\/\/jorgezanoni.com.br\/2019\/wp-json\/wp\/v2\/media?parent=19667"}],"wp:term":[{"taxonomy":"category","embeddable":true,"href":"https:\/\/jorgezanoni.com.br\/2019\/wp-json\/wp\/v2\/categories?post=19667"},{"taxonomy":"post_tag","embeddable":true,"href":"https:\/\/jorgezanoni.com.br\/2019\/wp-json\/wp\/v2\/tags?post=19667"}],"curies":[{"name":"wp","href":"https:\/\/api.w.org\/{rel}","templated":true}]}}