{"id":19623,"date":"2020-02-24T22:40:50","date_gmt":"2020-02-24T22:40:50","guid":{"rendered":"https:\/\/jorgezanoni.com.br\/2019\/?p=19623"},"modified":"2020-02-24T23:21:38","modified_gmt":"2020-02-24T23:21:38","slug":"acidente-entre-veiculo-e-moto-deixa-mulher-ferida-no-centro-da-cidade","status":"publish","type":"post","link":"https:\/\/jorgezanoni.com.br\/2019\/acidente-entre-veiculo-e-moto-deixa-mulher-ferida-no-centro-da-cidade\/","title":{"rendered":"Acidente entre ve\u00edculo e moto deixa mulher ferida no centro da cidade (Veja o v\u00eddeo)"},"content":{"rendered":"<p style=\"text-align: justify;\"><strong>Por volta de 12:50 Horas desta segunda-feira (24), aconteceu um acidente na regi\u00e3o central de Dracena.<\/strong><\/p>\n<p><img loading=\"lazy\" decoding=\"async\" class=\"alignnone size-full wp-image-19624\" src=\"https:\/\/jorgezanoni.com.br\/2019\/wp-content\/uploads\/2020\/02\/IMG_2655.jpg\" alt=\"\" width=\"800\" height=\"600\" srcset=\"https:\/\/jorgezanoni.com.br\/2019\/wp-content\/uploads\/2020\/02\/IMG_2655.jpg 800w, https:\/\/jorgezanoni.com.br\/2019\/wp-content\/uploads\/2020\/02\/IMG_2655-300x225.jpg 300w, https:\/\/jorgezanoni.com.br\/2019\/wp-content\/uploads\/2020\/02\/IMG_2655-768x576.jpg 768w, https:\/\/jorgezanoni.com.br\/2019\/wp-content\/uploads\/2020\/02\/IMG_2655-80x60.jpg 80w, https:\/\/jorgezanoni.com.br\/2019\/wp-content\/uploads\/2020\/02\/IMG_2655-265x198.jpg 265w, https:\/\/jorgezanoni.com.br\/2019\/wp-content\/uploads\/2020\/02\/IMG_2655-696x522.jpg 696w, https:\/\/jorgezanoni.com.br\/2019\/wp-content\/uploads\/2020\/02\/IMG_2655-560x420.jpg 560w\" sizes=\"auto, (max-width: 800px) 100vw, 800px\" \/><\/p>\n<p style=\"text-align: justify;\">Segundo informa\u00e7\u00f5es obtidas no local pela reportagem do Site JZ, um ve\u00edculo Astra placas de Tupi Paulista dirigido por homem de 51 nos, fazia o sentido bairro-centro pela avenida Rui Barbosa e quando entrava a esquerda na rua 15 de novembro, foi colidido na lateral direita por uma Motocicleta placa de Dracena pilotada por uma mulher de 25 anos que fazia o sentido contr\u00e1rio.<\/p>\n<p style=\"text-align: justify;\">Com o impacto da batida a mulher que bateu no para lamas direito direito do ve\u00edculo e quebrou o parabrisas, acabou voando por cima do ve\u00edculo e caindo do outro lado.<\/p>\n<p style=\"text-align: justify;\">Uma Unidade de Resgate do Corpo de Bombeiros esteve no local e socorreu a mulher para o Pronto Atendimento Municipal com ferimentos no rosto e na m\u00e3o. Ela passaria por exames e raio-x na Santa Casa. O motorista n\u00e3o se feriu.<\/p>\n<p style=\"text-align: justify;\">A Pol\u00edcia Militar esteve no local e registrou o Boletim de Ocorr\u00eancia, a Pol\u00edcia T\u00e9cnica vai apurar as causas do acidente.<\/p>\n<p><img loading=\"lazy\" decoding=\"async\" class=\"alignnone size-full wp-image-19625\" src=\"https:\/\/jorgezanoni.com.br\/2019\/wp-content\/uploads\/2020\/02\/IMG_2656.jpg\" alt=\"\" width=\"800\" height=\"600\" srcset=\"https:\/\/jorgezanoni.com.br\/2019\/wp-content\/uploads\/2020\/02\/IMG_2656.jpg 800w, https:\/\/jorgezanoni.com.br\/2019\/wp-content\/uploads\/2020\/02\/IMG_2656-300x225.jpg 300w, https:\/\/jorgezanoni.com.br\/2019\/wp-content\/uploads\/2020\/02\/IMG_2656-768x576.jpg 768w, https:\/\/jorgezanoni.com.br\/2019\/wp-content\/uploads\/2020\/02\/IMG_2656-80x60.jpg 80w, https:\/\/jorgezanoni.com.br\/2019\/wp-content\/uploads\/2020\/02\/IMG_2656-265x198.jpg 265w, https:\/\/jorgezanoni.com.br\/2019\/wp-content\/uploads\/2020\/02\/IMG_2656-696x522.jpg 696w, https:\/\/jorgezanoni.com.br\/2019\/wp-content\/uploads\/2020\/02\/IMG_2656-560x420.jpg 560w\" sizes=\"auto, (max-width: 800px) 100vw, 800px\" \/> <img loading=\"lazy\" decoding=\"async\" class=\"alignnone size-full wp-image-19627\" src=\"https:\/\/jorgezanoni.com.br\/2019\/wp-content\/uploads\/2020\/02\/IMG_2658.jpg\" alt=\"\" width=\"800\" height=\"600\" srcset=\"https:\/\/jorgezanoni.com.br\/2019\/wp-content\/uploads\/2020\/02\/IMG_2658.jpg 800w, https:\/\/jorgezanoni.com.br\/2019\/wp-content\/uploads\/2020\/02\/IMG_2658-300x225.jpg 300w, https:\/\/jorgezanoni.com.br\/2019\/wp-content\/uploads\/2020\/02\/IMG_2658-768x576.jpg 768w, https:\/\/jorgezanoni.com.br\/2019\/wp-content\/uploads\/2020\/02\/IMG_2658-80x60.jpg 80w, https:\/\/jorgezanoni.com.br\/2019\/wp-content\/uploads\/2020\/02\/IMG_2658-265x198.jpg 265w, https:\/\/jorgezanoni.com.br\/2019\/wp-content\/uploads\/2020\/02\/IMG_2658-696x522.jpg 696w, https:\/\/jorgezanoni.com.br\/2019\/wp-content\/uploads\/2020\/02\/IMG_2658-560x420.jpg 560w\" sizes=\"auto, (max-width: 800px) 100vw, 800px\" \/> <img loading=\"lazy\" decoding=\"async\" class=\"alignnone size-full wp-image-19628\" src=\"https:\/\/jorgezanoni.com.br\/2019\/wp-content\/uploads\/2020\/02\/IMG_2659.jpg\" alt=\"\" width=\"800\" height=\"600\" srcset=\"https:\/\/jorgezanoni.com.br\/2019\/wp-content\/uploads\/2020\/02\/IMG_2659.jpg 800w, https:\/\/jorgezanoni.com.br\/2019\/wp-content\/uploads\/2020\/02\/IMG_2659-300x225.jpg 300w, https:\/\/jorgezanoni.com.br\/2019\/wp-content\/uploads\/2020\/02\/IMG_2659-768x576.jpg 768w, https:\/\/jorgezanoni.com.br\/2019\/wp-content\/uploads\/2020\/02\/IMG_2659-80x60.jpg 80w, https:\/\/jorgezanoni.com.br\/2019\/wp-content\/uploads\/2020\/02\/IMG_2659-265x198.jpg 265w, https:\/\/jorgezanoni.com.br\/2019\/wp-content\/uploads\/2020\/02\/IMG_2659-696x522.jpg 696w, https:\/\/jorgezanoni.com.br\/2019\/wp-content\/uploads\/2020\/02\/IMG_2659-560x420.jpg 560w\" sizes=\"auto, (max-width: 800px) 100vw, 800px\" \/><\/p>\n<p style=\"text-align: justify;\">Jorge Zanoni<\/p>\n<div style=\"width: 640px;\" class=\"wp-video\"><video class=\"wp-video-shortcode\" id=\"video-19623-1\" width=\"640\" height=\"352\" preload=\"metadata\" controls=\"controls\"><source type=\"video\/mp4\" src=\"https:\/\/jorgezanoni.com.br\/2019\/wp-content\/uploads\/2020\/02\/WhatsApp-Video-2020-02-24-at-18.27.10.mp4?_=1\" \/><a href=\"https:\/\/jorgezanoni.com.br\/2019\/wp-content\/uploads\/2020\/02\/WhatsApp-Video-2020-02-24-at-18.27.10.mp4\">https:\/\/jorgezanoni.com.br\/2019\/wp-content\/uploads\/2020\/02\/WhatsApp-Video-2020-02-24-at-18.27.10.mp4<\/a><\/video><\/div>\n<p style=\"text-align: justify;\">V\u00eddeo cedido por comerciante das imedia\u00e7\u00f5es.<\/p>\n<p>&nbsp;<\/p>\n","protected":false},"excerpt":{"rendered":"<p>Por volta de 12:50 Horas desta segunda-feira (24), aconteceu um acidente na regi\u00e3o central de Dracena. Segundo informa\u00e7\u00f5es obtidas no local pela reportagem do Site JZ, um ve\u00edculo Astra placas de Tupi Paulista dirigido por homem de 51 nos, fazia o sentido bairro-centro pela avenida Rui Barbosa e quando entrava a esquerda na rua 15 [&hellip;]<\/p>\n","protected":false},"author":1,"featured_media":19626,"comment_status":"closed","ping_status":"open","sticky":false,"template":"","format":"video","meta":{"footnotes":""},"categories":[170,110,169],"tags":[],"class_list":["post-19623","post","type-post","status-publish","format-video","has-post-thumbnail","hentry","category-acidentes","category-noticiasdestaque","category-videos","post_format-post-format-video"],"_links":{"self":[{"href":"https:\/\/jorgezanoni.com.br\/2019\/wp-json\/wp\/v2\/posts\/19623","targetHints":{"allow":["GET"]}}],"collection":[{"href":"https:\/\/jorgezanoni.com.br\/2019\/wp-json\/wp\/v2\/posts"}],"about":[{"href":"https:\/\/jorgezanoni.com.br\/2019\/wp-json\/wp\/v2\/types\/post"}],"author":[{"embeddable":true,"href":"https:\/\/jorgezanoni.com.br\/2019\/wp-json\/wp\/v2\/users\/1"}],"replies":[{"embeddable":true,"href":"https:\/\/jorgezanoni.com.br\/2019\/wp-json\/wp\/v2\/comments?post=19623"}],"version-history":[{"count":0,"href":"https:\/\/jorgezanoni.com.br\/2019\/wp-json\/wp\/v2\/posts\/19623\/revisions"}],"wp:featuredmedia":[{"embeddable":true,"href":"https:\/\/jorgezanoni.com.br\/2019\/wp-json\/wp\/v2\/media\/19626"}],"wp:attachment":[{"href":"https:\/\/jorgezanoni.com.br\/2019\/wp-json\/wp\/v2\/media?parent=19623"}],"wp:term":[{"taxonomy":"category","embeddable":true,"href":"https:\/\/jorgezanoni.com.br\/2019\/wp-json\/wp\/v2\/categories?post=19623"},{"taxonomy":"post_tag","embeddable":true,"href":"https:\/\/jorgezanoni.com.br\/2019\/wp-json\/wp\/v2\/tags?post=19623"}],"curies":[{"name":"wp","href":"https:\/\/api.w.org\/{rel}","templated":true}]}}