{"id":19613,"date":"2020-02-24T20:49:23","date_gmt":"2020-02-24T20:49:23","guid":{"rendered":"https:\/\/jorgezanoni.com.br\/2019\/?p=19613"},"modified":"2020-02-24T20:49:23","modified_gmt":"2020-02-24T20:49:23","slug":"motorista-morre-em-acidente-entre-carreta-e-caminhao-carregado-com-oleo-em-rodovia-de-ms","status":"publish","type":"post","link":"https:\/\/jorgezanoni.com.br\/2019\/motorista-morre-em-acidente-entre-carreta-e-caminhao-carregado-com-oleo-em-rodovia-de-ms\/","title":{"rendered":"Motorista morre em acidente entre carreta e caminh\u00e3o carregado com \u00f3leo em rodovia de MS"},"content":{"rendered":"<h2 class=\"content-head__subtitle\" style=\"text-align: justify;\"><strong>De acordo com os bombeiros, motorista da carreta morreu com o impacto dos ve\u00edculos. Acidente foi na BR-267, em Nova Alvorada do Sul.<\/strong><\/h2>\n<div class=\"mc-column content-text active-extra-styles \" data-block-type=\"unstyled\" data-block-weight=\"37\" data-block-id=\"2\">\n<p class=\"content-text__container \" style=\"text-align: justify;\" data-track-category=\"Link no Texto\" data-track-links=\"\">Um homem morreu ap\u00f3s uma colis\u00e3o entre uma carreta e um caminh\u00e3o carregado com \u00f3leo no in\u00edcio da tarde deste domingo (23), na BR-267, pr\u00f3ximo a Nova Alvorada do Sul, a 115 km de Campo Grande.<\/p>\n<\/div>\n<div class=\"wall protected-content\">\n<div class=\"mc-column content-text active-extra-styles \" data-block-type=\"unstyled\" data-block-weight=\"34\" data-block-id=\"3\">\n<p class=\"content-text__container \" style=\"text-align: justify;\" data-track-category=\"Link no Texto\" data-track-links=\"\">De acordo com o Corpo de Bombeiros, a v\u00edtima era o motorista da carreta que estava carregada com pacotes de biscoitos. O acidente foi a cerca de 30 km de Nova Alvorada do Sul.<\/p>\n<p style=\"text-align: justify;\" data-track-category=\"Link no Texto\" data-track-links=\"\"><img loading=\"lazy\" decoding=\"async\" class=\"alignnone size-full wp-image-19614\" src=\"https:\/\/jorgezanoni.com.br\/2019\/wp-content\/uploads\/2020\/02\/alvorada1.jpeg\" alt=\"\" width=\"640\" height=\"480\" srcset=\"https:\/\/jorgezanoni.com.br\/2019\/wp-content\/uploads\/2020\/02\/alvorada1.jpeg 640w, https:\/\/jorgezanoni.com.br\/2019\/wp-content\/uploads\/2020\/02\/alvorada1-300x225.jpeg 300w, https:\/\/jorgezanoni.com.br\/2019\/wp-content\/uploads\/2020\/02\/alvorada1-80x60.jpeg 80w, https:\/\/jorgezanoni.com.br\/2019\/wp-content\/uploads\/2020\/02\/alvorada1-265x198.jpeg 265w, https:\/\/jorgezanoni.com.br\/2019\/wp-content\/uploads\/2020\/02\/alvorada1-560x420.jpeg 560w\" sizes=\"auto, (max-width: 640px) 100vw, 640px\" \/>Carreta ficou destru\u00edda ap\u00f3s batida com caminh\u00e3o, em Nova Alvorada do Sul (MS). \u2014 Foto: Alvorada Informa<\/p>\n<div class=\"mc-column content-text active-extra-styles \" data-block-type=\"unstyled\" data-block-weight=\"41\" data-block-id=\"5\">\n<p class=\"content-text__container \" style=\"text-align: justify;\" data-track-category=\"Link no Texto\" data-track-links=\"\">Segundo a ocorr\u00eancia, o motorista morreu antes do socorro chegar. O outro motorista foi socorrido e encaminhado para um hospital da regi\u00e3o. Esquipes dos bombeiros e da Pol\u00edcia Rodovi\u00e1ria Federal (PRF) est\u00e3o no local. As duas pistas da via foram fechadas.<\/p>\n<p style=\"text-align: justify;\" data-track-category=\"Link no Texto\" data-track-links=\"\"><img loading=\"lazy\" decoding=\"async\" class=\"alignnone size-full wp-image-19615\" src=\"https:\/\/jorgezanoni.com.br\/2019\/wp-content\/uploads\/2020\/02\/alvorada2.jpg\" alt=\"\" width=\"640\" height=\"347\" srcset=\"https:\/\/jorgezanoni.com.br\/2019\/wp-content\/uploads\/2020\/02\/alvorada2.jpg 640w, https:\/\/jorgezanoni.com.br\/2019\/wp-content\/uploads\/2020\/02\/alvorada2-300x163.jpg 300w\" sizes=\"auto, (max-width: 640px) 100vw, 640px\" \/>Motorista de carreta morre ap\u00f3s colis\u00e3o com caminh\u00e3o. \u2014 Foto: Alvorada Informa<\/p>\n<p style=\"text-align: justify;\" data-track-category=\"Link no Texto\" data-track-links=\"\">Fonte: G1<\/p>\n<\/div>\n<\/div>\n<\/div>\n","protected":false},"excerpt":{"rendered":"<p>De acordo com os bombeiros, motorista da carreta morreu com o impacto dos ve\u00edculos. Acidente foi na BR-267, em Nova Alvorada do Sul. Um homem morreu ap\u00f3s uma colis\u00e3o entre uma carreta e um caminh\u00e3o carregado com \u00f3leo no in\u00edcio da tarde deste domingo (23), na BR-267, pr\u00f3ximo a Nova Alvorada do Sul, a 115 [&hellip;]<\/p>\n","protected":false},"author":1,"featured_media":19616,"comment_status":"closed","ping_status":"open","sticky":false,"template":"","format":"standard","meta":{"footnotes":""},"categories":[170,110],"tags":[],"class_list":["post-19613","post","type-post","status-publish","format-standard","has-post-thumbnail","hentry","category-acidentes","category-noticiasdestaque"],"_links":{"self":[{"href":"https:\/\/jorgezanoni.com.br\/2019\/wp-json\/wp\/v2\/posts\/19613","targetHints":{"allow":["GET"]}}],"collection":[{"href":"https:\/\/jorgezanoni.com.br\/2019\/wp-json\/wp\/v2\/posts"}],"about":[{"href":"https:\/\/jorgezanoni.com.br\/2019\/wp-json\/wp\/v2\/types\/post"}],"author":[{"embeddable":true,"href":"https:\/\/jorgezanoni.com.br\/2019\/wp-json\/wp\/v2\/users\/1"}],"replies":[{"embeddable":true,"href":"https:\/\/jorgezanoni.com.br\/2019\/wp-json\/wp\/v2\/comments?post=19613"}],"version-history":[{"count":0,"href":"https:\/\/jorgezanoni.com.br\/2019\/wp-json\/wp\/v2\/posts\/19613\/revisions"}],"wp:featuredmedia":[{"embeddable":true,"href":"https:\/\/jorgezanoni.com.br\/2019\/wp-json\/wp\/v2\/media\/19616"}],"wp:attachment":[{"href":"https:\/\/jorgezanoni.com.br\/2019\/wp-json\/wp\/v2\/media?parent=19613"}],"wp:term":[{"taxonomy":"category","embeddable":true,"href":"https:\/\/jorgezanoni.com.br\/2019\/wp-json\/wp\/v2\/categories?post=19613"},{"taxonomy":"post_tag","embeddable":true,"href":"https:\/\/jorgezanoni.com.br\/2019\/wp-json\/wp\/v2\/tags?post=19613"}],"curies":[{"name":"wp","href":"https:\/\/api.w.org\/{rel}","templated":true}]}}