{"id":19608,"date":"2020-02-24T20:38:31","date_gmt":"2020-02-24T20:38:31","guid":{"rendered":"https:\/\/jorgezanoni.com.br\/2019\/?p=19608"},"modified":"2020-02-24T20:38:31","modified_gmt":"2020-02-24T20:38:31","slug":"mar-avanca-em-praia-causa-estragos-e-arrasta-turistas-em-ubatuba-sp","status":"publish","type":"post","link":"https:\/\/jorgezanoni.com.br\/2019\/mar-avanca-em-praia-causa-estragos-e-arrasta-turistas-em-ubatuba-sp\/","title":{"rendered":"Mar avan\u00e7a em praia, causa estragos e arrasta turistas em Ubatuba, SP"},"content":{"rendered":"<h2 class=\"content-head__subtitle\" style=\"text-align: justify;\"><strong>Capitania dos Portos alerta que h\u00e1 avisos de ondas de at\u00e9 3,5 metros na cidade com fen\u00f4menos de ressaca e mar grosso. Defesa Civil faz ronda em praias.<\/strong><\/h2>\n<div class=\"mc-column content-text active-extra-styles \" data-block-type=\"unstyled\" data-block-weight=\"48\" data-block-id=\"2\">\n<p class=\"content-text__container \" style=\"text-align: justify;\" data-track-category=\"Link no Texto\" data-track-links=\"\">O mar avan\u00e7ou na Praia do Ten\u00f3rio e arrastou turistas neste domingo (23) em Ubatuba, no litoral norte de S\u00e3o Paulo. Com a ressaca e mar grosso, as ondas invadiram a faixa de areia de v\u00e1rias praias e arrastou mesas, cadeiras, barracas e itens de banhistas.<\/p>\n<\/div>\n<div class=\"wall protected-content\">\n<div class=\"mc-column content-text active-extra-styles \" style=\"text-align: justify;\" data-block-type=\"unstyled\" data-block-weight=\"31\" data-block-id=\"3\">\n<p class=\"content-text__container \" data-track-category=\"Link no Texto\" data-track-links=\"\">Na Praia do Ten\u00f3rio, a ambulante Brenda Andrade, que trabalha vendendo jogos da loteria pelas areias, registrou o momento em que o mar arrastou muitos turistas por volta de 12h.<\/p>\n<\/div>\n<div class=\"mc-column content-text active-extra-styles \" style=\"text-align: justify;\" data-block-type=\"unstyled\" data-block-weight=\"45\" data-block-id=\"4\">\n<p class=\"content-text__container \" data-track-category=\"Link no Texto\" data-track-links=\"\">&#8220;A praia estava com mar\u00e9 alta e as ondas do fundo estavam muito grandes mesmo. Na hora que tirei o celular para gravar aconteceu tudo isso. Bastante gente se machucou, crian\u00e7as e idosos se afogaram. Chamaram at\u00e9 a ambul\u00e2ncia&#8221;, disse a jovem de 18 anos.<\/p>\n<\/div>\n<div class=\"mc-column content-text active-extra-styles \" style=\"text-align: justify;\" data-block-type=\"unstyled\" data-block-weight=\"35\" data-block-id=\"5\">\n<p class=\"content-text__container \" data-track-category=\"Link no Texto\" data-track-links=\"\">De acordo com a Defesa Civil, al\u00e9m do Ten\u00f3rio houve registro de avan\u00e7o do mar nas praias da Fazenda, Itagu\u00e1, Toninhas e Praia Grande. O \u00f3rg\u00e3o informou que faz rondas pelas praias da cidade.<\/p>\n<\/div>\n<div class=\"mc-column content-text active-extra-styles \" data-block-type=\"unstyled\" data-block-weight=\"32\" data-block-id=\"6\">\n<p class=\"content-text__container \" style=\"text-align: justify;\" data-track-category=\"Link no Texto\" data-track-links=\"\">Seis pessoas ficaram feridas. A mais grave sofreu uma fratura na perna e foi socorrida pelos Bombeiros na Praia do Ten\u00f3rio. Outras cinco tiveram ferimentos leves e foram levadas \u00e0 Santa Casa.<\/p>\n<div class=\"mc-column content-text active-extra-styles \" style=\"text-align: justify;\" data-block-type=\"unstyled\" data-block-weight=\"29\" data-block-id=\"9\">\n<p class=\"content-text__container \" data-track-category=\"Link no Texto\" data-track-links=\"\">Segundo banhistas, o mar come\u00e7ou a ficar agitado por volta das 13h e antes que pudessem recuar, avan\u00e7ou sobre a faixa de areia arrastando tudo o que havia.<\/p>\n<\/div>\n<div class=\"mc-column content-text active-extra-styles \" style=\"text-align: justify;\" data-block-type=\"unstyled\" data-block-weight=\"56\" data-block-id=\"10\">\n<p class=\"content-text__container \" data-track-category=\"Link no Texto\" data-track-links=\"\">\u201cA \u00e1gua subiu de repente e a onda veio com muita for\u00e7a arrastando mesas, cadeiras e quem estava nelas. No desespero por sair, as pessoas chegaram a pisotear quem havia ca\u00eddo com a for\u00e7a da \u00e1gua. Uma pessoa teve de ser socorrida para o hospital\u201d, conta Max Willian, gerente de um quiosque na Praia do Ten\u00f3rio.<\/p>\n<\/div>\n<div class=\"mc-column content-text active-extra-styles \" data-block-type=\"unstyled\" data-block-weight=\"37\" data-block-id=\"11\">\n<p class=\"content-text__container \" style=\"text-align: justify;\" data-track-category=\"Link no Texto\" data-track-links=\"\">O comerciante conta ainda que banhistas perderam celulares, bolsas e carteiras que foram arrastados pela for\u00e7a do mar. Ele afirma que ainda n\u00e3o contabilizou o preju\u00edzo, mas a \u00e1gua levou mesas e cadeiras que estavam na areia.<\/p>\n<div class=\"mc-column content-text active-extra-styles \" style=\"text-align: justify;\" data-block-type=\"unstyled\" data-block-weight=\"31\" data-block-id=\"13\">\n<p class=\"content-text__container \" data-track-category=\"Link no Texto\" data-track-links=\"\">De acordo com a Capitania dos Portos, h\u00e1 dois avisos de ondas altas para a cidade &#8211; um deles emitido neste domingo com possibilidade de onda de at\u00e9 3,5 metros.<\/p>\n<\/div>\n<div class=\"mc-column content-text active-extra-styles \" data-block-type=\"unstyled\" data-block-weight=\"28\" data-block-id=\"14\">\n<p class=\"content-text__container \" style=\"text-align: justify;\" data-track-category=\"Link no Texto\" data-track-links=\"\">A capitania alerta para que banhistas e marinheiros fiquem alerta aos avisos, que podem ser acompanhados pelo aplicativo Boletim ao Mar, que traz informa\u00e7\u00f5es em tempo real.<\/p>\n<p style=\"text-align: justify;\" data-track-category=\"Link no Texto\" data-track-links=\"\"><img loading=\"lazy\" decoding=\"async\" class=\"alignnone size-full wp-image-19609\" src=\"https:\/\/jorgezanoni.com.br\/2019\/wp-content\/uploads\/2020\/02\/ubatuba.jpg\" alt=\"\" width=\"640\" height=\"821\" srcset=\"https:\/\/jorgezanoni.com.br\/2019\/wp-content\/uploads\/2020\/02\/ubatuba.jpg 640w, https:\/\/jorgezanoni.com.br\/2019\/wp-content\/uploads\/2020\/02\/ubatuba-234x300.jpg 234w, https:\/\/jorgezanoni.com.br\/2019\/wp-content\/uploads\/2020\/02\/ubatuba-327x420.jpg 327w\" sizes=\"auto, (max-width: 640px) 100vw, 640px\" \/><\/p>\n<p style=\"text-align: justify;\" data-track-category=\"Link no Texto\" data-track-links=\"\">Mar avan\u00e7a em praias de Ubatuba, causa estragos e assusta turistas \u2014 Foto: Reprodu\u00e7\u00e3o\/Redes sociais<\/p>\n<p style=\"text-align: justify;\" data-track-category=\"Link no Texto\" data-track-links=\"\"><img loading=\"lazy\" decoding=\"async\" class=\"alignnone size-full wp-image-19610\" src=\"https:\/\/jorgezanoni.com.br\/2019\/wp-content\/uploads\/2020\/02\/onda2.jpg\" alt=\"\" width=\"640\" height=\"940\" srcset=\"https:\/\/jorgezanoni.com.br\/2019\/wp-content\/uploads\/2020\/02\/onda2.jpg 640w, https:\/\/jorgezanoni.com.br\/2019\/wp-content\/uploads\/2020\/02\/onda2-204x300.jpg 204w, https:\/\/jorgezanoni.com.br\/2019\/wp-content\/uploads\/2020\/02\/onda2-286x420.jpg 286w\" sizes=\"auto, (max-width: 640px) 100vw, 640px\" \/><\/p>\n<p style=\"text-align: justify;\" data-track-category=\"Link no Texto\" data-track-links=\"\">Onda arrasta turistas na Praia do Ten\u00f3rio em Ubatuba \u2014 Foto: Brenda Andrade<\/p>\n<p style=\"text-align: justify;\" data-track-category=\"Link no Texto\" data-track-links=\"\">Fonte: https:\/\/g1.globo.com\/sp\/vale-do-paraiba-regiao\/noticia\/2020\/02\/23\/mar-avanca-em-praias-de-ubatuba-causa-estragos-e-assusta-turistas.ghtml<\/p>\n<div class=\"content-ads content-ads--reveal\" style=\"text-align: justify;\" data-block-type=\"ads\" data-block-id=\"16\"><\/div>\n<div data-track-category=\"multicontent\" data-track-action=\"ultimo chunk conteudo\" data-track-noninteraction=\"false\" data-track-scroll=\"view\">\n<div class=\"row medium-uncollapsed content-media content-photo\" data-block-type=\"backstage-photo\" data-block-id=\"17\">\n<div class=\"mc-column content-media__container\">\n<div class=\"progressive-img can-open-lightbox\" style=\"text-align: justify;\" data-min-size=\"1008x1481\" data-min-size-url=\"https:\/\/s2.glbimg.com\/eUGmtkuC4BA0lmyAvlcc4GrZ-LI=\/595x0:1330x1080\/1008x0\/smart\/filters:strip_icc()\/i.s3.glbimg.com\/v1\/AUTH_59edd422c0c84a879bd37670ae4f538a\/internal_photos\/bs\/2020\/e\/A\/98Yp4EQMAI6QbJExv4ig\/onda2.jpg\" data-max-size=\"1600x2351\" data-max-size-url=\"https:\/\/s2.glbimg.com\/zV3-vqkzUeJkYw1B2zcBmlq16Zc=\/595x0:1330x1080\/1600x0\/smart\/filters:strip_icc()\/i.s3.glbimg.com\/v1\/AUTH_59edd422c0c84a879bd37670ae4f538a\/internal_photos\/bs\/2020\/e\/A\/98Yp4EQMAI6QbJExv4ig\/onda2.jpg\" data-media-index=\"2\"><\/div>\n<\/div>\n<\/div>\n<\/div>\n<\/div>\n<\/div>\n<\/div>\n<\/div>\n","protected":false},"excerpt":{"rendered":"<p>Capitania dos Portos alerta que h\u00e1 avisos de ondas de at\u00e9 3,5 metros na cidade com fen\u00f4menos de ressaca e mar grosso. Defesa Civil faz ronda em praias. O mar avan\u00e7ou na Praia do Ten\u00f3rio e arrastou turistas neste domingo (23) em Ubatuba, no litoral norte de S\u00e3o Paulo. Com a ressaca e mar grosso, [&hellip;]<\/p>\n","protected":false},"author":1,"featured_media":19611,"comment_status":"closed","ping_status":"open","sticky":false,"template":"","format":"standard","meta":{"footnotes":""},"categories":[114,110],"tags":[],"class_list":["post-19608","post","type-post","status-publish","format-standard","has-post-thumbnail","hentry","category-geralecomercio","category-noticiasdestaque"],"_links":{"self":[{"href":"https:\/\/jorgezanoni.com.br\/2019\/wp-json\/wp\/v2\/posts\/19608","targetHints":{"allow":["GET"]}}],"collection":[{"href":"https:\/\/jorgezanoni.com.br\/2019\/wp-json\/wp\/v2\/posts"}],"about":[{"href":"https:\/\/jorgezanoni.com.br\/2019\/wp-json\/wp\/v2\/types\/post"}],"author":[{"embeddable":true,"href":"https:\/\/jorgezanoni.com.br\/2019\/wp-json\/wp\/v2\/users\/1"}],"replies":[{"embeddable":true,"href":"https:\/\/jorgezanoni.com.br\/2019\/wp-json\/wp\/v2\/comments?post=19608"}],"version-history":[{"count":0,"href":"https:\/\/jorgezanoni.com.br\/2019\/wp-json\/wp\/v2\/posts\/19608\/revisions"}],"wp:featuredmedia":[{"embeddable":true,"href":"https:\/\/jorgezanoni.com.br\/2019\/wp-json\/wp\/v2\/media\/19611"}],"wp:attachment":[{"href":"https:\/\/jorgezanoni.com.br\/2019\/wp-json\/wp\/v2\/media?parent=19608"}],"wp:term":[{"taxonomy":"category","embeddable":true,"href":"https:\/\/jorgezanoni.com.br\/2019\/wp-json\/wp\/v2\/categories?post=19608"},{"taxonomy":"post_tag","embeddable":true,"href":"https:\/\/jorgezanoni.com.br\/2019\/wp-json\/wp\/v2\/tags?post=19608"}],"curies":[{"name":"wp","href":"https:\/\/api.w.org\/{rel}","templated":true}]}}