{"id":19603,"date":"2020-02-24T16:07:12","date_gmt":"2020-02-24T16:07:12","guid":{"rendered":"https:\/\/jorgezanoni.com.br\/2019\/?p=19603"},"modified":"2020-02-24T16:07:12","modified_gmt":"2020-02-24T16:07:12","slug":"acidente-entre-van-e-caminhao-deixa-dois-mortos-em-rodeio-sc-uma-vitima-fatal-e-de-pres-prudente","status":"publish","type":"post","link":"https:\/\/jorgezanoni.com.br\/2019\/acidente-entre-van-e-caminhao-deixa-dois-mortos-em-rodeio-sc-uma-vitima-fatal-e-de-pres-prudente\/","title":{"rendered":"Acidente entre van e caminh\u00e3o deixa dois mortos em Rodeio SC, uma vitima fatal \u00e9 de Pres. Prudente"},"content":{"rendered":"<p style=\"text-align: justify;\"><strong>As v\u00edtimas eram ciclistas que faziam um passeio pela regi\u00e3o; acidente foi no fim da tarde deste domingo (23).<\/strong><\/p>\n<p style=\"text-align: justify;\">Duas pessoas morreram em um acidente de tr\u00e2nsito no fim da tarde deste domingo (23), no bairro Ipiranga, em Rodeio. As v\u00edtimas fatais estavam em uma van com placas de Balne\u00e1rio Cambori\u00fa. O ve\u00edculo foi atingido na traseira por um caminh\u00e3o e caiu em uma ribanceira.<\/p>\n<p style=\"text-align: justify;\"><img loading=\"lazy\" decoding=\"async\" class=\"alignnone size-full wp-image-19604\" src=\"https:\/\/jorgezanoni.com.br\/2019\/wp-content\/uploads\/2020\/02\/rodeio.jpg\" alt=\"\" width=\"800\" height=\"601\" srcset=\"https:\/\/jorgezanoni.com.br\/2019\/wp-content\/uploads\/2020\/02\/rodeio.jpg 800w, https:\/\/jorgezanoni.com.br\/2019\/wp-content\/uploads\/2020\/02\/rodeio-300x225.jpg 300w, https:\/\/jorgezanoni.com.br\/2019\/wp-content\/uploads\/2020\/02\/rodeio-768x577.jpg 768w, https:\/\/jorgezanoni.com.br\/2019\/wp-content\/uploads\/2020\/02\/rodeio-80x60.jpg 80w, https:\/\/jorgezanoni.com.br\/2019\/wp-content\/uploads\/2020\/02\/rodeio-265x198.jpg 265w, https:\/\/jorgezanoni.com.br\/2019\/wp-content\/uploads\/2020\/02\/rodeio-696x523.jpg 696w, https:\/\/jorgezanoni.com.br\/2019\/wp-content\/uploads\/2020\/02\/rodeio-559x420.jpg 559w\" sizes=\"auto, (max-width: 800px) 100vw, 800px\" \/>Segundo os bombeiros volunt\u00e1rios que atenderam a ocorr\u00eancia, Ivan Malheiros Felisbino, 47 anos, morador de Balne\u00e1rio Cambori\u00fa, conduzia a van e perdeu a vida ainda no local do acidente. A segunda v\u00edtima fatal \u00e9 Josiane Cristina Vicente Rodrigues, 52 anos, natural de Presidente Prudente (SP).<\/p>\n<p style=\"text-align: justify;\"><img loading=\"lazy\" decoding=\"async\" class=\"alignnone size-full wp-image-19605\" src=\"https:\/\/jorgezanoni.com.br\/2019\/wp-content\/uploads\/2020\/02\/rodeio1.jpg\" alt=\"\" width=\"648\" height=\"648\" srcset=\"https:\/\/jorgezanoni.com.br\/2019\/wp-content\/uploads\/2020\/02\/rodeio1.jpg 648w, https:\/\/jorgezanoni.com.br\/2019\/wp-content\/uploads\/2020\/02\/rodeio1-150x150.jpg 150w, https:\/\/jorgezanoni.com.br\/2019\/wp-content\/uploads\/2020\/02\/rodeio1-300x300.jpg 300w, https:\/\/jorgezanoni.com.br\/2019\/wp-content\/uploads\/2020\/02\/rodeio1-420x420.jpg 420w\" sizes=\"auto, (max-width: 648px) 100vw, 648px\" \/><\/p>\n<p style=\"text-align: justify;\">Os dois corpos foram liberados do IML (Instituto M\u00e9dico Legal) por volta das 2h desta segunda-feira (24).<\/p>\n<p style=\"text-align: justify;\">Mais seis pessoas estavam na van. Uma delas foi encaminhada ao Hospital Beatriz Ramos, em Indaial, e a outra para o Hospital Oase, em Timb\u00f3. Com exce\u00e7\u00e3o de Ivan, todos eram do Estado de S\u00e3o Paulo e estavam na regi\u00e3o para praticar ciclismo.<\/p>\n<p style=\"text-align: justify;\">O caminh\u00e3o que atingiu a van era conduzido por um homem de 25 anos. Ele n\u00e3o se feriu e contou que perdeu o controle do ve\u00edculo e acabou batendo na traseira da van em que estavam os ciclistas. No caminh\u00e3o era transportada uma retroescavadeira.<\/p>\n<p style=\"text-align: justify;\">Fonte: https:\/\/ndmais.com.br\/noticias\/acidente-entre-van-e-caminhao-deixa-dois-mortos-em-rodeio\/<\/p>\n","protected":false},"excerpt":{"rendered":"<p>As v\u00edtimas eram ciclistas que faziam um passeio pela regi\u00e3o; acidente foi no fim da tarde deste domingo (23). Duas pessoas morreram em um acidente de tr\u00e2nsito no fim da tarde deste domingo (23), no bairro Ipiranga, em Rodeio. As v\u00edtimas fatais estavam em uma van com placas de Balne\u00e1rio Cambori\u00fa. O ve\u00edculo foi atingido [&hellip;]<\/p>\n","protected":false},"author":1,"featured_media":19606,"comment_status":"closed","ping_status":"open","sticky":false,"template":"","format":"standard","meta":{"footnotes":""},"categories":[170,110],"tags":[],"class_list":["post-19603","post","type-post","status-publish","format-standard","has-post-thumbnail","hentry","category-acidentes","category-noticiasdestaque"],"_links":{"self":[{"href":"https:\/\/jorgezanoni.com.br\/2019\/wp-json\/wp\/v2\/posts\/19603","targetHints":{"allow":["GET"]}}],"collection":[{"href":"https:\/\/jorgezanoni.com.br\/2019\/wp-json\/wp\/v2\/posts"}],"about":[{"href":"https:\/\/jorgezanoni.com.br\/2019\/wp-json\/wp\/v2\/types\/post"}],"author":[{"embeddable":true,"href":"https:\/\/jorgezanoni.com.br\/2019\/wp-json\/wp\/v2\/users\/1"}],"replies":[{"embeddable":true,"href":"https:\/\/jorgezanoni.com.br\/2019\/wp-json\/wp\/v2\/comments?post=19603"}],"version-history":[{"count":0,"href":"https:\/\/jorgezanoni.com.br\/2019\/wp-json\/wp\/v2\/posts\/19603\/revisions"}],"wp:featuredmedia":[{"embeddable":true,"href":"https:\/\/jorgezanoni.com.br\/2019\/wp-json\/wp\/v2\/media\/19606"}],"wp:attachment":[{"href":"https:\/\/jorgezanoni.com.br\/2019\/wp-json\/wp\/v2\/media?parent=19603"}],"wp:term":[{"taxonomy":"category","embeddable":true,"href":"https:\/\/jorgezanoni.com.br\/2019\/wp-json\/wp\/v2\/categories?post=19603"},{"taxonomy":"post_tag","embeddable":true,"href":"https:\/\/jorgezanoni.com.br\/2019\/wp-json\/wp\/v2\/tags?post=19603"}],"curies":[{"name":"wp","href":"https:\/\/api.w.org\/{rel}","templated":true}]}}