{"id":1958,"date":"2019-07-24T16:45:06","date_gmt":"2019-07-24T16:45:06","guid":{"rendered":"http:\/\/jorgezanoni.com.br\/2019\/?p=1958"},"modified":"2019-07-24T16:45:06","modified_gmt":"2019-07-24T16:45:06","slug":"vela-acesa-provoca-incendio-em-residencia-no-jardim-alvorada-em-junqueiropolis","status":"publish","type":"post","link":"https:\/\/jorgezanoni.com.br\/2019\/vela-acesa-provoca-incendio-em-residencia-no-jardim-alvorada-em-junqueiropolis\/","title":{"rendered":"Vela acesa provoca inc\u00eandio em resid\u00eancia no jardim Alvorada em Junqueir\u00f3polis"},"content":{"rendered":"<p><strong>Um inc\u00eandio destruiu o interior de uma resid\u00eancia no Bairro Jardim Alvorada, em Junqueir\u00f3polis, na noite desta ter\u00e7a-feira, 23\/7. N\u00e3o houve v\u00edtimas.<\/strong><\/p>\n<p><img loading=\"lazy\" decoding=\"async\" class=\"alignnone size-full wp-image-1959\" src=\"http:\/\/jorgezanoni.com.br\/2019\/wp-content\/uploads\/2019\/07\/fogo.jpg\" alt=\"\" width=\"960\" height=\"720\" srcset=\"https:\/\/jorgezanoni.com.br\/2019\/wp-content\/uploads\/2019\/07\/fogo.jpg 960w, https:\/\/jorgezanoni.com.br\/2019\/wp-content\/uploads\/2019\/07\/fogo-300x225.jpg 300w, https:\/\/jorgezanoni.com.br\/2019\/wp-content\/uploads\/2019\/07\/fogo-768x576.jpg 768w, https:\/\/jorgezanoni.com.br\/2019\/wp-content\/uploads\/2019\/07\/fogo-80x60.jpg 80w, https:\/\/jorgezanoni.com.br\/2019\/wp-content\/uploads\/2019\/07\/fogo-265x198.jpg 265w, https:\/\/jorgezanoni.com.br\/2019\/wp-content\/uploads\/2019\/07\/fogo-696x522.jpg 696w, https:\/\/jorgezanoni.com.br\/2019\/wp-content\/uploads\/2019\/07\/fogo-560x420.jpg 560w\" sizes=\"auto, (max-width: 960px) 100vw, 960px\" \/><\/p>\n<p>De acordo com informa\u00e7\u00f5es da Base de Bombeiros Comunit\u00e1rios de Junqueir\u00f3polis (BCOM), por volta das 23h, eles foram acionados para conter o fogo que incendiava uma casa localizada na Rua S\u00e3o Salvador. Uma vela acesa pode ter provocado o inc\u00eandio.<\/p>\n<div class=\"text_exposed_show\">\n<p>Ainda segundo o BCOM, o morador da resid\u00eancia acordou com a claridade e uma forte fuma\u00e7a no local. Ele conseguiu sair sem nenhum ferimento, mas as chamas eram altas e foi consumindo o interior do im\u00f3vel.<\/p>\n<p>Com o aux\u00edlio do caminh\u00e3o pipa da Prefeitura de Junqueir\u00f3polis, o caminh\u00e3o Auto Bomba do Corpo de Bombeiros de Dracena conteve o fogo. A \u00e1rea foi isolada devido um botij\u00e3o de g\u00e1s que havia no interior da casa, que foi tomada pelo forte cheiro.<\/p>\n<p>De acordo com o BCOM, foram gastos aproximadamente 2 mil litros de \u00e1gua para conter o fogo.<\/p>\n<p>Fonte: Fernando Ramos<\/p>\n<p>Fotos: Cedidas\/BCOM<\/p>\n<p>&nbsp;<\/p>\n<\/div>\n","protected":false},"excerpt":{"rendered":"<p>Um inc\u00eandio destruiu o interior de uma resid\u00eancia no Bairro Jardim Alvorada, em Junqueir\u00f3polis, na noite desta ter\u00e7a-feira, 23\/7. N\u00e3o houve v\u00edtimas. De acordo com informa\u00e7\u00f5es da Base de Bombeiros Comunit\u00e1rios de Junqueir\u00f3polis (BCOM), por volta das 23h, eles foram acionados para conter o fogo que incendiava uma casa localizada na Rua S\u00e3o Salvador. Uma [&hellip;]<\/p>\n","protected":false},"author":1,"featured_media":1960,"comment_status":"open","ping_status":"open","sticky":false,"template":"","format":"standard","meta":{"footnotes":""},"categories":[2],"tags":[],"class_list":["post-1958","post","type-post","status-publish","format-standard","has-post-thumbnail","hentry","category-policial"],"_links":{"self":[{"href":"https:\/\/jorgezanoni.com.br\/2019\/wp-json\/wp\/v2\/posts\/1958","targetHints":{"allow":["GET"]}}],"collection":[{"href":"https:\/\/jorgezanoni.com.br\/2019\/wp-json\/wp\/v2\/posts"}],"about":[{"href":"https:\/\/jorgezanoni.com.br\/2019\/wp-json\/wp\/v2\/types\/post"}],"author":[{"embeddable":true,"href":"https:\/\/jorgezanoni.com.br\/2019\/wp-json\/wp\/v2\/users\/1"}],"replies":[{"embeddable":true,"href":"https:\/\/jorgezanoni.com.br\/2019\/wp-json\/wp\/v2\/comments?post=1958"}],"version-history":[{"count":0,"href":"https:\/\/jorgezanoni.com.br\/2019\/wp-json\/wp\/v2\/posts\/1958\/revisions"}],"wp:featuredmedia":[{"embeddable":true,"href":"https:\/\/jorgezanoni.com.br\/2019\/wp-json\/wp\/v2\/media\/1960"}],"wp:attachment":[{"href":"https:\/\/jorgezanoni.com.br\/2019\/wp-json\/wp\/v2\/media?parent=1958"}],"wp:term":[{"taxonomy":"category","embeddable":true,"href":"https:\/\/jorgezanoni.com.br\/2019\/wp-json\/wp\/v2\/categories?post=1958"},{"taxonomy":"post_tag","embeddable":true,"href":"https:\/\/jorgezanoni.com.br\/2019\/wp-json\/wp\/v2\/tags?post=1958"}],"curies":[{"name":"wp","href":"https:\/\/api.w.org\/{rel}","templated":true}]}}