{"id":19576,"date":"2020-02-23T21:44:12","date_gmt":"2020-02-23T21:44:12","guid":{"rendered":"https:\/\/jorgezanoni.com.br\/2019\/?p=19576"},"modified":"2020-02-23T23:58:28","modified_gmt":"2020-02-23T23:58:28","slug":"falecimento-23-02-20","status":"publish","type":"post","link":"https:\/\/jorgezanoni.com.br\/2019\/falecimento-23-02-20\/","title":{"rendered":"Falecimento 23\/02\/20"},"content":{"rendered":"<p style=\"text-align: justify;\">Comunicamos com pesar o falecimento do Sr. VALDOMIRO USIFATTI, antigo morador de Dracena. Faleceu nesta manh\u00e3 no Hospital Regional de Presidente Prudente. Vel\u00f3rio no Memorial Vida Prev a partir das 19 hs. Sepultamento nesta segunda-feira, \u00e0s 10 horas.<\/p>\n<p><img loading=\"lazy\" decoding=\"async\" class=\"alignnone size-full wp-image-19582\" src=\"https:\/\/jorgezanoni.com.br\/2019\/wp-content\/uploads\/2020\/02\/Valdomiro-Usifatti.jpg\" alt=\"\" width=\"597\" height=\"355\" srcset=\"https:\/\/jorgezanoni.com.br\/2019\/wp-content\/uploads\/2020\/02\/Valdomiro-Usifatti.jpg 597w, https:\/\/jorgezanoni.com.br\/2019\/wp-content\/uploads\/2020\/02\/Valdomiro-Usifatti-300x178.jpg 300w\" sizes=\"auto, (max-width: 597px) 100vw, 597px\" \/><\/p>\n","protected":false},"excerpt":{"rendered":"<p>Comunicamos com pesar o falecimento do Sr. VALDOMIRO USIFATTI, antigo morador de Dracena. Faleceu nesta manh\u00e3 no Hospital Regional de Presidente Prudente. Vel\u00f3rio no Memorial Vida Prev a partir das 19 hs. Sepultamento nesta segunda-feira, \u00e0s 10 horas.<\/p>\n","protected":false},"author":1,"featured_media":19577,"comment_status":"closed","ping_status":"open","sticky":false,"template":"","format":"standard","meta":{"footnotes":""},"categories":[178],"tags":[],"class_list":["post-19576","post","type-post","status-publish","format-standard","has-post-thumbnail","hentry","category-notadefalecimento"],"_links":{"self":[{"href":"https:\/\/jorgezanoni.com.br\/2019\/wp-json\/wp\/v2\/posts\/19576","targetHints":{"allow":["GET"]}}],"collection":[{"href":"https:\/\/jorgezanoni.com.br\/2019\/wp-json\/wp\/v2\/posts"}],"about":[{"href":"https:\/\/jorgezanoni.com.br\/2019\/wp-json\/wp\/v2\/types\/post"}],"author":[{"embeddable":true,"href":"https:\/\/jorgezanoni.com.br\/2019\/wp-json\/wp\/v2\/users\/1"}],"replies":[{"embeddable":true,"href":"https:\/\/jorgezanoni.com.br\/2019\/wp-json\/wp\/v2\/comments?post=19576"}],"version-history":[{"count":0,"href":"https:\/\/jorgezanoni.com.br\/2019\/wp-json\/wp\/v2\/posts\/19576\/revisions"}],"wp:featuredmedia":[{"embeddable":true,"href":"https:\/\/jorgezanoni.com.br\/2019\/wp-json\/wp\/v2\/media\/19577"}],"wp:attachment":[{"href":"https:\/\/jorgezanoni.com.br\/2019\/wp-json\/wp\/v2\/media?parent=19576"}],"wp:term":[{"taxonomy":"category","embeddable":true,"href":"https:\/\/jorgezanoni.com.br\/2019\/wp-json\/wp\/v2\/categories?post=19576"},{"taxonomy":"post_tag","embeddable":true,"href":"https:\/\/jorgezanoni.com.br\/2019\/wp-json\/wp\/v2\/tags?post=19576"}],"curies":[{"name":"wp","href":"https:\/\/api.w.org\/{rel}","templated":true}]}}