{"id":19569,"date":"2020-02-23T19:39:21","date_gmt":"2020-02-23T19:39:21","guid":{"rendered":"https:\/\/jorgezanoni.com.br\/2019\/?p=19569"},"modified":"2020-02-23T19:39:21","modified_gmt":"2020-02-23T19:39:21","slug":"adolescente-fica-ferida-em-queda-de-animal","status":"publish","type":"post","link":"https:\/\/jorgezanoni.com.br\/2019\/adolescente-fica-ferida-em-queda-de-animal\/","title":{"rendered":"Adolescente fica ferida em queda de animal"},"content":{"rendered":"<p style=\"text-align: justify;\">Uma adolescente de 15 anos de idade ficou ferida ap\u00f3s sofrer uma queda de um animal equino na manh\u00e3 deste domingo (23) em Fl\u00f3rida Paulista.<\/p>\n<p style=\"text-align: justify;\">O acidente com o animal ocorreu na Avenida Circular, pr\u00f3ximo ao Clube dos Veteranos.<\/p>\n<p style=\"text-align: justify;\">Segundo populares, o animal teria empinado e come\u00e7ado a rodar e posteriormente realizou movimentos bruscos que ocasionaram a queda da adolescente ao solo.<\/p>\n<p style=\"text-align: justify;\">A v\u00edtima sofreu ferimentos e precisou ser socorrida pela equipe do Corpo de Bombeiros de Adamantina sendo encaminhada para a Santa Casa em uma ambul\u00e2ncia da Prefeitura.<\/p>\n<p style=\"text-align: justify;\">Ap\u00f3s atendimento na Santa Casa, ela foi encaminhada para o Pronto Socorro de Adamantina para a realiza\u00e7\u00e3o de exames radiol\u00f3gicos.<\/p>\n<p style=\"text-align: justify;\">Nossa reportagem falou com o pai da v\u00edtima que bastante abalado, informou que a mesma tem um conv\u00edvio di\u00e1rio com o animal e que realiza os cuidados do mesmo.<\/p>\n<p style=\"text-align: justify;\">A Pol\u00edcia Militar esteve no local e registrou o boletim de ocorr\u00eancia.<\/p>\n<p style=\"text-align: justify;\">Foto: Diego Fernandes \/ Folha Regional<\/p>\n","protected":false},"excerpt":{"rendered":"<p>Uma adolescente de 15 anos de idade ficou ferida ap\u00f3s sofrer uma queda de um animal equino na manh\u00e3 deste domingo (23) em Fl\u00f3rida Paulista. O acidente com o animal ocorreu na Avenida Circular, pr\u00f3ximo ao Clube dos Veteranos. Segundo populares, o animal teria empinado e come\u00e7ado a rodar e posteriormente realizou movimentos bruscos que [&hellip;]<\/p>\n","protected":false},"author":1,"featured_media":19570,"comment_status":"closed","ping_status":"open","sticky":false,"template":"","format":"standard","meta":{"footnotes":""},"categories":[170,110],"tags":[],"class_list":["post-19569","post","type-post","status-publish","format-standard","has-post-thumbnail","hentry","category-acidentes","category-noticiasdestaque"],"_links":{"self":[{"href":"https:\/\/jorgezanoni.com.br\/2019\/wp-json\/wp\/v2\/posts\/19569","targetHints":{"allow":["GET"]}}],"collection":[{"href":"https:\/\/jorgezanoni.com.br\/2019\/wp-json\/wp\/v2\/posts"}],"about":[{"href":"https:\/\/jorgezanoni.com.br\/2019\/wp-json\/wp\/v2\/types\/post"}],"author":[{"embeddable":true,"href":"https:\/\/jorgezanoni.com.br\/2019\/wp-json\/wp\/v2\/users\/1"}],"replies":[{"embeddable":true,"href":"https:\/\/jorgezanoni.com.br\/2019\/wp-json\/wp\/v2\/comments?post=19569"}],"version-history":[{"count":0,"href":"https:\/\/jorgezanoni.com.br\/2019\/wp-json\/wp\/v2\/posts\/19569\/revisions"}],"wp:featuredmedia":[{"embeddable":true,"href":"https:\/\/jorgezanoni.com.br\/2019\/wp-json\/wp\/v2\/media\/19570"}],"wp:attachment":[{"href":"https:\/\/jorgezanoni.com.br\/2019\/wp-json\/wp\/v2\/media?parent=19569"}],"wp:term":[{"taxonomy":"category","embeddable":true,"href":"https:\/\/jorgezanoni.com.br\/2019\/wp-json\/wp\/v2\/categories?post=19569"},{"taxonomy":"post_tag","embeddable":true,"href":"https:\/\/jorgezanoni.com.br\/2019\/wp-json\/wp\/v2\/tags?post=19569"}],"curies":[{"name":"wp","href":"https:\/\/api.w.org\/{rel}","templated":true}]}}