{"id":19560,"date":"2020-02-23T18:16:56","date_gmt":"2020-02-23T18:16:56","guid":{"rendered":"https:\/\/jorgezanoni.com.br\/2019\/?p=19560"},"modified":"2020-02-23T18:16:56","modified_gmt":"2020-02-23T18:16:56","slug":"motociclista-morre-apos-batida-entre-motos-em-jau","status":"publish","type":"post","link":"https:\/\/jorgezanoni.com.br\/2019\/motociclista-morre-apos-batida-entre-motos-em-jau\/","title":{"rendered":"Motociclista morre ap\u00f3s batida entre motos em Ja\u00fa"},"content":{"rendered":"<h2 class=\"content-head__subtitle\" style=\"text-align: justify;\"><strong>Outro condutor foi socorrido com ferimentos graves para Santa Casa. Motos bateram no centro da cidade e c\u00e2mera de circuito de seguran\u00e7a registrou o acidente.<\/strong><\/h2>\n<div class=\"mc-column content-text active-extra-styles \" data-block-type=\"unstyled\" data-block-weight=\"23\" data-block-id=\"2\">\n<p class=\"content-text__container \" style=\"text-align: justify;\" data-track-category=\"Link no Texto\" data-track-links=\"\">Um homem de 35 anos morreu ap\u00f3s um acidente envolvendo duas motocicletas no centro de Ja\u00fa (SP) na manh\u00e3 deste domingo (23).<\/p>\n<\/div>\n<div class=\"wall protected-content\">\n<div class=\"mc-column content-text active-extra-styles \" data-block-type=\"unstyled\" data-block-weight=\"33\" data-block-id=\"3\">\n<p class=\"content-text__container \" style=\"text-align: justify;\" data-track-category=\"Link no Texto\" data-track-links=\"\">Segundo informa\u00e7\u00f5es da pol\u00edcia, as motos bateram no cruzamento das ruas 13 de maio e Amaral Gurgel. Uma c\u00e2mera de circuito de seguran\u00e7a registrou o momento da batida.<\/p>\n<p style=\"text-align: justify;\" data-track-category=\"Link no Texto\" data-track-links=\"\">Com impacto, os dois condutores foram arremessados. Marcos Giovani Freitas da Silva morreu no local. J\u00e1 o outro motociclista, Vitor Fris Machado, de 23 anos, foi socorrido com ferimentos graves para Santa Casa de Ja\u00fa. O hospital n\u00e3o passou informa\u00e7\u00f5es sobre o estado de sa\u00fade do jovem.<\/p>\n<p style=\"text-align: justify;\" data-track-category=\"Link no Texto\" data-track-links=\"\">Um terceiro motociclista que vinha logo atr\u00e1s e \u00e9 amigo de Marcos testemunhou o acidente, mas n\u00e3o se feriu. No cruzamento h\u00e1 um sem\u00e1foro e a pol\u00edcia investiga quem teria desrespeitado a sinaliza\u00e7\u00e3o.<\/p>\n<p style=\"text-align: justify;\" data-track-category=\"Link no Texto\" data-track-links=\"\">Fonte: https:\/\/g1.globo.com\/sp\/bauru-marilia\/noticia\/2020\/02\/23\/motociclista-morre-apos-batida-entre-motos-em-jau.ghtml<\/p>\n<\/div>\n<\/div>\n","protected":false},"excerpt":{"rendered":"<p>Outro condutor foi socorrido com ferimentos graves para Santa Casa. Motos bateram no centro da cidade e c\u00e2mera de circuito de seguran\u00e7a registrou o acidente. Um homem de 35 anos morreu ap\u00f3s um acidente envolvendo duas motocicletas no centro de Ja\u00fa (SP) na manh\u00e3 deste domingo (23). Segundo informa\u00e7\u00f5es da pol\u00edcia, as motos bateram no [&hellip;]<\/p>\n","protected":false},"author":1,"featured_media":19561,"comment_status":"closed","ping_status":"open","sticky":false,"template":"","format":"standard","meta":{"footnotes":""},"categories":[170,110],"tags":[],"class_list":["post-19560","post","type-post","status-publish","format-standard","has-post-thumbnail","hentry","category-acidentes","category-noticiasdestaque"],"_links":{"self":[{"href":"https:\/\/jorgezanoni.com.br\/2019\/wp-json\/wp\/v2\/posts\/19560","targetHints":{"allow":["GET"]}}],"collection":[{"href":"https:\/\/jorgezanoni.com.br\/2019\/wp-json\/wp\/v2\/posts"}],"about":[{"href":"https:\/\/jorgezanoni.com.br\/2019\/wp-json\/wp\/v2\/types\/post"}],"author":[{"embeddable":true,"href":"https:\/\/jorgezanoni.com.br\/2019\/wp-json\/wp\/v2\/users\/1"}],"replies":[{"embeddable":true,"href":"https:\/\/jorgezanoni.com.br\/2019\/wp-json\/wp\/v2\/comments?post=19560"}],"version-history":[{"count":0,"href":"https:\/\/jorgezanoni.com.br\/2019\/wp-json\/wp\/v2\/posts\/19560\/revisions"}],"wp:featuredmedia":[{"embeddable":true,"href":"https:\/\/jorgezanoni.com.br\/2019\/wp-json\/wp\/v2\/media\/19561"}],"wp:attachment":[{"href":"https:\/\/jorgezanoni.com.br\/2019\/wp-json\/wp\/v2\/media?parent=19560"}],"wp:term":[{"taxonomy":"category","embeddable":true,"href":"https:\/\/jorgezanoni.com.br\/2019\/wp-json\/wp\/v2\/categories?post=19560"},{"taxonomy":"post_tag","embeddable":true,"href":"https:\/\/jorgezanoni.com.br\/2019\/wp-json\/wp\/v2\/tags?post=19560"}],"curies":[{"name":"wp","href":"https:\/\/api.w.org\/{rel}","templated":true}]}}