{"id":1955,"date":"2019-07-24T16:35:11","date_gmt":"2019-07-24T16:35:11","guid":{"rendered":"http:\/\/jorgezanoni.com.br\/2019\/?p=1955"},"modified":"2019-07-24T16:35:11","modified_gmt":"2019-07-24T16:35:11","slug":"concursos-publicos-selecionam-profissionais-de-diversas-areas-no-oeste-paulista","status":"publish","type":"post","link":"https:\/\/jorgezanoni.com.br\/2019\/concursos-publicos-selecionam-profissionais-de-diversas-areas-no-oeste-paulista\/","title":{"rendered":"Concursos p\u00fablicos selecionam profissionais de diversas \u00e1reas no Oeste Paulista"},"content":{"rendered":"<h2 class=\"content-head__subtitle\"><strong>Tem oportunidades em Pacaembu, Mirante do Paranapanema e Presidente Prudente. Confira as chances da semana.<\/strong><\/h2>\n<div class=\"mc-column content-text active-extra-styles active-capital-letter\" data-block-type=\"unstyled\" data-block-weight=\"11\" data-block-id=\"1\">\n<p class=\"content-text__container theme-color-primary-first-letter\" data-track-category=\"Link no Texto\" data-track-links=\"\">H\u00e1 diversos concursos e processos seletivos sendo realizados no Oeste Paulista.<\/p>\n<\/div>\n<div class=\"wall protected-content\">\n<div class=\"mc-column content-text active-extra-styles \" data-block-type=\"unstyled\" data-block-weight=\"18\" data-block-id=\"2\">\n<p class=\"content-text__container \" data-track-category=\"Link no Texto\" data-track-links=\"\">As jornadas de trabalho, os benef\u00edcios, as fun\u00e7\u00f5es e os sal\u00e1rios variam de acordo com o cargo pretendido.<\/p>\n<\/div>\n<div class=\"mc-column content-text active-extra-styles \" data-block-type=\"unstyled\" data-block-weight=\"3\" data-block-id=\"3\">\n<p class=\"content-text__container \" data-track-category=\"Link no Texto\" data-track-links=\"\">Confira as oportunidades:<\/p>\n<\/div>\n<div class=\"mc-column content-text active-extra-styles\" data-block-type=\"raw\" data-block-weight=\"1\" data-block-id=\"4\">\n<div class=\"content-intertitle\">\n<h2>Pacaembu<\/h2>\n<\/div>\n<\/div>\n<div class=\"mc-column content-text active-extra-styles \" data-block-type=\"unstyled\" data-block-weight=\"45\" data-block-id=\"5\">\n<p class=\"content-text__container \" data-track-category=\"Link no Texto\" data-track-links=\"\">A C\u00e2mara Municipal de Pacaembu, por meio de concurso p\u00fablico, visa preencher uma vaga no cargo de procurador jur\u00eddico. \u00c9 preciso gradua\u00e7\u00e3o em direito e registro na Ordem dos Advogados do Brasil (OAB) e tr\u00eas anos de efetivo exerc\u00edcio da advocacia para se candidatar.<\/p>\n<\/div>\n<div class=\"mc-column content-text active-extra-styles \" data-block-type=\"unstyled\" data-block-weight=\"31\" data-block-id=\"6\">\n<p class=\"content-text__container \" data-track-category=\"Link no Texto\" data-track-links=\"\">As inscri\u00e7\u00f5es come\u00e7am \u00e0s 10h do dia 5 de agosto e seguem at\u00e9 as 16h do dia 20 de agosto, exclusivamente via\u00a0<a href=\"http:\/\/www.conscamweb.com.br\/concurso\/concursoMaisInformacoes.do?idInstituicao=84&amp;idConcurso=1\" target=\"_blank\" rel=\"noopener noreferrer\">internet<\/a>. A taxa de participa\u00e7\u00e3o \u00e9 de R$ 60.<\/p>\n<\/div>\n<div class=\"mc-column content-text active-extra-styles \" data-block-type=\"unstyled\" data-block-weight=\"29\" data-block-id=\"7\">\n<p class=\"content-text__container \" data-track-category=\"Link no Texto\" data-track-links=\"\">O selecionado desempenhar\u00e1 atividades em carga hor\u00e1ria de 20h semanais e far\u00e1 jus ao vencimento base no valor de R$ 3.740 ao m\u00eas, mais o aux\u00edlio-alimenta\u00e7\u00e3o de R$ 300.<\/p>\n<\/div>\n<div class=\"mc-column content-text active-extra-styles \" data-block-type=\"unstyled\" data-block-weight=\"28\" data-block-id=\"8\">\n<p class=\"content-text__container \" data-track-category=\"Link no Texto\" data-track-links=\"\">A classifica\u00e7\u00e3o dos participantes inscritos ser\u00e1 efetuada mediante prova objetivas, de car\u00e1ter eliminat\u00f3rio e classificat\u00f3rio, prevista para ser aplicada no dia 8 de setembro, a partir das 9h.<\/p>\n<\/div>\n<div class=\"mc-column content-text active-extra-styles \" data-block-type=\"unstyled\" data-block-weight=\"7\" data-block-id=\"9\">\n<p class=\"content-text__container \" data-track-category=\"Link no Texto\" data-track-links=\"\">Mais detalhes podem ser consultados no\u00a0<a href=\"http:\/\/www.conscamweb.com.br\/concurso\/downloadAnexo.do?idAnexo=2530\" target=\"_blank\" rel=\"noopener noreferrer\">edital<\/a>.<\/p>\n<\/div>\n<div class=\"mc-column content-text active-extra-styles\" data-block-type=\"raw\" data-block-weight=\"3\" data-block-id=\"10\">\n<div class=\"content-intertitle\">\n<h2>Auxiliar de Promotoria<\/h2>\n<\/div>\n<\/div>\n<div class=\"mc-column content-text active-extra-styles \" data-block-type=\"unstyled\" data-block-weight=\"26\" data-block-id=\"11\">\n<p class=\"content-text__container \" data-track-category=\"Link no Texto\" data-track-links=\"\">O Minist\u00e9rio P\u00fablico de S\u00e3o Paulo abriu edital de concurso para o cargo de Auxiliar de Promotoria I (de n\u00edvel fundamental) para atua\u00e7\u00e3o na \u00e1rea administrativa.<\/p>\n<\/div>\n<div class=\"mc-column content-text active-extra-styles \" data-block-type=\"unstyled\" data-block-weight=\"37\" data-block-id=\"12\">\n<p class=\"content-text__container \" data-track-category=\"Link no Texto\" data-track-links=\"\">De acordo com o documento publicado no Di\u00e1rio Oficial do Estado em junho ser\u00e3o oferecidas 24 vagas. A Funda\u00e7\u00e3o para o Vestibular da Universidade Estadual Paulista \u201cJ\u00falio de Mesquita Filho\u201d (Funda\u00e7\u00e3o Vunesp) tem a responsabilidade do certame.<\/p>\n<\/div>\n<div class=\"mc-column content-text active-extra-styles \" data-block-type=\"unstyled\" data-block-weight=\"18\" data-block-id=\"13\">\n<p class=\"content-text__container \" data-track-category=\"Link no Texto\" data-track-links=\"\">As vagas s\u00e3o para lota\u00e7\u00e3o nas regionais de diversas cidades do Estado. Para Presidente Prudente s\u00e3o duas vagas.<\/p>\n<\/div>\n<div class=\"mc-column content-text active-extra-styles \" data-block-type=\"unstyled\" data-block-weight=\"47\" data-block-id=\"14\">\n<p class=\"content-text__container \" data-track-category=\"Link no Texto\" data-track-links=\"\">Para concorrer a uma das vagas, o candidato dever\u00e1 ter n\u00edvel fundamental completo. O sal\u00e1rio inicial do cargo \u00e9 de R$ 2.789,81, mais aux\u00edlio-alimenta\u00e7\u00e3o no valor de R$ 920,00 por m\u00eas e aux\u00edlio-transporte de R$ 14,96 por dia. A jornada de trabalho ser\u00e1 de 40 horas semanais.<\/p>\n<p class=\"content-text__container \" data-track-category=\"Link no Texto\" data-track-links=\"\">Os interessados em concorrer a uma das vagas poder\u00e3o se inscrever entre 17 de julho e 21 de agosto de 2019, no <a href=\"https:\/\/www.vunesp.com.br\/MPSP1902\" target=\"_blank\" rel=\"noopener noreferrer\">site oficial\u00a0<\/a>da banca organizadora do concurso. A taxa de inscri\u00e7\u00e3o custa R$ 80.<\/p>\n<\/div>\n<div class=\"mc-column content-text active-extra-styles \" data-block-type=\"unstyled\" data-block-weight=\"34\" data-block-id=\"17\">\n<p class=\"content-text__container \" data-track-category=\"Link no Texto\" data-track-links=\"\">O concurso vai contar com provas objetivas, a serem aplicadas das 14h \u00e0s 17h30min do dia 17 de novembro de 2019 nas cidades sedes das \u00c1reas Regionais do Minist\u00e9rio P\u00fablico, entre elas, Presidente Prudente.<\/p>\n<\/div>\n<div class=\"mc-column content-text active-extra-styles \" data-block-type=\"unstyled\" data-block-weight=\"36\" data-block-id=\"18\">\n<p class=\"content-text__container \" data-track-category=\"Link no Texto\" data-track-links=\"\">As provas contar\u00e3o com 60 quest\u00f5es, distribu\u00eddas entre as disciplinas de L\u00edngua Portuguesa (20), Matem\u00e1tica (15), Legisla\u00e7\u00e3o (5), Hist\u00f3ria (5), Geografia (5) e No\u00e7\u00f5es de Inform\u00e1tica (10). A prova objetiva ser\u00e1 de car\u00e1ter eliminat\u00f3rio e classificat\u00f3rio.<\/p>\n<\/div>\n<div class=\"mc-column content-text active-extra-styles \" data-block-type=\"unstyled\" data-block-weight=\"4\" data-block-id=\"19\">\n<p class=\"content-text__container \" data-track-category=\"Link no Texto\" data-track-links=\"\">Mais informa\u00e7\u00f5es no\u00a0<a href=\"https:\/\/documento.vunesp.com.br\/documento\/stream\/MTA3ODQ0NA%3d%3d\" target=\"_blank\" rel=\"noopener noreferrer\">edital<\/a>.<\/p>\n<\/div>\n<div class=\"mc-column content-text active-extra-styles\" data-block-type=\"raw\" data-block-weight=\"2\" data-block-id=\"20\">\n<div class=\"content-intertitle\">\n<h2>Conselheiro Tutelar<\/h2>\n<\/div>\n<\/div>\n<div class=\"mc-column content-text active-extra-styles \" data-block-type=\"unstyled\" data-block-weight=\"24\" data-block-id=\"21\">\n<p class=\"content-text__container \" data-track-category=\"Link no Texto\" data-track-links=\"\">O Conselho Municipal dos Direitos da Crian\u00e7a e do Adolescente (CMDCA) de Mirante do Paranapanema anuncia novo processo seletivo para sele\u00e7\u00e3o de conselheiro tutelar.<\/p>\n<\/div>\n<div class=\"mc-column content-text active-extra-styles \" data-block-type=\"unstyled\" data-block-weight=\"39\" data-block-id=\"22\">\n<p class=\"content-text__container \" data-track-category=\"Link no Texto\" data-track-links=\"\">As inscri\u00e7\u00f5es podem ser feitas at\u00e9 dia 2 de agosto no Centro de Atendimento a Popula\u00e7\u00e3o &#8211; CAP, localizado na rua Am\u00e9lia Fussae Okubo, n\u00ba 580, no centro de Mirante, mediante pagamento de taxa de inscri\u00e7\u00e3o de R$ 30.<\/p>\n<\/div>\n<div class=\"mc-column content-text active-extra-styles \" data-block-type=\"unstyled\" data-block-weight=\"29\" data-block-id=\"23\">\n<p class=\"content-text__container \" data-track-category=\"Link no Texto\" data-track-links=\"\">O processo vai escolher cinco conselheiros tutelares, com remunera\u00e7\u00e3o de R$ 1.190,00 e carga hor\u00e1ria de 40 horas semanais com escalas de plant\u00f5es noturnos, feriados e finais de semana.<\/p>\n<\/div>\n<div data-track-category=\"multicontent\" data-track-action=\"ultimo chunk conteudo\" data-track-noninteraction=\"false\" data-track-scroll=\"view\">\n<div class=\"mc-column content-text active-extra-styles \" data-block-type=\"unstyled\" data-block-weight=\"14\" data-block-id=\"24\">\n<p class=\"content-text__container \" data-track-category=\"Link no Texto\" data-track-links=\"\">Mais informa\u00e7\u00f5es podem ser consultadas no\u00a0<a href=\"http:\/\/www.klcconcursos.com.br\/index.php?pag=mco&amp;id=276\" target=\"_blank\" rel=\"noopener noreferrer\">site da banca <\/a>organizadora, bem como no\u00a0<a href=\"http:\/\/www.klcconcursos.com.br\/editais\/cb8333082a5874a4213ff094e526cdd5.pdf\" target=\"_blank\" rel=\"noopener noreferrer\">edital<\/a>.<\/p>\n<p data-track-category=\"Link no Texto\" data-track-links=\"\">Fonte: G1<\/p>\n<\/div>\n<\/div>\n<\/div>\n","protected":false},"excerpt":{"rendered":"<p>Tem oportunidades em Pacaembu, Mirante do Paranapanema e Presidente Prudente. Confira as chances da semana. H\u00e1 diversos concursos e processos seletivos sendo realizados no Oeste Paulista. As jornadas de trabalho, os benef\u00edcios, as fun\u00e7\u00f5es e os sal\u00e1rios variam de acordo com o cargo pretendido. Confira as oportunidades: Pacaembu A C\u00e2mara Municipal de Pacaembu, por meio [&hellip;]<\/p>\n","protected":false},"author":1,"featured_media":1956,"comment_status":"open","ping_status":"open","sticky":false,"template":"","format":"standard","meta":{"footnotes":""},"categories":[114],"tags":[],"class_list":["post-1955","post","type-post","status-publish","format-standard","has-post-thumbnail","hentry","category-geralecomercio"],"_links":{"self":[{"href":"https:\/\/jorgezanoni.com.br\/2019\/wp-json\/wp\/v2\/posts\/1955","targetHints":{"allow":["GET"]}}],"collection":[{"href":"https:\/\/jorgezanoni.com.br\/2019\/wp-json\/wp\/v2\/posts"}],"about":[{"href":"https:\/\/jorgezanoni.com.br\/2019\/wp-json\/wp\/v2\/types\/post"}],"author":[{"embeddable":true,"href":"https:\/\/jorgezanoni.com.br\/2019\/wp-json\/wp\/v2\/users\/1"}],"replies":[{"embeddable":true,"href":"https:\/\/jorgezanoni.com.br\/2019\/wp-json\/wp\/v2\/comments?post=1955"}],"version-history":[{"count":0,"href":"https:\/\/jorgezanoni.com.br\/2019\/wp-json\/wp\/v2\/posts\/1955\/revisions"}],"wp:featuredmedia":[{"embeddable":true,"href":"https:\/\/jorgezanoni.com.br\/2019\/wp-json\/wp\/v2\/media\/1956"}],"wp:attachment":[{"href":"https:\/\/jorgezanoni.com.br\/2019\/wp-json\/wp\/v2\/media?parent=1955"}],"wp:term":[{"taxonomy":"category","embeddable":true,"href":"https:\/\/jorgezanoni.com.br\/2019\/wp-json\/wp\/v2\/categories?post=1955"},{"taxonomy":"post_tag","embeddable":true,"href":"https:\/\/jorgezanoni.com.br\/2019\/wp-json\/wp\/v2\/tags?post=1955"}],"curies":[{"name":"wp","href":"https:\/\/api.w.org\/{rel}","templated":true}]}}