{"id":19484,"date":"2020-02-23T01:53:55","date_gmt":"2020-02-23T01:53:55","guid":{"rendered":"https:\/\/jorgezanoni.com.br\/2019\/?p=19484"},"modified":"2020-02-23T01:53:55","modified_gmt":"2020-02-23T01:53:55","slug":"bebe-de-oito-meses-morre-apos-se-engasgar-com-papinha-em-creche","status":"publish","type":"post","link":"https:\/\/jorgezanoni.com.br\/2019\/bebe-de-oito-meses-morre-apos-se-engasgar-com-papinha-em-creche\/","title":{"rendered":"Beb\u00ea de oito meses morre ap\u00f3s se engasgar com papinha em creche"},"content":{"rendered":"<div class=\"mc-column content-text active-extra-styles \" data-block-type=\"unstyled\" data-block-weight=\"27\" data-block-id=\"2\">\n<p class=\"content-text__container \" style=\"text-align: justify;\" data-track-category=\"Link no Texto\" data-track-links=\"\">Um beb\u00ea de 8 meses morreu ap\u00f3s se engasgar com a papinha em uma creche municipal de Tup\u00e3 (SP), no Jardim Ad\u00e9lia, nesta sexta-feira (21).<\/p>\n<\/div>\n<div class=\"wall protected-content\">\n<div class=\"mc-column content-text active-extra-styles \" style=\"text-align: justify;\" data-block-type=\"unstyled\" data-block-weight=\"28\" data-block-id=\"3\">\n<p class=\"content-text__container \" data-track-category=\"Link no Texto\" data-track-links=\"\">Segundo o Corpo de Bombeiros, uma equipe foi acionada por uma funcion\u00e1ria e iniciou o socorro pelo telefone com orienta\u00e7\u00f5es para desobstruir as vias \u00e1reas do menino.<\/p>\n<\/div>\n<div class=\"mc-column content-text active-extra-styles \" style=\"text-align: justify;\" data-block-type=\"unstyled\" data-block-weight=\"20\" data-block-id=\"4\">\n<p class=\"content-text__container \" data-track-category=\"Link no Texto\" data-track-links=\"\">Quando os bombeiros chegaram, o beb\u00ea foi imediatamente levado para o pronto-socorro da Santa Casa, mas n\u00e3o resistiu e morreu.<\/p>\n<\/div>\n<div class=\"mc-column content-text active-extra-styles \" style=\"text-align: justify;\" data-block-type=\"unstyled\" data-block-weight=\"43\" data-block-id=\"5\">\n<p class=\"content-text__container \" data-track-category=\"Link no Texto\" data-track-links=\"\">Em nota, a prefeitura de Tup\u00e3 lamentou o ocorrido e disse que est\u00e1 prestando toda assist\u00eancia e acompanhamento necess\u00e1rios aos pais da crian\u00e7a. Disse ainda que o menino se recuperava de uma gripe e sofreu o quadro de engasgo durante o almo\u00e7o.<\/p>\n<\/div>\n<div class=\"mc-column content-text active-extra-styles \" data-block-type=\"unstyled\" data-block-weight=\"42\" data-block-id=\"6\">\n<p class=\"content-text__container \" style=\"text-align: justify;\" data-track-category=\"Link no Texto\" data-track-links=\"\">A nota ressalta ainda que o menino recebeu os primeiros cuidados da equipe da creche, que prestou socorro \u00e0 crian\u00e7a e acionou o Corpo de Bombeiros. Informou tamb\u00e9m que est\u00e1 acompanhando a apura\u00e7\u00e3o dos fatos e todos os atendimentos relacionados ao caso.<\/p>\n<p class=\"content-text__container \" style=\"text-align: justify;\" data-track-category=\"Link no Texto\" data-track-links=\"\">Fonte: G1<\/p>\n<\/div>\n<\/div>\n","protected":false},"excerpt":{"rendered":"<p>Um beb\u00ea de 8 meses morreu ap\u00f3s se engasgar com a papinha em uma creche municipal de Tup\u00e3 (SP), no Jardim Ad\u00e9lia, nesta sexta-feira (21). Segundo o Corpo de Bombeiros, uma equipe foi acionada por uma funcion\u00e1ria e iniciou o socorro pelo telefone com orienta\u00e7\u00f5es para desobstruir as vias \u00e1reas do menino. Quando os bombeiros [&hellip;]<\/p>\n","protected":false},"author":1,"featured_media":19485,"comment_status":"closed","ping_status":"open","sticky":false,"template":"","format":"standard","meta":{"footnotes":""},"categories":[110,2],"tags":[],"class_list":["post-19484","post","type-post","status-publish","format-standard","has-post-thumbnail","hentry","category-noticiasdestaque","category-policial"],"_links":{"self":[{"href":"https:\/\/jorgezanoni.com.br\/2019\/wp-json\/wp\/v2\/posts\/19484","targetHints":{"allow":["GET"]}}],"collection":[{"href":"https:\/\/jorgezanoni.com.br\/2019\/wp-json\/wp\/v2\/posts"}],"about":[{"href":"https:\/\/jorgezanoni.com.br\/2019\/wp-json\/wp\/v2\/types\/post"}],"author":[{"embeddable":true,"href":"https:\/\/jorgezanoni.com.br\/2019\/wp-json\/wp\/v2\/users\/1"}],"replies":[{"embeddable":true,"href":"https:\/\/jorgezanoni.com.br\/2019\/wp-json\/wp\/v2\/comments?post=19484"}],"version-history":[{"count":0,"href":"https:\/\/jorgezanoni.com.br\/2019\/wp-json\/wp\/v2\/posts\/19484\/revisions"}],"wp:featuredmedia":[{"embeddable":true,"href":"https:\/\/jorgezanoni.com.br\/2019\/wp-json\/wp\/v2\/media\/19485"}],"wp:attachment":[{"href":"https:\/\/jorgezanoni.com.br\/2019\/wp-json\/wp\/v2\/media?parent=19484"}],"wp:term":[{"taxonomy":"category","embeddable":true,"href":"https:\/\/jorgezanoni.com.br\/2019\/wp-json\/wp\/v2\/categories?post=19484"},{"taxonomy":"post_tag","embeddable":true,"href":"https:\/\/jorgezanoni.com.br\/2019\/wp-json\/wp\/v2\/tags?post=19484"}],"curies":[{"name":"wp","href":"https:\/\/api.w.org\/{rel}","templated":true}]}}