{"id":19481,"date":"2020-02-23T01:36:20","date_gmt":"2020-02-23T01:36:20","guid":{"rendered":"https:\/\/jorgezanoni.com.br\/2019\/?p=19481"},"modified":"2020-02-23T01:36:20","modified_gmt":"2020-02-23T01:36:20","slug":"acidente-com-alcool-e-narguile-causa-queimaduras-em-tres-pessoas-em-adamantina","status":"publish","type":"post","link":"https:\/\/jorgezanoni.com.br\/2019\/acidente-com-alcool-e-narguile-causa-queimaduras-em-tres-pessoas-em-adamantina\/","title":{"rendered":"Acidente com \u00e1lcool e narguil\u00e9 causa queimaduras em tr\u00eas pessoas em Adamantina"},"content":{"rendered":"<h2 class=\"content-head__subtitle\" style=\"text-align: justify;\"><strong>Uma das v\u00edtimas permaneceu internada na Unidade de Terapia Intensiva (UTI), enquanto outra foi transferida para um hospital de Mar\u00edlia.<\/strong><\/h2>\n<div class=\"mc-column content-text active-extra-styles \" data-block-type=\"unstyled\" data-block-weight=\"45\" data-block-id=\"2\">\n<p class=\"content-text__container \" style=\"text-align: justify;\" data-track-category=\"Link no Texto\" data-track-links=\"\">Um acidente causou queimaduras em tr\u00eas pessoas na madrugada deste s\u00e1bado (22), em\u00a0<a href=\"https:\/\/g1.globo.com\/sp\/presidente-prudente-regiao\/cidade\/adamantina\/\">Adamantina (SP)<\/a>. Segundo a Pol\u00edcia Civil, tudo aconteceu no bairro Parque do Sol, quando uma delas esbarrou em um recipiente com \u00e1lcool, que caiu sobre um narguil\u00e9 \u2013 uma esp\u00e9cie de cachimbo.<\/p>\n<\/div>\n<div class=\"wall protected-content\">\n<div class=\"mc-column content-text active-extra-styles \" style=\"text-align: justify;\" data-block-type=\"unstyled\" data-block-weight=\"18\" data-block-id=\"3\">\n<p class=\"content-text__container \" data-track-category=\"Link no Texto\" data-track-links=\"\">Nesse momento, o produto pegou fogo e atingiu as tr\u00eas pessoas, que t\u00eam entre 21 e 29 anos.<\/p>\n<\/div>\n<div class=\"mc-column content-text active-extra-styles \" style=\"text-align: justify;\" data-block-type=\"unstyled\" data-block-weight=\"25\" data-block-id=\"4\">\n<p class=\"content-text__container \" data-track-category=\"Link no Texto\" data-track-links=\"\">As v\u00edtimas foram socorridas no Pronto-socorro da Santa Casa de Miseric\u00f3rdia de Adamantina e uma delas precisou ser transferida para um hospital em\u00a0<a href=\"https:\/\/g1.globo.com\/sp\/bauru-marilia\/cidade\/marilia\/\">Mar\u00edlia (SP)<\/a>.<\/p>\n<\/div>\n<div class=\"mc-column content-text active-extra-styles \" style=\"text-align: justify;\" data-block-type=\"unstyled\" data-block-weight=\"13\" data-block-id=\"5\">\n<p class=\"content-text__container \" data-track-category=\"Link no Texto\" data-track-links=\"\">A Pol\u00edcia Civil registrou um Boletim de Ocorr\u00eancia e apreendeu objetos para investiga\u00e7\u00e3o.<\/p>\n<\/div>\n<div class=\"mc-column content-text active-extra-styles \" style=\"text-align: justify;\" data-block-type=\"unstyled\" data-block-weight=\"32\" data-block-id=\"6\">\n<p class=\"content-text__container \" data-track-category=\"Link no Texto\" data-track-links=\"\">A Santa Casa de Miseric\u00f3rdia de Adamantina informou que as tr\u00eas v\u00edtimas deste acidente deram entrada \u00e0 1h na unidade de sa\u00fade e receberam prontamente os cuidados da equipe m\u00e9dica e multiprofissional.<\/p>\n<\/div>\n<div class=\"mc-column content-text active-extra-styles \" style=\"text-align: justify;\" data-block-type=\"unstyled\" data-block-weight=\"22\" data-block-id=\"7\">\n<p class=\"content-text__container \" data-track-category=\"Link no Texto\" data-track-links=\"\">Em Adamantina, apenas o rapaz, de 22 anos, permaneceu internado na Unidade de Terapia Intensiva (UTI) e seu quadro \u00e9 considerado est\u00e1vel.<\/p>\n<\/div>\n<div class=\"mc-column content-text active-extra-styles \" style=\"text-align: justify;\" data-block-type=\"unstyled\" data-block-weight=\"18\" data-block-id=\"8\">\n<p class=\"content-text__container \" data-track-category=\"Link no Texto\" data-track-links=\"\">J\u00e1 a mulher de 21 anos foi atendida e transferida para a Santa Casa de Miseric\u00f3rdia de Mar\u00edlia.<\/p>\n<\/div>\n<div class=\"mc-column content-text active-extra-styles \" data-block-type=\"unstyled\" data-block-weight=\"9\" data-block-id=\"9\">\n<p class=\"content-text__container \" style=\"text-align: justify;\" data-track-category=\"Link no Texto\" data-track-links=\"\">A v\u00edtima de 29 anos foi atendida e liberada.<\/p>\n<p style=\"text-align: justify;\" data-track-category=\"Link no Texto\" data-track-links=\"\">Fonte: G1<\/p>\n<\/div>\n<\/div>\n","protected":false},"excerpt":{"rendered":"<p>Uma das v\u00edtimas permaneceu internada na Unidade de Terapia Intensiva (UTI), enquanto outra foi transferida para um hospital de Mar\u00edlia. Um acidente causou queimaduras em tr\u00eas pessoas na madrugada deste s\u00e1bado (22), em\u00a0Adamantina (SP). Segundo a Pol\u00edcia Civil, tudo aconteceu no bairro Parque do Sol, quando uma delas esbarrou em um recipiente com \u00e1lcool, que [&hellip;]<\/p>\n","protected":false},"author":1,"featured_media":19482,"comment_status":"closed","ping_status":"open","sticky":false,"template":"","format":"standard","meta":{"footnotes":""},"categories":[110,2],"tags":[],"class_list":["post-19481","post","type-post","status-publish","format-standard","has-post-thumbnail","hentry","category-noticiasdestaque","category-policial"],"_links":{"self":[{"href":"https:\/\/jorgezanoni.com.br\/2019\/wp-json\/wp\/v2\/posts\/19481","targetHints":{"allow":["GET"]}}],"collection":[{"href":"https:\/\/jorgezanoni.com.br\/2019\/wp-json\/wp\/v2\/posts"}],"about":[{"href":"https:\/\/jorgezanoni.com.br\/2019\/wp-json\/wp\/v2\/types\/post"}],"author":[{"embeddable":true,"href":"https:\/\/jorgezanoni.com.br\/2019\/wp-json\/wp\/v2\/users\/1"}],"replies":[{"embeddable":true,"href":"https:\/\/jorgezanoni.com.br\/2019\/wp-json\/wp\/v2\/comments?post=19481"}],"version-history":[{"count":0,"href":"https:\/\/jorgezanoni.com.br\/2019\/wp-json\/wp\/v2\/posts\/19481\/revisions"}],"wp:featuredmedia":[{"embeddable":true,"href":"https:\/\/jorgezanoni.com.br\/2019\/wp-json\/wp\/v2\/media\/19482"}],"wp:attachment":[{"href":"https:\/\/jorgezanoni.com.br\/2019\/wp-json\/wp\/v2\/media?parent=19481"}],"wp:term":[{"taxonomy":"category","embeddable":true,"href":"https:\/\/jorgezanoni.com.br\/2019\/wp-json\/wp\/v2\/categories?post=19481"},{"taxonomy":"post_tag","embeddable":true,"href":"https:\/\/jorgezanoni.com.br\/2019\/wp-json\/wp\/v2\/tags?post=19481"}],"curies":[{"name":"wp","href":"https:\/\/api.w.org\/{rel}","templated":true}]}}