{"id":1948,"date":"2019-07-24T15:05:14","date_gmt":"2019-07-24T15:05:14","guid":{"rendered":"http:\/\/jorgezanoni.com.br\/2019\/?p=1948"},"modified":"2019-07-24T15:05:14","modified_gmt":"2019-07-24T15:05:14","slug":"empresa-contratada-da-inicio-a-nova-fase-de-conclusao-do-predio-do-25-batalhao-da-pm-em-dracena","status":"publish","type":"post","link":"https:\/\/jorgezanoni.com.br\/2019\/empresa-contratada-da-inicio-a-nova-fase-de-conclusao-do-predio-do-25-batalhao-da-pm-em-dracena\/","title":{"rendered":"Empresa contratada d\u00e1 in\u00edcio a nova fase de conclus\u00e3o do pr\u00e9dio do 25\u00b0 Batalh\u00e3o da PM em Dracena"},"content":{"rendered":"<p><strong>Nesta semana, a empresa contrata o pessoal que vai trabalhar na obra.<\/strong><\/p>\n<p>Depois de ficar paralisada por cerca de 5 anos foi reiniciada ontem, 22, a obra de amplia\u00e7\u00e3o e reforma do pr\u00e9dio onde funcionava a sede do 25\u00ba Batalh\u00e3o de Pol\u00edcia Militar do Interior, na esquina da rua Florian\u00f3polis com a avenida Alcides Chacon Couto, no bairro Metr\u00f3pole, em Dracena.<\/p>\n<p>O diretor Luiz Fernando Gomes, da empresa Gomes e Benez Engenharia de Fernand\u00f3polis respons\u00e1vel pela nova fase da obra cumpriu o que havia dito na segunda-feira de que os servi\u00e7os come\u00e7ariam no dia seguinte.<\/p>\n<p>Ontem come\u00e7ou a retirada das telhas do pr\u00e9dio e do piso velho da quadra de esportes.<\/p>\n<p>Nesta semana a empresa contrata o pessoal que vai trabalhar na obra.<\/p>\n<p>Luiz Fernando acredita que na semana que vem os servi\u00e7os comecem por completo. Ele informa que a amplia\u00e7\u00e3o e reforma do pr\u00e9dio estar\u00e3o prontas dentro de 300 dias conforme prev\u00ea o contrato.<\/p>\n<p>Fonte: Portal Regional<\/p>\n","protected":false},"excerpt":{"rendered":"<p>Nesta semana, a empresa contrata o pessoal que vai trabalhar na obra. Depois de ficar paralisada por cerca de 5 anos foi reiniciada ontem, 22, a obra de amplia\u00e7\u00e3o e reforma do pr\u00e9dio onde funcionava a sede do 25\u00ba Batalh\u00e3o de Pol\u00edcia Militar do Interior, na esquina da rua Florian\u00f3polis com a avenida Alcides Chacon [&hellip;]<\/p>\n","protected":false},"author":1,"featured_media":1949,"comment_status":"open","ping_status":"open","sticky":false,"template":"","format":"standard","meta":{"footnotes":""},"categories":[114,110],"tags":[],"class_list":["post-1948","post","type-post","status-publish","format-standard","has-post-thumbnail","hentry","category-geralecomercio","category-noticiasdestaque"],"_links":{"self":[{"href":"https:\/\/jorgezanoni.com.br\/2019\/wp-json\/wp\/v2\/posts\/1948","targetHints":{"allow":["GET"]}}],"collection":[{"href":"https:\/\/jorgezanoni.com.br\/2019\/wp-json\/wp\/v2\/posts"}],"about":[{"href":"https:\/\/jorgezanoni.com.br\/2019\/wp-json\/wp\/v2\/types\/post"}],"author":[{"embeddable":true,"href":"https:\/\/jorgezanoni.com.br\/2019\/wp-json\/wp\/v2\/users\/1"}],"replies":[{"embeddable":true,"href":"https:\/\/jorgezanoni.com.br\/2019\/wp-json\/wp\/v2\/comments?post=1948"}],"version-history":[{"count":0,"href":"https:\/\/jorgezanoni.com.br\/2019\/wp-json\/wp\/v2\/posts\/1948\/revisions"}],"wp:featuredmedia":[{"embeddable":true,"href":"https:\/\/jorgezanoni.com.br\/2019\/wp-json\/wp\/v2\/media\/1949"}],"wp:attachment":[{"href":"https:\/\/jorgezanoni.com.br\/2019\/wp-json\/wp\/v2\/media?parent=1948"}],"wp:term":[{"taxonomy":"category","embeddable":true,"href":"https:\/\/jorgezanoni.com.br\/2019\/wp-json\/wp\/v2\/categories?post=1948"},{"taxonomy":"post_tag","embeddable":true,"href":"https:\/\/jorgezanoni.com.br\/2019\/wp-json\/wp\/v2\/tags?post=1948"}],"curies":[{"name":"wp","href":"https:\/\/api.w.org\/{rel}","templated":true}]}}