{"id":19477,"date":"2020-02-22T13:32:31","date_gmt":"2020-02-22T13:32:31","guid":{"rendered":"https:\/\/jorgezanoni.com.br\/2019\/?p=19477"},"modified":"2020-02-22T13:32:31","modified_gmt":"2020-02-22T13:32:31","slug":"inaugura-hoje-no-mercado-municipal-de-dracena-direto-da-roca","status":"publish","type":"post","link":"https:\/\/jorgezanoni.com.br\/2019\/inaugura-hoje-no-mercado-municipal-de-dracena-direto-da-roca\/","title":{"rendered":"Inaugura hoje no Mercado Municipal de Dracena, Direto da Ro\u00e7a"},"content":{"rendered":"<p style=\"text-align: justify;\">Mais uma novidade no com\u00e9rcio de Dracena e regi\u00e3o a partir deste s\u00e1bado (22)<\/p>\n<p style=\"text-align: justify;\">Est\u00e1 inaugurando nas depend\u00eancias do Mercado Municipal (Mercad\u00e3o) nas salas 11 e 12, DIRETO DA RO\u00c7A.<\/p>\n<p style=\"text-align: justify;\">L\u00e1 voc\u00ea encontra produtos como: Queijos, bebida l\u00e1ctea, leite, polpa de frutas, processados (verduras e legumes), p\u00e3es, salgados e muito mais.<\/p>\n<p style=\"text-align: justify;\">O Direto da Ro\u00e7a tem produtos produzidos pelos associados da COOPADRA (Cooperativa de Produtores Agr\u00edcolas de Dracena).<\/p>\n<p style=\"text-align: justify;\">Venha conhecer essa novidade!<\/p>\n","protected":false},"excerpt":{"rendered":"<p>Mais uma novidade no com\u00e9rcio de Dracena e regi\u00e3o a partir deste s\u00e1bado (22) Est\u00e1 inaugurando nas depend\u00eancias do Mercado Municipal (Mercad\u00e3o) nas salas 11 e 12, DIRETO DA RO\u00c7A. L\u00e1 voc\u00ea encontra produtos como: Queijos, bebida l\u00e1ctea, leite, polpa de frutas, processados (verduras e legumes), p\u00e3es, salgados e muito mais. O Direto da Ro\u00e7a [&hellip;]<\/p>\n","protected":false},"author":1,"featured_media":19478,"comment_status":"closed","ping_status":"open","sticky":false,"template":"","format":"standard","meta":{"footnotes":""},"categories":[114,110],"tags":[],"class_list":["post-19477","post","type-post","status-publish","format-standard","has-post-thumbnail","hentry","category-geralecomercio","category-noticiasdestaque"],"_links":{"self":[{"href":"https:\/\/jorgezanoni.com.br\/2019\/wp-json\/wp\/v2\/posts\/19477","targetHints":{"allow":["GET"]}}],"collection":[{"href":"https:\/\/jorgezanoni.com.br\/2019\/wp-json\/wp\/v2\/posts"}],"about":[{"href":"https:\/\/jorgezanoni.com.br\/2019\/wp-json\/wp\/v2\/types\/post"}],"author":[{"embeddable":true,"href":"https:\/\/jorgezanoni.com.br\/2019\/wp-json\/wp\/v2\/users\/1"}],"replies":[{"embeddable":true,"href":"https:\/\/jorgezanoni.com.br\/2019\/wp-json\/wp\/v2\/comments?post=19477"}],"version-history":[{"count":0,"href":"https:\/\/jorgezanoni.com.br\/2019\/wp-json\/wp\/v2\/posts\/19477\/revisions"}],"wp:featuredmedia":[{"embeddable":true,"href":"https:\/\/jorgezanoni.com.br\/2019\/wp-json\/wp\/v2\/media\/19478"}],"wp:attachment":[{"href":"https:\/\/jorgezanoni.com.br\/2019\/wp-json\/wp\/v2\/media?parent=19477"}],"wp:term":[{"taxonomy":"category","embeddable":true,"href":"https:\/\/jorgezanoni.com.br\/2019\/wp-json\/wp\/v2\/categories?post=19477"},{"taxonomy":"post_tag","embeddable":true,"href":"https:\/\/jorgezanoni.com.br\/2019\/wp-json\/wp\/v2\/tags?post=19477"}],"curies":[{"name":"wp","href":"https:\/\/api.w.org\/{rel}","templated":true}]}}