{"id":19435,"date":"2020-02-22T02:27:58","date_gmt":"2020-02-22T02:27:58","guid":{"rendered":"https:\/\/jorgezanoni.com.br\/2019\/?p=19435"},"modified":"2020-02-22T02:28:40","modified_gmt":"2020-02-22T02:28:40","slug":"carnaval-em-dracena-com-a-policia-militar-presente-pulseiras-para-criancas-garante-a-tranquilidade-dos-pais","status":"publish","type":"post","link":"https:\/\/jorgezanoni.com.br\/2019\/carnaval-em-dracena-com-a-policia-militar-presente-pulseiras-para-criancas-garante-a-tranquilidade-dos-pais\/","title":{"rendered":"Carnaval em Dracena com a Pol\u00edcia Militar presente, pulseiras para crian\u00e7as garante a tranquilidade dos pais"},"content":{"rendered":"<p style=\"text-align: justify;\">Por volta de 19:30 Horas teve in\u00edcio oficialmente o Carnaval na cidade de Dracena. A Policia Militar acompanhou os foli\u00f5es desde a concentra\u00e7\u00e3o at\u00e9 a Pra\u00e7a central da cidade, garantido assim a seguran\u00e7a de todos.<\/p>\n<div style=\"width: 640px;\" class=\"wp-video\"><video class=\"wp-video-shortcode\" id=\"video-19435-1\" width=\"640\" height=\"352\" preload=\"metadata\" controls=\"controls\"><source type=\"video\/mp4\" src=\"https:\/\/jorgezanoni.com.br\/2019\/wp-content\/uploads\/2020\/02\/WhatsApp-Video-2020-02-21-at-19.34.28.mp4?_=1\" \/><a href=\"https:\/\/jorgezanoni.com.br\/2019\/wp-content\/uploads\/2020\/02\/WhatsApp-Video-2020-02-21-at-19.34.28.mp4\">https:\/\/jorgezanoni.com.br\/2019\/wp-content\/uploads\/2020\/02\/WhatsApp-Video-2020-02-21-at-19.34.28.mp4<\/a><\/video><\/div>\n<p>A Pol\u00edcia Militar recebeu pulseiras de identifica\u00e7\u00e3o para ser entregue \u00e0s fam\u00edlias que tenham as suas crian\u00e7as para se divertirem nos eventos carnavalescos. As pessoas que precisarem, tem somente que se dirigir as viaturas da Pol\u00edcia Militar que estiverem pr\u00f3ximo ao evento e solicitar.<\/p>\n<div style=\"width: 640px;\" class=\"wp-video\"><video class=\"wp-video-shortcode\" id=\"video-19435-2\" width=\"640\" height=\"352\" preload=\"metadata\" controls=\"controls\"><source type=\"video\/mp4\" src=\"https:\/\/jorgezanoni.com.br\/2019\/wp-content\/uploads\/2020\/02\/WhatsApp-Video-2020-02-21-at-20.49.34.mp4?_=2\" \/><a href=\"https:\/\/jorgezanoni.com.br\/2019\/wp-content\/uploads\/2020\/02\/WhatsApp-Video-2020-02-21-at-20.49.34.mp4\">https:\/\/jorgezanoni.com.br\/2019\/wp-content\/uploads\/2020\/02\/WhatsApp-Video-2020-02-21-at-20.49.34.mp4<\/a><\/video><\/div>\n<p><img loading=\"lazy\" decoding=\"async\" class=\"alignnone size-full wp-image-19438\" src=\"https:\/\/jorgezanoni.com.br\/2019\/wp-content\/uploads\/2020\/02\/dra1.jpg\" alt=\"\" width=\"605\" height=\"1280\" srcset=\"https:\/\/jorgezanoni.com.br\/2019\/wp-content\/uploads\/2020\/02\/dra1.jpg 605w, https:\/\/jorgezanoni.com.br\/2019\/wp-content\/uploads\/2020\/02\/dra1-142x300.jpg 142w, https:\/\/jorgezanoni.com.br\/2019\/wp-content\/uploads\/2020\/02\/dra1-484x1024.jpg 484w, https:\/\/jorgezanoni.com.br\/2019\/wp-content\/uploads\/2020\/02\/dra1-199x420.jpg 199w\" sizes=\"auto, (max-width: 605px) 100vw, 605px\" \/> <img loading=\"lazy\" decoding=\"async\" class=\"alignnone size-full wp-image-19439\" src=\"https:\/\/jorgezanoni.com.br\/2019\/wp-content\/uploads\/2020\/02\/dra2.jpg\" alt=\"\" width=\"1280\" height=\"605\" srcset=\"https:\/\/jorgezanoni.com.br\/2019\/wp-content\/uploads\/2020\/02\/dra2.jpg 1280w, https:\/\/jorgezanoni.com.br\/2019\/wp-content\/uploads\/2020\/02\/dra2-300x142.jpg 300w, https:\/\/jorgezanoni.com.br\/2019\/wp-content\/uploads\/2020\/02\/dra2-768x363.jpg 768w, https:\/\/jorgezanoni.com.br\/2019\/wp-content\/uploads\/2020\/02\/dra2-1024x484.jpg 1024w, https:\/\/jorgezanoni.com.br\/2019\/wp-content\/uploads\/2020\/02\/dra2-696x329.jpg 696w, https:\/\/jorgezanoni.com.br\/2019\/wp-content\/uploads\/2020\/02\/dra2-1068x505.jpg 1068w, https:\/\/jorgezanoni.com.br\/2019\/wp-content\/uploads\/2020\/02\/dra2-889x420.jpg 889w\" sizes=\"auto, (max-width: 1280px) 100vw, 1280px\" \/> <img loading=\"lazy\" decoding=\"async\" class=\"alignnone size-full wp-image-19440\" src=\"https:\/\/jorgezanoni.com.br\/2019\/wp-content\/uploads\/2020\/02\/dra3.jpg\" alt=\"\" width=\"1280\" height=\"605\" srcset=\"https:\/\/jorgezanoni.com.br\/2019\/wp-content\/uploads\/2020\/02\/dra3.jpg 1280w, https:\/\/jorgezanoni.com.br\/2019\/wp-content\/uploads\/2020\/02\/dra3-300x142.jpg 300w, https:\/\/jorgezanoni.com.br\/2019\/wp-content\/uploads\/2020\/02\/dra3-768x363.jpg 768w, https:\/\/jorgezanoni.com.br\/2019\/wp-content\/uploads\/2020\/02\/dra3-1024x484.jpg 1024w, https:\/\/jorgezanoni.com.br\/2019\/wp-content\/uploads\/2020\/02\/dra3-696x329.jpg 696w, https:\/\/jorgezanoni.com.br\/2019\/wp-content\/uploads\/2020\/02\/dra3-1068x505.jpg 1068w, https:\/\/jorgezanoni.com.br\/2019\/wp-content\/uploads\/2020\/02\/dra3-889x420.jpg 889w\" sizes=\"auto, (max-width: 1280px) 100vw, 1280px\" \/><img loading=\"lazy\" decoding=\"async\" class=\"alignnone size-full wp-image-19441\" src=\"https:\/\/jorgezanoni.com.br\/2019\/wp-content\/uploads\/2020\/02\/dra4.jpg\" alt=\"\" width=\"1280\" height=\"1280\" srcset=\"https:\/\/jorgezanoni.com.br\/2019\/wp-content\/uploads\/2020\/02\/dra4.jpg 1280w, https:\/\/jorgezanoni.com.br\/2019\/wp-content\/uploads\/2020\/02\/dra4-150x150.jpg 150w, https:\/\/jorgezanoni.com.br\/2019\/wp-content\/uploads\/2020\/02\/dra4-300x300.jpg 300w, https:\/\/jorgezanoni.com.br\/2019\/wp-content\/uploads\/2020\/02\/dra4-768x768.jpg 768w, https:\/\/jorgezanoni.com.br\/2019\/wp-content\/uploads\/2020\/02\/dra4-1024x1024.jpg 1024w, https:\/\/jorgezanoni.com.br\/2019\/wp-content\/uploads\/2020\/02\/dra4-696x696.jpg 696w, https:\/\/jorgezanoni.com.br\/2019\/wp-content\/uploads\/2020\/02\/dra4-1068x1068.jpg 1068w, https:\/\/jorgezanoni.com.br\/2019\/wp-content\/uploads\/2020\/02\/dra4-420x420.jpg 420w\" sizes=\"auto, (max-width: 1280px) 100vw, 1280px\" \/><\/p>\n<p>#25BPMI<br \/>\n#POL\u00cdCIAMILITARSP<br \/>\n#CARNAVALMAISSEGURO<\/p>\n","protected":false},"excerpt":{"rendered":"<p>Por volta de 19:30 Horas teve in\u00edcio oficialmente o Carnaval na cidade de Dracena. A Policia Militar acompanhou os foli\u00f5es desde a concentra\u00e7\u00e3o at\u00e9 a Pra\u00e7a central da cidade, garantido assim a seguran\u00e7a de todos. A Pol\u00edcia Militar recebeu pulseiras de identifica\u00e7\u00e3o para ser entregue \u00e0s fam\u00edlias que tenham as suas crian\u00e7as para se divertirem [&hellip;]<\/p>\n","protected":false},"author":1,"featured_media":19442,"comment_status":"closed","ping_status":"open","sticky":false,"template":"","format":"video","meta":{"footnotes":""},"categories":[110,2,169],"tags":[],"class_list":["post-19435","post","type-post","status-publish","format-video","has-post-thumbnail","hentry","category-noticiasdestaque","category-policial","category-videos","post_format-post-format-video"],"_links":{"self":[{"href":"https:\/\/jorgezanoni.com.br\/2019\/wp-json\/wp\/v2\/posts\/19435","targetHints":{"allow":["GET"]}}],"collection":[{"href":"https:\/\/jorgezanoni.com.br\/2019\/wp-json\/wp\/v2\/posts"}],"about":[{"href":"https:\/\/jorgezanoni.com.br\/2019\/wp-json\/wp\/v2\/types\/post"}],"author":[{"embeddable":true,"href":"https:\/\/jorgezanoni.com.br\/2019\/wp-json\/wp\/v2\/users\/1"}],"replies":[{"embeddable":true,"href":"https:\/\/jorgezanoni.com.br\/2019\/wp-json\/wp\/v2\/comments?post=19435"}],"version-history":[{"count":0,"href":"https:\/\/jorgezanoni.com.br\/2019\/wp-json\/wp\/v2\/posts\/19435\/revisions"}],"wp:featuredmedia":[{"embeddable":true,"href":"https:\/\/jorgezanoni.com.br\/2019\/wp-json\/wp\/v2\/media\/19442"}],"wp:attachment":[{"href":"https:\/\/jorgezanoni.com.br\/2019\/wp-json\/wp\/v2\/media?parent=19435"}],"wp:term":[{"taxonomy":"category","embeddable":true,"href":"https:\/\/jorgezanoni.com.br\/2019\/wp-json\/wp\/v2\/categories?post=19435"},{"taxonomy":"post_tag","embeddable":true,"href":"https:\/\/jorgezanoni.com.br\/2019\/wp-json\/wp\/v2\/tags?post=19435"}],"curies":[{"name":"wp","href":"https:\/\/api.w.org\/{rel}","templated":true}]}}