{"id":19432,"date":"2020-02-22T02:08:31","date_gmt":"2020-02-22T02:08:31","guid":{"rendered":"https:\/\/jorgezanoni.com.br\/2019\/?p=19432"},"modified":"2020-02-22T02:08:31","modified_gmt":"2020-02-22T02:08:31","slug":"quarta-companhia-pm-do-25o-bpm-i-reforca-o-policiamento-no-carnaval","status":"publish","type":"post","link":"https:\/\/jorgezanoni.com.br\/2019\/quarta-companhia-pm-do-25o-bpm-i-reforca-o-policiamento-no-carnaval\/","title":{"rendered":"Quarta Companhia PM do 25\u00ba BPM\/I refor\u00e7a o Policiamento no Carnaval"},"content":{"rendered":"<p style=\"text-align: justify;\">QUARTA COMPANHIA PM DO 25 BPM\/I REFOR\u00c7A O POLICIAMENTO NO CARNAVAL<\/p>\n<p style=\"text-align: justify;\">&#8221; Ajude a Pol\u00edcia Militar a ajudar voc\u00ea &#8221;<br \/>\nTodos Juntos para um carnaval Mais Seguro.<\/p>\n<div class=\"text_exposed_show\">\n<p style=\"text-align: justify;\">No per\u00edodo do carnaval, que acontecer\u00e1 entre os dias (21) e (25), a 4 CIA\/PM de Tupi Paulista, estar\u00e1 com o Policiamento refor\u00e7ado. Sendo empregado refor\u00e7o policial para atuar na demanda dos dias de carnaval, propiciando seguran\u00e7a aos cidad\u00e3os. Em reuni\u00e3o realizada pelo 2 tenente PM Carli, atual comandante Interino da 4 CIA\/PM, enfatizando as determina\u00e7\u00f5es referente a seguran\u00e7a, para que os dias de carnaval possam transcorrer com total seguran\u00e7a \u00e0 toda popula\u00e7\u00e3o, em toda extens\u00e3o que compreende a \u00e1rea territorial da 4 Companhia PM.<\/p>\n<p style=\"text-align: justify;\"><a class=\"_58cn\" href=\"https:\/\/www.facebook.com\/hashtag\/25bpmi4ciapm?source=feed_text&amp;epa=HASHTAG\" data-ft=\"{&quot;type&quot;:104,&quot;tn&quot;:&quot;*N&quot;}\"><span class=\"_5afx\"><span class=\"_58cl _5afz\" aria-label=\"hashtag\">#<\/span><span class=\"_58cm\">25BPMI4CIAPM<\/span><\/span><\/a><br \/>\n<a class=\"_58cn\" href=\"https:\/\/www.facebook.com\/hashtag\/pol%C3%ADciamilitarsp?source=feed_text&amp;epa=HASHTAG\" data-ft=\"{&quot;type&quot;:104,&quot;tn&quot;:&quot;*N&quot;}\"><span class=\"_5afx\"><span class=\"_58cl _5afz\" aria-label=\"hashtag\">#<\/span><span class=\"_58cm\">POL\u00cdCIAMILITARSP<\/span><\/span><\/a><br \/>\n<a class=\"_58cn\" href=\"https:\/\/www.facebook.com\/hashtag\/carnavalmaisseguro?source=feed_text&amp;epa=HASHTAG\" data-ft=\"{&quot;type&quot;:104,&quot;tn&quot;:&quot;*N&quot;}\"><span class=\"_5afx\"><span class=\"_58cl _5afz\" aria-label=\"hashtag\">#<\/span><span class=\"_58cm\">CARNAVALMAISSEGURO<\/span><\/span><\/a><\/p>\n<\/div>\n","protected":false},"excerpt":{"rendered":"<p>QUARTA COMPANHIA PM DO 25 BPM\/I REFOR\u00c7A O POLICIAMENTO NO CARNAVAL &#8221; Ajude a Pol\u00edcia Militar a ajudar voc\u00ea &#8221; Todos Juntos para um carnaval Mais Seguro. No per\u00edodo do carnaval, que acontecer\u00e1 entre os dias (21) e (25), a 4 CIA\/PM de Tupi Paulista, estar\u00e1 com o Policiamento refor\u00e7ado. Sendo empregado refor\u00e7o policial para [&hellip;]<\/p>\n","protected":false},"author":1,"featured_media":19433,"comment_status":"closed","ping_status":"open","sticky":false,"template":"","format":"standard","meta":{"footnotes":""},"categories":[110,2],"tags":[],"class_list":["post-19432","post","type-post","status-publish","format-standard","has-post-thumbnail","hentry","category-noticiasdestaque","category-policial"],"_links":{"self":[{"href":"https:\/\/jorgezanoni.com.br\/2019\/wp-json\/wp\/v2\/posts\/19432","targetHints":{"allow":["GET"]}}],"collection":[{"href":"https:\/\/jorgezanoni.com.br\/2019\/wp-json\/wp\/v2\/posts"}],"about":[{"href":"https:\/\/jorgezanoni.com.br\/2019\/wp-json\/wp\/v2\/types\/post"}],"author":[{"embeddable":true,"href":"https:\/\/jorgezanoni.com.br\/2019\/wp-json\/wp\/v2\/users\/1"}],"replies":[{"embeddable":true,"href":"https:\/\/jorgezanoni.com.br\/2019\/wp-json\/wp\/v2\/comments?post=19432"}],"version-history":[{"count":0,"href":"https:\/\/jorgezanoni.com.br\/2019\/wp-json\/wp\/v2\/posts\/19432\/revisions"}],"wp:featuredmedia":[{"embeddable":true,"href":"https:\/\/jorgezanoni.com.br\/2019\/wp-json\/wp\/v2\/media\/19433"}],"wp:attachment":[{"href":"https:\/\/jorgezanoni.com.br\/2019\/wp-json\/wp\/v2\/media?parent=19432"}],"wp:term":[{"taxonomy":"category","embeddable":true,"href":"https:\/\/jorgezanoni.com.br\/2019\/wp-json\/wp\/v2\/categories?post=19432"},{"taxonomy":"post_tag","embeddable":true,"href":"https:\/\/jorgezanoni.com.br\/2019\/wp-json\/wp\/v2\/tags?post=19432"}],"curies":[{"name":"wp","href":"https:\/\/api.w.org\/{rel}","templated":true}]}}