{"id":19428,"date":"2020-02-22T01:56:37","date_gmt":"2020-02-22T01:56:37","guid":{"rendered":"https:\/\/jorgezanoni.com.br\/2019\/?p=19428"},"modified":"2020-02-22T01:56:55","modified_gmt":"2020-02-22T01:56:55","slug":"25o-bpm-i-inicia-operacao-carnaval-mais-seguro-em-22-municipios-da-regiao","status":"publish","type":"post","link":"https:\/\/jorgezanoni.com.br\/2019\/25o-bpm-i-inicia-operacao-carnaval-mais-seguro-em-22-municipios-da-regiao\/","title":{"rendered":"25\u00ba BPM\/I inicia Opera\u00e7\u00e3o Carnaval mais seguro em 22 munic\u00edpios da regi\u00e3o"},"content":{"rendered":"<p style=\"text-align: justify;\"><strong>25\u00ba BPM\/I inicia Opera\u00e7\u00e3o Carnaval Mais Seguro, com o refor\u00e7o do policiamento nos 22 munic\u00edpios e alerta: \u201c A preven\u00e7\u00e3o e todos juntos far\u00e3o um carnaval Mais seguro\u201d.<\/strong><\/p>\n<p style=\"text-align: justify;\">O Carnaval est\u00e1 chegando e muitas pessoas j\u00e1 est\u00e3o se preparando para aproveitar os festejos, por isso a Pol\u00edcia Militar d\u00e1 dicas para aproveitar o feriado prolongado com seguran\u00e7a.<\/p>\n<p style=\"text-align: justify;\">A preven\u00e7\u00e3o \u00e9 a melhor forma de inibir a a\u00e7\u00e3o criminosa e a autoprote\u00e7\u00e3o \u00e9 um dos fatores mais importantes para aumentar sua seguran\u00e7a.<\/p>\n<p style=\"text-align: justify;\">Os foli\u00f5es devem estar atentos quanto aos seus pertences como: carteiras, celulares, m\u00e1quinas fotogr\u00e1ficas e bolsas, evitem andar com esses objetos ostensivamente e n\u00e3o os deixem expostos em lugares que possam chamar a aten\u00e7\u00e3o de pessoas mal intencionadas.<\/p>\n<p style=\"text-align: justify;\">Redobrem a aten\u00e7\u00e3o com objetos de valor como: brincos, pulseiras, correntes de ouro, rel\u00f3gios, s\u00e3o f\u00e1ceis de serem arrancados, e chamam muita aten\u00e7\u00e3o.<\/p>\n<p style=\"text-align: justify;\">N\u00e3o levem consigo altas quantias de dinheiro, cart\u00f5es de banco com senhas anotadas e guardadas na carteira e tal\u00f5es de cheque. Leve somente o necess\u00e1rio para o consumo.<\/p>\n<p style=\"text-align: justify;\">N\u00e3o se envolvam em brigas e mantenham-se afastados de tumultos.<\/p>\n<p style=\"text-align: justify;\">N\u00e3o deixem seus ve\u00edculos estacionados em locais mal iluminados ou afastados. Objetos de valor em seu interior, como \u00f3culos, carteiras, bolsas, GPS e outros aparelhos eletr\u00f4nicos s\u00e3o as causas mais comuns de furtos. Recomendamos tamb\u00e9m que no per\u00edodo noturno n\u00e3o permane\u00e7am em seu interior por per\u00edodos longos.<\/p>\n<p style=\"text-align: justify;\">Instruam as crian\u00e7as a n\u00e3o falarem com estranhos e, se necess\u00e1rio, procurarem aux\u00edlio de um policial militar.<\/p>\n<p style=\"text-align: justify;\">Evitem o consumo de \u00e1lcool &#8211; bebida e dire\u00e7\u00e3o n\u00e3o combinam &#8211; o uso demasiado de bebida alco\u00f3lica pode ocasionar acidentes graves e motivar a viol\u00eancia. Se estiverem na condu\u00e7\u00e3o de ve\u00edculos, passem para uma pessoa habilitada e que n\u00e3o tenha ingerido bebida alco\u00f3lica ou opte por transportes coletivo ou t\u00e1xis.<\/p>\n<p style=\"text-align: justify;\">Para fiscalizar condutores que dirigem sob efeito de bebidas alco\u00f3licas, estar\u00e1 dispon\u00edvel com os policiais militares na \u00e1rea do 25\u00ba BPM\/I que abrange os munic\u00edpios de Panorama a Osvaldo Cruz um equipamento comumente chamado de &#8220;Etil\u00f4metro Passivo&#8221;, sendo ele capaz de detectar ingest\u00e3o de \u00e1lcool pela simples aproxima\u00e7\u00e3o do condutor. Com esse aparelho ser\u00e1 poss\u00edvel identificar o condutor alcoolizado no mesmo instante em que se pede a documenta\u00e7\u00e3o para fins de averigua\u00e7\u00e3o. Esse ato n\u00e3o depende da autoriza\u00e7\u00e3o do condutor.<\/p>\n<p style=\"text-align: justify;\">Se for detectado que o condutor ingeriu \u00e1lcool independentemente da quantidade, acender\u00e1 uma luz vermelha e ele ser\u00e1 convidado a fazer o teste com o etil\u00f4metro completo.<\/p>\n<p style=\"text-align: justify;\">Se for aceito, uma vez detectado o n\u00edvel de toler\u00e2ncia (margem de erro), ser\u00e1 liberado. Acima dessa margem poder\u00e1 ser apenas autuado administrativamente (R$ 2.934,70) ou, al\u00e9m disso, tamb\u00e9m receber voz de pris\u00e3o em flagrante por embriaguez ao volante.<\/p>\n<p style=\"text-align: justify;\">Vale lembrar ainda que as multas s\u00e3o grav\u00edssimas e podem gerar suspens\u00e3o do direito de dirigir por at\u00e9 12 meses. Al\u00e9m disso em caso de reincid\u00eancia em per\u00edodo inferior a um ano, a multa ser\u00e1 dobrada (R$ 5.869,40).<\/p>\n<p style=\"text-align: justify;\">Divirta-se com seguran\u00e7a e em qualquer situa\u00e7\u00e3o de emerg\u00eancia ou den\u00fancia ligue \u201c190\u201d.<\/p>\n<p style=\"text-align: justify;\">A Pol\u00edcia Militar ter\u00e1 o efetivo policial em sua totalidade empregado para o trabalho nos locais de festejos e aglomera\u00e7\u00e3o de pessoas.<\/p>\n<p style=\"text-align: justify;\">Na manh\u00e3 de hoje (21) o Major PM Ivan Garcia de Oliveira, Comandante do 25\u00ba BPM\/I j\u00e1 falou aos policiais militares sobre o desenvolvimento do trabalho da Pol\u00edcia Militar na regi\u00e3o neste per\u00edodo de festividades.<\/p>\n<p style=\"text-align: justify;\">Os festejos na \u00e1rea do 25\u00ba BPM\/I ocorrer\u00e3o nas cidades de Dracena nos dias 21 (sexta) e nas cidades de Panorama nos dias 21, 22,23 e 24 per\u00edodo noturno e nos dias 23 e 25 (matin\u00ea) e na cidade de Paulic\u00e9ia (Carnacross) nos dias 22 ,23, 24 e 25 e no munic\u00edpio de Osvaldo Cruz nos dias 22 e 24 \u2013 Desfile de Escola de Samba.<\/p>\n<p style=\"text-align: justify;\">FA\u00c7A A SUA FESTA, MAS LEVE ESSA MESMA ALEGRIA AOS SEUS FAMILIARES VOLTANDO SAUD\u00c1VEL E SEGURO PARA CASA\u201d.<\/p>\n<p style=\"text-align: justify;\">\u201cAJUDE A POL\u00cdCIA MILITAR A AJUDAR VOC\u00ca\u201d<\/p>\n<p style=\"text-align: justify;\">TODOS JUNTOS POR UM CARNAVAL MAIS SEGURO<\/p>\n<p style=\"text-align: justify;\">#25BPMI<\/p>\n<p style=\"text-align: justify;\">#policiamilitarsp<\/p>\n<p style=\"text-align: justify;\">#carnavalmaisseguro<\/p>\n<p style=\"text-align: justify;\">Dracena, 21 de fevereiro de 2020.<\/p>\n<p style=\"text-align: justify;\">Setor de Comunica\u00e7\u00e3o Social do 25\u00ba BPM\/I<\/p>\n<p style=\"text-align: justify;\">Telefone 3821-3313 ramal 237 &#8211; Rua Messias Ferreira da Palma, 163 \u2013 Centro \u2013 Dracena.<\/p>\n<p>&nbsp;<\/p>\n","protected":false},"excerpt":{"rendered":"<p>25\u00ba BPM\/I inicia Opera\u00e7\u00e3o Carnaval Mais Seguro, com o refor\u00e7o do policiamento nos 22 munic\u00edpios e alerta: \u201c A preven\u00e7\u00e3o e todos juntos far\u00e3o um carnaval Mais seguro\u201d. O Carnaval est\u00e1 chegando e muitas pessoas j\u00e1 est\u00e3o se preparando para aproveitar os festejos, por isso a Pol\u00edcia Militar d\u00e1 dicas para aproveitar o feriado prolongado [&hellip;]<\/p>\n","protected":false},"author":1,"featured_media":19429,"comment_status":"closed","ping_status":"open","sticky":false,"template":"","format":"standard","meta":{"footnotes":""},"categories":[110,2],"tags":[],"class_list":["post-19428","post","type-post","status-publish","format-standard","has-post-thumbnail","hentry","category-noticiasdestaque","category-policial"],"_links":{"self":[{"href":"https:\/\/jorgezanoni.com.br\/2019\/wp-json\/wp\/v2\/posts\/19428","targetHints":{"allow":["GET"]}}],"collection":[{"href":"https:\/\/jorgezanoni.com.br\/2019\/wp-json\/wp\/v2\/posts"}],"about":[{"href":"https:\/\/jorgezanoni.com.br\/2019\/wp-json\/wp\/v2\/types\/post"}],"author":[{"embeddable":true,"href":"https:\/\/jorgezanoni.com.br\/2019\/wp-json\/wp\/v2\/users\/1"}],"replies":[{"embeddable":true,"href":"https:\/\/jorgezanoni.com.br\/2019\/wp-json\/wp\/v2\/comments?post=19428"}],"version-history":[{"count":0,"href":"https:\/\/jorgezanoni.com.br\/2019\/wp-json\/wp\/v2\/posts\/19428\/revisions"}],"wp:featuredmedia":[{"embeddable":true,"href":"https:\/\/jorgezanoni.com.br\/2019\/wp-json\/wp\/v2\/media\/19429"}],"wp:attachment":[{"href":"https:\/\/jorgezanoni.com.br\/2019\/wp-json\/wp\/v2\/media?parent=19428"}],"wp:term":[{"taxonomy":"category","embeddable":true,"href":"https:\/\/jorgezanoni.com.br\/2019\/wp-json\/wp\/v2\/categories?post=19428"},{"taxonomy":"post_tag","embeddable":true,"href":"https:\/\/jorgezanoni.com.br\/2019\/wp-json\/wp\/v2\/tags?post=19428"}],"curies":[{"name":"wp","href":"https:\/\/api.w.org\/{rel}","templated":true}]}}