{"id":19388,"date":"2020-02-21T23:20:07","date_gmt":"2020-02-21T23:20:07","guid":{"rendered":"https:\/\/jorgezanoni.com.br\/2019\/?p=19388"},"modified":"2020-02-21T23:22:20","modified_gmt":"2020-02-21T23:22:20","slug":"prefeitura-de-dracena-so-reabre-na-quinta-feira-27","status":"publish","type":"post","link":"https:\/\/jorgezanoni.com.br\/2019\/prefeitura-de-dracena-so-reabre-na-quinta-feira-27\/","title":{"rendered":"Prefeitura de Dracena s\u00f3 reabre na quinta-feira (27)"},"content":{"rendered":"<p style=\"text-align: justify;\">A Prefeitura de Dracena informa que n\u00e3o haver\u00e1 expediente nos \u00f3rg\u00e3os p\u00fablicos municipais na pr\u00f3xima segunda (24), ter\u00e7a (25) de carnaval e quarta-feira (26) de cinzas.<\/p>\n<p style=\"text-align: justify;\">A coleta seletiva de lixo (reciclagem) s\u00f3 n\u00e3o ir\u00e1 funcionar na ter\u00e7a-feira.<\/p>\n<p style=\"text-align: justify;\">Servi\u00e7os essenciais como o Pronto Atendimento Municipal (PAM) e a coleta de lixo dom\u00e9stico, funcionam normalmente.<\/p>\n<p style=\"text-align: justify;\">O\u00a0expediente retorna normalmente na quinta-feira (27).<\/p>\n<p style=\"text-align: justify;\">PACIENTES COM DENGUE<br \/>\nComo as unidades de sa\u00fade (postos) estar\u00e3o fechadas nesse per\u00edodo, as pessoas com sintomas de Dengue podem procurar a Sala de Hidrata\u00e7\u00e3o, localizada na Policl\u00ednica Municipal, na segunda, ter\u00e7a e quarta-feira, das 8h \u00e0s 21h.<br \/>\nNa segunda e na quarta a coleta de sangue para exame da dengue ser\u00e1 tamb\u00e9m na Policl\u00ednica, das 8h \u00e0s 11h. J\u00e1 na ter\u00e7a (25) o procedimento ser\u00e1 no Pronto Atendimento Municipal (PAM).<\/p>\n<p style=\"text-align: justify;\">Fonte: Diretoria de Comunica\u00e7\u00e3o<\/p>\n","protected":false},"excerpt":{"rendered":"<p>A Prefeitura de Dracena informa que n\u00e3o haver\u00e1 expediente nos \u00f3rg\u00e3os p\u00fablicos municipais na pr\u00f3xima segunda (24), ter\u00e7a (25) de carnaval e quarta-feira (26) de cinzas. A coleta seletiva de lixo (reciclagem) s\u00f3 n\u00e3o ir\u00e1 funcionar na ter\u00e7a-feira. Servi\u00e7os essenciais como o Pronto Atendimento Municipal (PAM) e a coleta de lixo dom\u00e9stico, funcionam normalmente. O\u00a0expediente [&hellip;]<\/p>\n","protected":false},"author":1,"featured_media":19389,"comment_status":"closed","ping_status":"open","sticky":false,"template":"","format":"standard","meta":{"footnotes":""},"categories":[179,184,110],"tags":[],"class_list":["post-19388","post","type-post","status-publish","format-standard","has-post-thumbnail","hentry","category-cidadeseregiao","category-dracena","category-noticiasdestaque"],"_links":{"self":[{"href":"https:\/\/jorgezanoni.com.br\/2019\/wp-json\/wp\/v2\/posts\/19388","targetHints":{"allow":["GET"]}}],"collection":[{"href":"https:\/\/jorgezanoni.com.br\/2019\/wp-json\/wp\/v2\/posts"}],"about":[{"href":"https:\/\/jorgezanoni.com.br\/2019\/wp-json\/wp\/v2\/types\/post"}],"author":[{"embeddable":true,"href":"https:\/\/jorgezanoni.com.br\/2019\/wp-json\/wp\/v2\/users\/1"}],"replies":[{"embeddable":true,"href":"https:\/\/jorgezanoni.com.br\/2019\/wp-json\/wp\/v2\/comments?post=19388"}],"version-history":[{"count":0,"href":"https:\/\/jorgezanoni.com.br\/2019\/wp-json\/wp\/v2\/posts\/19388\/revisions"}],"wp:featuredmedia":[{"embeddable":true,"href":"https:\/\/jorgezanoni.com.br\/2019\/wp-json\/wp\/v2\/media\/19389"}],"wp:attachment":[{"href":"https:\/\/jorgezanoni.com.br\/2019\/wp-json\/wp\/v2\/media?parent=19388"}],"wp:term":[{"taxonomy":"category","embeddable":true,"href":"https:\/\/jorgezanoni.com.br\/2019\/wp-json\/wp\/v2\/categories?post=19388"},{"taxonomy":"post_tag","embeddable":true,"href":"https:\/\/jorgezanoni.com.br\/2019\/wp-json\/wp\/v2\/tags?post=19388"}],"curies":[{"name":"wp","href":"https:\/\/api.w.org\/{rel}","templated":true}]}}