{"id":19372,"date":"2020-02-21T21:56:59","date_gmt":"2020-02-21T21:56:59","guid":{"rendered":"https:\/\/jorgezanoni.com.br\/2019\/?p=19372"},"modified":"2020-02-21T21:56:59","modified_gmt":"2020-02-21T21:56:59","slug":"governador-de-sao-paulo-inaugura-nova-sede-da-delegacia-seccional-de-adamantina","status":"publish","type":"post","link":"https:\/\/jorgezanoni.com.br\/2019\/governador-de-sao-paulo-inaugura-nova-sede-da-delegacia-seccional-de-adamantina\/","title":{"rendered":"Governador de S\u00e3o Paulo inaugura nova sede da Delegacia Seccional de Adamantina"},"content":{"rendered":"<p style=\"text-align: justify;\">GOVERNADOR DE S\u00c3O PAULO INAUGURA NOVA SEDE DA DELEGACIA SECCIONAL DE ADAMANTINA<\/p>\n<p>A Pol\u00edcia Civil inaugurou na tarde desta quinta (20) a nova sede da Delegacia Seccional de Pol\u00edcia de Adamantina. O evento contou com a presen\u00e7a do Excelent\u00edssimo Governador do Estado de S\u00e3o Paulo, Jo\u00e3o D\u00f3ria, do Delegado de Pol\u00edcia Diretor do DEINTER-8, Dr. Walmir Geralde, que tamb\u00e9m representou o Secret\u00e1rio da Seguran\u00e7a P\u00fablica, General Jo\u00e3o Camilo Pires de Campos e o Delegado Geral de Pol\u00edcia, Dr. Ruy Ferraz Fontes, que n\u00e3o puderam estar presentes por terem compromissos profissionais. Tamb\u00e9m estiveram presentes o Delegado Division\u00e1rio de Pol\u00edcia do DEINTER-8, Dr. Jos\u00e9 Carlos de Oliveira J\u00fanior, o Delegado Seccional de Pol\u00edcia de Adamantina, Dr. Carlos Roberto Vasconcelos, a Delegada de Pol\u00edcia Assistente da Seccional de Adamantina, Dra. La\u00edza Fernanda Rigatto Andrade, Delegada Seccional de Pol\u00edcia de Presidente Prudente, Dra. I\u00eada Maria Cavalli de Aguiar Filgueiras, Delegado Seccional de Pol\u00edcia de Assis, Dr. Carlos Ricardo Fracasso, Delegado Seccional de Pol\u00edcia de Dracena, Dr. Nilton Santos Paschoal, Delegado Seccional de Pol\u00edcia de Presidente Venceslau, Dr. Mauro Shiguetoshi Chiyoda, Delegada de Pol\u00edcia Titular da 8\u00aa Corregedoria Auxiliar, Dra. Sandra Cristina Tartari, Coronel PM Fl\u00e1vio de Oliveira Martinez, Comandante do CPI 8, al\u00e9m de diversas autoridades, como o Prefeito de Adamantina, M\u00e1rcio Cardim e outros membros dos Poderes Executivo, Legislativo, em especial os Deputados Mauro Bragato e Ed Thomas, bem como representantes da sociedade civil.<br \/>\nAs novas instala\u00e7\u00f5es, localizadas na Rua Josefina Dall&#8217;Antonia Tiveron, 100, possuem 2.209,94m\u00b2 distribu\u00eddos em dois pavimentos, contando com modernos espa\u00e7os para funcionamento dos setores de Identifica\u00e7\u00e3o, N\u00facleo Especial Criminal e toda a estrutura administrativa das 18 Delegacias que comp\u00f5e a \u00e1rea de abrang\u00eancia da Seccional de Adamantina. A constru\u00e7\u00e3o foi realizada por meio de conv\u00eanio entre o Munic\u00edpio e a Secretaria da Seguran\u00e7a P\u00fablica, possibilitando o fortalecimento do trabalho policial com o melhor aproveitamento dos insumos materiais e humanos e a eleva\u00e7\u00e3o dos padr\u00f5es de atendimento, j\u00e1 consagrados na presta\u00e7\u00e3o de servi\u00e7os ao cidad\u00e3o realizada pela Pol\u00edcia Civil.<\/p>\n<div style=\"text-align: justify;\">Com a mudan\u00e7a para o novo endere\u00e7o, a Pol\u00edcia Civil passa a fazer parte de uma \u00e1rea nobre no Munic\u00edpio, que abrange um complexo de servi\u00e7os p\u00fablicos como a sede da 2\u00aa Cia do 25\u00ba Batalh\u00e3o da Pol\u00edcia Militar, o CIS (Centro Integrado de Sa\u00fade), uma Creche Municipal e uma unidade do Tribunal de Contas.<\/div>\n<div><\/div>\n<div><img loading=\"lazy\" decoding=\"async\" class=\"alignnone size-full wp-image-19373\" src=\"https:\/\/jorgezanoni.com.br\/2019\/wp-content\/uploads\/2020\/02\/adamantina.jpeg\" alt=\"\" width=\"1152\" height=\"864\" srcset=\"https:\/\/jorgezanoni.com.br\/2019\/wp-content\/uploads\/2020\/02\/adamantina.jpeg 1152w, https:\/\/jorgezanoni.com.br\/2019\/wp-content\/uploads\/2020\/02\/adamantina-300x225.jpeg 300w, https:\/\/jorgezanoni.com.br\/2019\/wp-content\/uploads\/2020\/02\/adamantina-768x576.jpeg 768w, https:\/\/jorgezanoni.com.br\/2019\/wp-content\/uploads\/2020\/02\/adamantina-1024x768.jpeg 1024w, https:\/\/jorgezanoni.com.br\/2019\/wp-content\/uploads\/2020\/02\/adamantina-80x60.jpeg 80w, https:\/\/jorgezanoni.com.br\/2019\/wp-content\/uploads\/2020\/02\/adamantina-265x198.jpeg 265w, https:\/\/jorgezanoni.com.br\/2019\/wp-content\/uploads\/2020\/02\/adamantina-696x522.jpeg 696w, https:\/\/jorgezanoni.com.br\/2019\/wp-content\/uploads\/2020\/02\/adamantina-1068x801.jpeg 1068w, https:\/\/jorgezanoni.com.br\/2019\/wp-content\/uploads\/2020\/02\/adamantina-560x420.jpeg 560w\" sizes=\"auto, (max-width: 1152px) 100vw, 1152px\" \/> <img loading=\"lazy\" decoding=\"async\" class=\"alignnone size-full wp-image-19374\" src=\"https:\/\/jorgezanoni.com.br\/2019\/wp-content\/uploads\/2020\/02\/adamantina1.jpeg\" alt=\"\" width=\"1280\" height=\"960\" srcset=\"https:\/\/jorgezanoni.com.br\/2019\/wp-content\/uploads\/2020\/02\/adamantina1.jpeg 1280w, https:\/\/jorgezanoni.com.br\/2019\/wp-content\/uploads\/2020\/02\/adamantina1-300x225.jpeg 300w, https:\/\/jorgezanoni.com.br\/2019\/wp-content\/uploads\/2020\/02\/adamantina1-768x576.jpeg 768w, https:\/\/jorgezanoni.com.br\/2019\/wp-content\/uploads\/2020\/02\/adamantina1-1024x768.jpeg 1024w, https:\/\/jorgezanoni.com.br\/2019\/wp-content\/uploads\/2020\/02\/adamantina1-80x60.jpeg 80w, https:\/\/jorgezanoni.com.br\/2019\/wp-content\/uploads\/2020\/02\/adamantina1-265x198.jpeg 265w, https:\/\/jorgezanoni.com.br\/2019\/wp-content\/uploads\/2020\/02\/adamantina1-696x522.jpeg 696w, https:\/\/jorgezanoni.com.br\/2019\/wp-content\/uploads\/2020\/02\/adamantina1-1068x801.jpeg 1068w, https:\/\/jorgezanoni.com.br\/2019\/wp-content\/uploads\/2020\/02\/adamantina1-560x420.jpeg 560w\" sizes=\"auto, (max-width: 1280px) 100vw, 1280px\" \/> <img loading=\"lazy\" decoding=\"async\" class=\"alignnone size-full wp-image-19375\" src=\"https:\/\/jorgezanoni.com.br\/2019\/wp-content\/uploads\/2020\/02\/adamantina2.jpeg\" alt=\"\" width=\"1280\" height=\"960\" srcset=\"https:\/\/jorgezanoni.com.br\/2019\/wp-content\/uploads\/2020\/02\/adamantina2.jpeg 1280w, https:\/\/jorgezanoni.com.br\/2019\/wp-content\/uploads\/2020\/02\/adamantina2-300x225.jpeg 300w, https:\/\/jorgezanoni.com.br\/2019\/wp-content\/uploads\/2020\/02\/adamantina2-768x576.jpeg 768w, https:\/\/jorgezanoni.com.br\/2019\/wp-content\/uploads\/2020\/02\/adamantina2-1024x768.jpeg 1024w, https:\/\/jorgezanoni.com.br\/2019\/wp-content\/uploads\/2020\/02\/adamantina2-80x60.jpeg 80w, https:\/\/jorgezanoni.com.br\/2019\/wp-content\/uploads\/2020\/02\/adamantina2-265x198.jpeg 265w, https:\/\/jorgezanoni.com.br\/2019\/wp-content\/uploads\/2020\/02\/adamantina2-696x522.jpeg 696w, https:\/\/jorgezanoni.com.br\/2019\/wp-content\/uploads\/2020\/02\/adamantina2-1068x801.jpeg 1068w, https:\/\/jorgezanoni.com.br\/2019\/wp-content\/uploads\/2020\/02\/adamantina2-560x420.jpeg 560w\" sizes=\"auto, (max-width: 1280px) 100vw, 1280px\" \/><img loading=\"lazy\" decoding=\"async\" class=\"alignnone size-full wp-image-19376\" src=\"https:\/\/jorgezanoni.com.br\/2019\/wp-content\/uploads\/2020\/02\/adamantina3.jpeg\" alt=\"\" width=\"1280\" height=\"960\" srcset=\"https:\/\/jorgezanoni.com.br\/2019\/wp-content\/uploads\/2020\/02\/adamantina3.jpeg 1280w, https:\/\/jorgezanoni.com.br\/2019\/wp-content\/uploads\/2020\/02\/adamantina3-300x225.jpeg 300w, https:\/\/jorgezanoni.com.br\/2019\/wp-content\/uploads\/2020\/02\/adamantina3-768x576.jpeg 768w, https:\/\/jorgezanoni.com.br\/2019\/wp-content\/uploads\/2020\/02\/adamantina3-1024x768.jpeg 1024w, https:\/\/jorgezanoni.com.br\/2019\/wp-content\/uploads\/2020\/02\/adamantina3-80x60.jpeg 80w, https:\/\/jorgezanoni.com.br\/2019\/wp-content\/uploads\/2020\/02\/adamantina3-265x198.jpeg 265w, https:\/\/jorgezanoni.com.br\/2019\/wp-content\/uploads\/2020\/02\/adamantina3-696x522.jpeg 696w, https:\/\/jorgezanoni.com.br\/2019\/wp-content\/uploads\/2020\/02\/adamantina3-1068x801.jpeg 1068w, https:\/\/jorgezanoni.com.br\/2019\/wp-content\/uploads\/2020\/02\/adamantina3-560x420.jpeg 560w\" sizes=\"auto, (max-width: 1280px) 100vw, 1280px\" \/> <img loading=\"lazy\" decoding=\"async\" class=\"alignnone size-full wp-image-19377\" src=\"https:\/\/jorgezanoni.com.br\/2019\/wp-content\/uploads\/2020\/02\/adamantina4.jpeg\" alt=\"\" width=\"823\" height=\"692\" srcset=\"https:\/\/jorgezanoni.com.br\/2019\/wp-content\/uploads\/2020\/02\/adamantina4.jpeg 823w, https:\/\/jorgezanoni.com.br\/2019\/wp-content\/uploads\/2020\/02\/adamantina4-300x252.jpeg 300w, https:\/\/jorgezanoni.com.br\/2019\/wp-content\/uploads\/2020\/02\/adamantina4-768x646.jpeg 768w, https:\/\/jorgezanoni.com.br\/2019\/wp-content\/uploads\/2020\/02\/adamantina4-696x585.jpeg 696w, https:\/\/jorgezanoni.com.br\/2019\/wp-content\/uploads\/2020\/02\/adamantina4-500x420.jpeg 500w\" sizes=\"auto, (max-width: 823px) 100vw, 823px\" \/> <img loading=\"lazy\" decoding=\"async\" class=\"alignnone size-full wp-image-19378\" src=\"https:\/\/jorgezanoni.com.br\/2019\/wp-content\/uploads\/2020\/02\/adamantina5.jpeg\" alt=\"\" width=\"1140\" height=\"800\" srcset=\"https:\/\/jorgezanoni.com.br\/2019\/wp-content\/uploads\/2020\/02\/adamantina5.jpeg 1140w, https:\/\/jorgezanoni.com.br\/2019\/wp-content\/uploads\/2020\/02\/adamantina5-300x211.jpeg 300w, https:\/\/jorgezanoni.com.br\/2019\/wp-content\/uploads\/2020\/02\/adamantina5-768x539.jpeg 768w, https:\/\/jorgezanoni.com.br\/2019\/wp-content\/uploads\/2020\/02\/adamantina5-1024x719.jpeg 1024w, https:\/\/jorgezanoni.com.br\/2019\/wp-content\/uploads\/2020\/02\/adamantina5-100x70.jpeg 100w, https:\/\/jorgezanoni.com.br\/2019\/wp-content\/uploads\/2020\/02\/adamantina5-696x488.jpeg 696w, https:\/\/jorgezanoni.com.br\/2019\/wp-content\/uploads\/2020\/02\/adamantina5-1068x749.jpeg 1068w, https:\/\/jorgezanoni.com.br\/2019\/wp-content\/uploads\/2020\/02\/adamantina5-599x420.jpeg 599w\" sizes=\"auto, (max-width: 1140px) 100vw, 1140px\" \/> <img loading=\"lazy\" decoding=\"async\" class=\"alignnone size-full wp-image-19379\" src=\"https:\/\/jorgezanoni.com.br\/2019\/wp-content\/uploads\/2020\/02\/adamantina6.jpeg\" alt=\"\" width=\"1280\" height=\"960\" srcset=\"https:\/\/jorgezanoni.com.br\/2019\/wp-content\/uploads\/2020\/02\/adamantina6.jpeg 1280w, https:\/\/jorgezanoni.com.br\/2019\/wp-content\/uploads\/2020\/02\/adamantina6-300x225.jpeg 300w, https:\/\/jorgezanoni.com.br\/2019\/wp-content\/uploads\/2020\/02\/adamantina6-768x576.jpeg 768w, https:\/\/jorgezanoni.com.br\/2019\/wp-content\/uploads\/2020\/02\/adamantina6-1024x768.jpeg 1024w, https:\/\/jorgezanoni.com.br\/2019\/wp-content\/uploads\/2020\/02\/adamantina6-80x60.jpeg 80w, https:\/\/jorgezanoni.com.br\/2019\/wp-content\/uploads\/2020\/02\/adamantina6-265x198.jpeg 265w, https:\/\/jorgezanoni.com.br\/2019\/wp-content\/uploads\/2020\/02\/adamantina6-696x522.jpeg 696w, https:\/\/jorgezanoni.com.br\/2019\/wp-content\/uploads\/2020\/02\/adamantina6-1068x801.jpeg 1068w, https:\/\/jorgezanoni.com.br\/2019\/wp-content\/uploads\/2020\/02\/adamantina6-560x420.jpeg 560w\" sizes=\"auto, (max-width: 1280px) 100vw, 1280px\" \/> <img loading=\"lazy\" decoding=\"async\" class=\"alignnone size-full wp-image-19380\" src=\"https:\/\/jorgezanoni.com.br\/2019\/wp-content\/uploads\/2020\/02\/Adamantina7.jpeg\" alt=\"\" width=\"1280\" height=\"960\" srcset=\"https:\/\/jorgezanoni.com.br\/2019\/wp-content\/uploads\/2020\/02\/Adamantina7.jpeg 1280w, https:\/\/jorgezanoni.com.br\/2019\/wp-content\/uploads\/2020\/02\/Adamantina7-300x225.jpeg 300w, https:\/\/jorgezanoni.com.br\/2019\/wp-content\/uploads\/2020\/02\/Adamantina7-768x576.jpeg 768w, https:\/\/jorgezanoni.com.br\/2019\/wp-content\/uploads\/2020\/02\/Adamantina7-1024x768.jpeg 1024w, https:\/\/jorgezanoni.com.br\/2019\/wp-content\/uploads\/2020\/02\/Adamantina7-80x60.jpeg 80w, https:\/\/jorgezanoni.com.br\/2019\/wp-content\/uploads\/2020\/02\/Adamantina7-265x198.jpeg 265w, https:\/\/jorgezanoni.com.br\/2019\/wp-content\/uploads\/2020\/02\/Adamantina7-696x522.jpeg 696w, https:\/\/jorgezanoni.com.br\/2019\/wp-content\/uploads\/2020\/02\/Adamantina7-1068x801.jpeg 1068w, https:\/\/jorgezanoni.com.br\/2019\/wp-content\/uploads\/2020\/02\/Adamantina7-560x420.jpeg 560w\" sizes=\"auto, (max-width: 1280px) 100vw, 1280px\" \/><img loading=\"lazy\" decoding=\"async\" class=\"alignnone size-full wp-image-19382\" src=\"https:\/\/jorgezanoni.com.br\/2019\/wp-content\/uploads\/2020\/02\/adamantina9.jpeg\" alt=\"\" width=\"1280\" height=\"960\" srcset=\"https:\/\/jorgezanoni.com.br\/2019\/wp-content\/uploads\/2020\/02\/adamantina9.jpeg 1280w, https:\/\/jorgezanoni.com.br\/2019\/wp-content\/uploads\/2020\/02\/adamantina9-300x225.jpeg 300w, https:\/\/jorgezanoni.com.br\/2019\/wp-content\/uploads\/2020\/02\/adamantina9-768x576.jpeg 768w, https:\/\/jorgezanoni.com.br\/2019\/wp-content\/uploads\/2020\/02\/adamantina9-1024x768.jpeg 1024w, https:\/\/jorgezanoni.com.br\/2019\/wp-content\/uploads\/2020\/02\/adamantina9-80x60.jpeg 80w, https:\/\/jorgezanoni.com.br\/2019\/wp-content\/uploads\/2020\/02\/adamantina9-265x198.jpeg 265w, https:\/\/jorgezanoni.com.br\/2019\/wp-content\/uploads\/2020\/02\/adamantina9-696x522.jpeg 696w, https:\/\/jorgezanoni.com.br\/2019\/wp-content\/uploads\/2020\/02\/adamantina9-1068x801.jpeg 1068w, https:\/\/jorgezanoni.com.br\/2019\/wp-content\/uploads\/2020\/02\/adamantina9-560x420.jpeg 560w\" sizes=\"auto, (max-width: 1280px) 100vw, 1280px\" \/><\/div>\n<p style=\"text-align: justify;\">\nFonte: Delegacia de Pol\u00edcia Seccional de Adamantina.<\/p>\n","protected":false},"excerpt":{"rendered":"<p>GOVERNADOR DE S\u00c3O PAULO INAUGURA NOVA SEDE DA DELEGACIA SECCIONAL DE ADAMANTINA A Pol\u00edcia Civil inaugurou na tarde desta quinta (20) a nova sede da Delegacia Seccional de Pol\u00edcia de Adamantina. O evento contou com a presen\u00e7a do Excelent\u00edssimo Governador do Estado de S\u00e3o Paulo, Jo\u00e3o D\u00f3ria, do Delegado de Pol\u00edcia Diretor do DEINTER-8, Dr. [&hellip;]<\/p>\n","protected":false},"author":1,"featured_media":19383,"comment_status":"closed","ping_status":"open","sticky":false,"template":"","format":"standard","meta":{"footnotes":""},"categories":[2,116],"tags":[],"class_list":["post-19372","post","type-post","status-publish","format-standard","has-post-thumbnail","hentry","category-policial","category-politicaeeconomia"],"_links":{"self":[{"href":"https:\/\/jorgezanoni.com.br\/2019\/wp-json\/wp\/v2\/posts\/19372","targetHints":{"allow":["GET"]}}],"collection":[{"href":"https:\/\/jorgezanoni.com.br\/2019\/wp-json\/wp\/v2\/posts"}],"about":[{"href":"https:\/\/jorgezanoni.com.br\/2019\/wp-json\/wp\/v2\/types\/post"}],"author":[{"embeddable":true,"href":"https:\/\/jorgezanoni.com.br\/2019\/wp-json\/wp\/v2\/users\/1"}],"replies":[{"embeddable":true,"href":"https:\/\/jorgezanoni.com.br\/2019\/wp-json\/wp\/v2\/comments?post=19372"}],"version-history":[{"count":0,"href":"https:\/\/jorgezanoni.com.br\/2019\/wp-json\/wp\/v2\/posts\/19372\/revisions"}],"wp:featuredmedia":[{"embeddable":true,"href":"https:\/\/jorgezanoni.com.br\/2019\/wp-json\/wp\/v2\/media\/19383"}],"wp:attachment":[{"href":"https:\/\/jorgezanoni.com.br\/2019\/wp-json\/wp\/v2\/media?parent=19372"}],"wp:term":[{"taxonomy":"category","embeddable":true,"href":"https:\/\/jorgezanoni.com.br\/2019\/wp-json\/wp\/v2\/categories?post=19372"},{"taxonomy":"post_tag","embeddable":true,"href":"https:\/\/jorgezanoni.com.br\/2019\/wp-json\/wp\/v2\/tags?post=19372"}],"curies":[{"name":"wp","href":"https:\/\/api.w.org\/{rel}","templated":true}]}}