{"id":19369,"date":"2020-02-21T17:11:27","date_gmt":"2020-02-21T17:11:27","guid":{"rendered":"https:\/\/jorgezanoni.com.br\/2019\/?p=19369"},"modified":"2020-02-21T17:11:27","modified_gmt":"2020-02-21T17:11:27","slug":"dracena-tempersul-intelli-confirma-participacao-na-laranjeiras-cup-2020","status":"publish","type":"post","link":"https:\/\/jorgezanoni.com.br\/2019\/dracena-tempersul-intelli-confirma-participacao-na-laranjeiras-cup-2020\/","title":{"rendered":"Dracena Tempersul Intelli confirma participa\u00e7\u00e3o na Laranjeiras Cup 2020"},"content":{"rendered":"<p style=\"font-weight: 400; text-align: justify;\">Dentre os dias 28 de fevereiro e 1\u00ba de mar\u00e7o, o Dracena Tempersul Intelli entrar\u00e1 em quadra pela Laranjeiras Cup, quadrangular de pr\u00e9-temporada que ser\u00e1 realizado em Laranjeiras do Sul (PR).<\/p>\n<p style=\"font-weight: 400; text-align: justify;\">Na edi\u00e7\u00e3o 2020, a 2\u00aa de sua hist\u00f3ria, o torneio contar\u00e1 com as presen\u00e7as do anfitri\u00e3o Oper\u00e1rio Laranjeiras, equipe que disputa a S\u00e9rie Prata do Campeonato Paranaense, e dois times que jogam a Liga Nacional de Futsal, o Tubar\u00e3o, de Santa Catarina, e o Foz Cataratas, de Foz do Igua\u00e7u, no Paran\u00e1.<\/p>\n<p style=\"font-weight: 400; text-align: justify;\">&#8220;Esse torneio preparat\u00f3rio ser\u00e1 muito interessante para medirmos o elenco. S\u00e3o tr\u00eas advers\u00e1rios qualificados e que certamente nos colocar\u00e3o em dificuldades&#8221;, analisou o t\u00e9cnico Bruno Silva. &#8220;Em competi\u00e7\u00f5es como essa o que menos importa \u00e9 o resultado. O que realmente vale \u00e9 testar as forma\u00e7\u00f5es e jogadas que estamos trabalhando nos treinamentos&#8221;, completou o comandante dracenense.<\/p>\n<p>Fonte: Assessoria de Imprensa<\/p>\n","protected":false},"excerpt":{"rendered":"<p>Dentre os dias 28 de fevereiro e 1\u00ba de mar\u00e7o, o Dracena Tempersul Intelli entrar\u00e1 em quadra pela Laranjeiras Cup, quadrangular de pr\u00e9-temporada que ser\u00e1 realizado em Laranjeiras do Sul (PR). Na edi\u00e7\u00e3o 2020, a 2\u00aa de sua hist\u00f3ria, o torneio contar\u00e1 com as presen\u00e7as do anfitri\u00e3o Oper\u00e1rio Laranjeiras, equipe que disputa a S\u00e9rie Prata [&hellip;]<\/p>\n","protected":false},"author":1,"featured_media":19370,"comment_status":"closed","ping_status":"open","sticky":false,"template":"","format":"standard","meta":{"footnotes":""},"categories":[111],"tags":[],"class_list":["post-19369","post","type-post","status-publish","format-standard","has-post-thumbnail","hentry","category-esporteecultura"],"_links":{"self":[{"href":"https:\/\/jorgezanoni.com.br\/2019\/wp-json\/wp\/v2\/posts\/19369","targetHints":{"allow":["GET"]}}],"collection":[{"href":"https:\/\/jorgezanoni.com.br\/2019\/wp-json\/wp\/v2\/posts"}],"about":[{"href":"https:\/\/jorgezanoni.com.br\/2019\/wp-json\/wp\/v2\/types\/post"}],"author":[{"embeddable":true,"href":"https:\/\/jorgezanoni.com.br\/2019\/wp-json\/wp\/v2\/users\/1"}],"replies":[{"embeddable":true,"href":"https:\/\/jorgezanoni.com.br\/2019\/wp-json\/wp\/v2\/comments?post=19369"}],"version-history":[{"count":0,"href":"https:\/\/jorgezanoni.com.br\/2019\/wp-json\/wp\/v2\/posts\/19369\/revisions"}],"wp:featuredmedia":[{"embeddable":true,"href":"https:\/\/jorgezanoni.com.br\/2019\/wp-json\/wp\/v2\/media\/19370"}],"wp:attachment":[{"href":"https:\/\/jorgezanoni.com.br\/2019\/wp-json\/wp\/v2\/media?parent=19369"}],"wp:term":[{"taxonomy":"category","embeddable":true,"href":"https:\/\/jorgezanoni.com.br\/2019\/wp-json\/wp\/v2\/categories?post=19369"},{"taxonomy":"post_tag","embeddable":true,"href":"https:\/\/jorgezanoni.com.br\/2019\/wp-json\/wp\/v2\/tags?post=19369"}],"curies":[{"name":"wp","href":"https:\/\/api.w.org\/{rel}","templated":true}]}}