{"id":19366,"date":"2020-02-21T16:49:21","date_gmt":"2020-02-21T16:49:21","guid":{"rendered":"https:\/\/jorgezanoni.com.br\/2019\/?p=19366"},"modified":"2020-02-21T16:49:21","modified_gmt":"2020-02-21T16:49:21","slug":"calouros-de-medicina-da-unifadra-fazem-arrecadacao-de-alimentos-na-semana-de-recepcao-solidaria","status":"publish","type":"post","link":"https:\/\/jorgezanoni.com.br\/2019\/calouros-de-medicina-da-unifadra-fazem-arrecadacao-de-alimentos-na-semana-de-recepcao-solidaria\/","title":{"rendered":"Calouros de Medicina da Unifadra fazem arrecada\u00e7\u00e3o de alimentos na semana de recep\u00e7\u00e3o solid\u00e1ria"},"content":{"rendered":"<p style=\"font-weight: 400; text-align: justify;\">Os calouros do curso de Medicina da Unifadra tiveram uma semana de acolhimento cheia de atividades, incluindo a recep\u00e7\u00e3o solid\u00e1ria que arrecadou alimentos e produtos de limpeza que ser\u00e3o doados para entidades de Dracena.<br \/>\nA a\u00e7\u00e3o foi organizada pela Atl\u00e9tica do curso de Medicina e pelo Centro Acad\u00eamico de Medicina Maria Bras\u00edlia. Os alunos ainda est\u00e3o recebendo as doa\u00e7\u00f5es, que podem ser entregues na sala do CA (no p\u00e1tio da Unifadra).<br \/>\nOs ingressantes do curso tamb\u00e9m participaram, durante a primeira semana de aulas, da aula inaugural com a m\u00e9dica Profa. Paula \u00c9rika Osaki Fonseca; da oficina sobre estilos de aprendizagem com a Profa. Rosana Trindade; e da palestra \u201cDepress\u00e3o e Suic\u00eddio\u201d, com a Profa. Ma. Maria Angela Maltempi.<\/p>\n<p style=\"font-weight: 400; text-align: justify;\">Carolina Colnago<\/p>\n<p style=\"font-weight: 400; text-align: justify;\">Assessora de Comunica\u00e7\u00e3o da Fundec &#8211; Jornalista<\/p>\n","protected":false},"excerpt":{"rendered":"<p>Os calouros do curso de Medicina da Unifadra tiveram uma semana de acolhimento cheia de atividades, incluindo a recep\u00e7\u00e3o solid\u00e1ria que arrecadou alimentos e produtos de limpeza que ser\u00e3o doados para entidades de Dracena. A a\u00e7\u00e3o foi organizada pela Atl\u00e9tica do curso de Medicina e pelo Centro Acad\u00eamico de Medicina Maria Bras\u00edlia. Os alunos ainda [&hellip;]<\/p>\n","protected":false},"author":1,"featured_media":19367,"comment_status":"closed","ping_status":"open","sticky":false,"template":"","format":"standard","meta":{"footnotes":""},"categories":[122],"tags":[],"class_list":["post-19366","post","type-post","status-publish","format-standard","has-post-thumbnail","hentry","category-saudeeducacaoeconcurso"],"_links":{"self":[{"href":"https:\/\/jorgezanoni.com.br\/2019\/wp-json\/wp\/v2\/posts\/19366","targetHints":{"allow":["GET"]}}],"collection":[{"href":"https:\/\/jorgezanoni.com.br\/2019\/wp-json\/wp\/v2\/posts"}],"about":[{"href":"https:\/\/jorgezanoni.com.br\/2019\/wp-json\/wp\/v2\/types\/post"}],"author":[{"embeddable":true,"href":"https:\/\/jorgezanoni.com.br\/2019\/wp-json\/wp\/v2\/users\/1"}],"replies":[{"embeddable":true,"href":"https:\/\/jorgezanoni.com.br\/2019\/wp-json\/wp\/v2\/comments?post=19366"}],"version-history":[{"count":0,"href":"https:\/\/jorgezanoni.com.br\/2019\/wp-json\/wp\/v2\/posts\/19366\/revisions"}],"wp:featuredmedia":[{"embeddable":true,"href":"https:\/\/jorgezanoni.com.br\/2019\/wp-json\/wp\/v2\/media\/19367"}],"wp:attachment":[{"href":"https:\/\/jorgezanoni.com.br\/2019\/wp-json\/wp\/v2\/media?parent=19366"}],"wp:term":[{"taxonomy":"category","embeddable":true,"href":"https:\/\/jorgezanoni.com.br\/2019\/wp-json\/wp\/v2\/categories?post=19366"},{"taxonomy":"post_tag","embeddable":true,"href":"https:\/\/jorgezanoni.com.br\/2019\/wp-json\/wp\/v2\/tags?post=19366"}],"curies":[{"name":"wp","href":"https:\/\/api.w.org\/{rel}","templated":true}]}}