{"id":19360,"date":"2020-02-21T16:05:17","date_gmt":"2020-02-21T16:05:17","guid":{"rendered":"https:\/\/jorgezanoni.com.br\/2019\/?p=19360"},"modified":"2020-02-21T16:05:17","modified_gmt":"2020-02-21T16:05:17","slug":"concessao-de-diploma-de-honra-ao-merito-ao-promotor-roberto-victor-anelli-bodini-passa-por-votacao-na-camara","status":"publish","type":"post","link":"https:\/\/jorgezanoni.com.br\/2019\/concessao-de-diploma-de-honra-ao-merito-ao-promotor-roberto-victor-anelli-bodini-passa-por-votacao-na-camara\/","title":{"rendered":"Concess\u00e3o de Diploma de Honra ao M\u00e9rito ao promotor Roberto Victor Anelli Bodini passa por vota\u00e7\u00e3o na C\u00e2mara"},"content":{"rendered":"<p style=\"font-weight: 400; text-align: justify;\"><strong><em>Projeto de Decreto Legislativo leva a assinatura de todos os vereadores de Dracena.<\/em><\/strong><\/p>\n<p style=\"font-weight: 400; text-align: justify;\">\u00a0A C\u00e2mara Municipal de Dracena realizar\u00e1 a 4\u00aa sess\u00e3o ordin\u00e1ria do ano na pr\u00f3xima quinta-feira, dia 27 de fevereiro, devido aos pontos facultativos do carnaval, decretados pelo Poder Executivo.<\/p>\n<p style=\"font-weight: 400; text-align: justify;\">\u00a0Na pauta, consta a discuss\u00e3o e vota\u00e7\u00e3o \u00fanica do projeto de decreto legislativo n.\u00ba 07, de 6 de novembro de 2019, de autoria dos vereadores Milton Polon e Pedro Gon\u00e7alves Vieira, subscrito pelos demais, de concess\u00e3o de Diploma de Honra ao M\u00e9rito ao 3\u00ba Promotor \u00a0de Justi\u00e7a do Grupo Especial de Delitos Econ\u00f4micos (GEDEC), Sr. Roberto Victor Anelli Bodini.<\/p>\n<p style=\"font-weight: 400; text-align: justify;\">\u00a0A homenagem, ser\u00e1 concedida em reconhecimento pelo trabalho que vem desenvolvendo no Minist\u00e9rio P\u00fablico, em especial pelo empenho junto ao GEDEC &#8220;que resultou na destina\u00e7\u00e3o de verba no valor de R$ 2 milh\u00f5es para a constru\u00e7\u00e3o do novo centro de Hemodi\u00e1lise na Santa Casa de Miseric\u00f3rdia e Maternidade de Dracena.<\/p>\n<p style=\"font-weight: 400; text-align: justify;\">\u00a0Com o recurso que foi destinado, o novo setor de hemodi\u00e1lise ter\u00e1 sua capacidade de atendimento aumentada em 36%, passando dos atuais 110 pacientes por m\u00eas para 150. O local tamb\u00e9m ser\u00e1 ampliado e contar\u00e1 com 1.561 metros quadrados e a conclus\u00e3o da obra \u00e9 de 18 meses ap\u00f3s o seu in\u00edcio.<\/p>\n<p style=\"font-weight: 400; text-align: justify;\">\u00a0A sess\u00e3o ter\u00e1 in\u00edcio a partir das 20h, na Casa de Leis e os mun\u00edcipes s\u00e3o convidados a assistir pessoalmente ou ao vivo pelo r\u00e1dio (95.3 FM) ou pela TV C\u00e2mara no Facebook e no Youtube.<\/p>\n<p style=\"text-align: justify;\">Talita Villalba<\/p>\n<p style=\"text-align: justify;\">Assessora de Imprensa<\/p>\n<p>Imagem Arquivo<\/p>\n","protected":false},"excerpt":{"rendered":"<p>Projeto de Decreto Legislativo leva a assinatura de todos os vereadores de Dracena. \u00a0A C\u00e2mara Municipal de Dracena realizar\u00e1 a 4\u00aa sess\u00e3o ordin\u00e1ria do ano na pr\u00f3xima quinta-feira, dia 27 de fevereiro, devido aos pontos facultativos do carnaval, decretados pelo Poder Executivo. \u00a0Na pauta, consta a discuss\u00e3o e vota\u00e7\u00e3o \u00fanica do projeto de decreto legislativo [&hellip;]<\/p>\n","protected":false},"author":1,"featured_media":19361,"comment_status":"closed","ping_status":"open","sticky":false,"template":"","format":"standard","meta":{"footnotes":""},"categories":[116],"tags":[],"class_list":["post-19360","post","type-post","status-publish","format-standard","has-post-thumbnail","hentry","category-politicaeeconomia"],"_links":{"self":[{"href":"https:\/\/jorgezanoni.com.br\/2019\/wp-json\/wp\/v2\/posts\/19360","targetHints":{"allow":["GET"]}}],"collection":[{"href":"https:\/\/jorgezanoni.com.br\/2019\/wp-json\/wp\/v2\/posts"}],"about":[{"href":"https:\/\/jorgezanoni.com.br\/2019\/wp-json\/wp\/v2\/types\/post"}],"author":[{"embeddable":true,"href":"https:\/\/jorgezanoni.com.br\/2019\/wp-json\/wp\/v2\/users\/1"}],"replies":[{"embeddable":true,"href":"https:\/\/jorgezanoni.com.br\/2019\/wp-json\/wp\/v2\/comments?post=19360"}],"version-history":[{"count":0,"href":"https:\/\/jorgezanoni.com.br\/2019\/wp-json\/wp\/v2\/posts\/19360\/revisions"}],"wp:featuredmedia":[{"embeddable":true,"href":"https:\/\/jorgezanoni.com.br\/2019\/wp-json\/wp\/v2\/media\/19361"}],"wp:attachment":[{"href":"https:\/\/jorgezanoni.com.br\/2019\/wp-json\/wp\/v2\/media?parent=19360"}],"wp:term":[{"taxonomy":"category","embeddable":true,"href":"https:\/\/jorgezanoni.com.br\/2019\/wp-json\/wp\/v2\/categories?post=19360"},{"taxonomy":"post_tag","embeddable":true,"href":"https:\/\/jorgezanoni.com.br\/2019\/wp-json\/wp\/v2\/tags?post=19360"}],"curies":[{"name":"wp","href":"https:\/\/api.w.org\/{rel}","templated":true}]}}