{"id":1934,"date":"2019-07-24T12:49:14","date_gmt":"2019-07-24T12:49:14","guid":{"rendered":"http:\/\/jorgezanoni.com.br\/2019\/?p=1934"},"modified":"2019-07-24T12:50:00","modified_gmt":"2019-07-24T12:50:00","slug":"policia-militar-age-rapidamente-e-prende-dois-homens-em-flagrante-por-tentativa-de-roubo-em-dracena","status":"publish","type":"post","link":"https:\/\/jorgezanoni.com.br\/2019\/policia-militar-age-rapidamente-e-prende-dois-homens-em-flagrante-por-tentativa-de-roubo-em-dracena\/","title":{"rendered":"Policia Militar age rapidamente e prende dois homens em flagrante por tentativa de roubo em Dracena"},"content":{"rendered":"<p>Em uma a\u00e7\u00e3o r\u00e1pida na noite de ontem (22) a Pol\u00edcia Militar ap\u00f3s informa\u00e7\u00e3o via 190 que, defronte a um clube se encontrava L. P. F., o qual havia sido v\u00edtima de tentativa de roubo, sendo que dois indiv\u00edduos, onde um trajava camiseta vermelha short e bon\u00e9, e o outro de moletom roxo, portando um fac\u00e3o anunciaram o assalto, por\u00e9m a v\u00edtima conseguiu correr.<br \/>\nDe imediato ap\u00f3s colher informa\u00e7\u00f5es quanto ao autor, e realizar patrulhamento. foi localizado um indiv\u00edduo com as vestes e caracterizada informadas pela v\u00edtima.<br \/>\nFoi realizada a abordagem e busca pessoal, sendo identificado como J. C. e logo ap\u00f3s foi localizado o outro autor com as vestes id\u00eanticas a informada.<br \/>\nFoi dado voz de pris\u00e3o a ambos, permanecendo somente R. sendo J. C. ouvido e liberado.<\/p>\n<p>Horario: 22:09 &#8211; Avenida Rui Barbosa x Presidente Roosevelt em Dracena<\/p>\n<p>Autores : J. C.L. S. e R. F. S.<\/p>\n<p>Fonte: Com. Social Pol\u00edcia Militar 25\u00ba BPM\/I<\/p>\n<p>&nbsp;<\/p>\n","protected":false},"excerpt":{"rendered":"<p>Em uma a\u00e7\u00e3o r\u00e1pida na noite de ontem (22) a Pol\u00edcia Militar ap\u00f3s informa\u00e7\u00e3o via 190 que, defronte a um clube se encontrava L. P. F., o qual havia sido v\u00edtima de tentativa de roubo, sendo que dois indiv\u00edduos, onde um trajava camiseta vermelha short e bon\u00e9, e o outro de moletom roxo, portando um [&hellip;]<\/p>\n","protected":false},"author":1,"featured_media":1938,"comment_status":"open","ping_status":"open","sticky":false,"template":"","format":"standard","meta":{"footnotes":""},"categories":[110,2],"tags":[],"class_list":["post-1934","post","type-post","status-publish","format-standard","has-post-thumbnail","hentry","category-noticiasdestaque","category-policial"],"_links":{"self":[{"href":"https:\/\/jorgezanoni.com.br\/2019\/wp-json\/wp\/v2\/posts\/1934","targetHints":{"allow":["GET"]}}],"collection":[{"href":"https:\/\/jorgezanoni.com.br\/2019\/wp-json\/wp\/v2\/posts"}],"about":[{"href":"https:\/\/jorgezanoni.com.br\/2019\/wp-json\/wp\/v2\/types\/post"}],"author":[{"embeddable":true,"href":"https:\/\/jorgezanoni.com.br\/2019\/wp-json\/wp\/v2\/users\/1"}],"replies":[{"embeddable":true,"href":"https:\/\/jorgezanoni.com.br\/2019\/wp-json\/wp\/v2\/comments?post=1934"}],"version-history":[{"count":0,"href":"https:\/\/jorgezanoni.com.br\/2019\/wp-json\/wp\/v2\/posts\/1934\/revisions"}],"wp:featuredmedia":[{"embeddable":true,"href":"https:\/\/jorgezanoni.com.br\/2019\/wp-json\/wp\/v2\/media\/1938"}],"wp:attachment":[{"href":"https:\/\/jorgezanoni.com.br\/2019\/wp-json\/wp\/v2\/media?parent=1934"}],"wp:term":[{"taxonomy":"category","embeddable":true,"href":"https:\/\/jorgezanoni.com.br\/2019\/wp-json\/wp\/v2\/categories?post=1934"},{"taxonomy":"post_tag","embeddable":true,"href":"https:\/\/jorgezanoni.com.br\/2019\/wp-json\/wp\/v2\/tags?post=1934"}],"curies":[{"name":"wp","href":"https:\/\/api.w.org\/{rel}","templated":true}]}}