{"id":19310,"date":"2020-02-21T01:59:19","date_gmt":"2020-02-21T01:59:19","guid":{"rendered":"https:\/\/jorgezanoni.com.br\/2019\/?p=19310"},"modified":"2020-02-21T01:59:19","modified_gmt":"2020-02-21T01:59:19","slug":"dracenense-radicado-em-bauru-mostra-descontentamento-como-a-cidade-esta-sendo-administrada","status":"publish","type":"post","link":"https:\/\/jorgezanoni.com.br\/2019\/dracenense-radicado-em-bauru-mostra-descontentamento-como-a-cidade-esta-sendo-administrada\/","title":{"rendered":"Dracenense radicado em Bauru mostra descontentamento como a cidade est\u00e1 sendo administrada"},"content":{"rendered":"<p style=\"text-align: justify;\">O atual prefeito de Dracena j\u00e1 demonstrou apatia diante dos desafios e demandas da cidade. Ele est\u00e1 sem prest\u00edgio junto ao governo do Estado. Assim a &#8220;cidade milagre&#8221; n\u00e3o avan\u00e7a mesmo, infelizmente.<\/p>\n<p style=\"text-align: justify;\">Ao contr\u00e1rio dele, o ex-prefeito Pedretti visitava com frequ\u00eancia o Pal\u00e1cio dos Bandeirantes e era sempre bem recebido pelo governador, o que resultou em muitos recursos e conquistas para Dracena.<\/p>\n<p style=\"text-align: justify;\">Penso que a cidade n\u00e3o pode parar, n\u00e3o pode mais ficar a merc\u00ea das promessas de campanhas pol\u00edticas de um deputado que usou e continua usando a Igreja cat\u00f3lica para influenciar os cidad\u00e3os de bem.<\/p>\n<p style=\"text-align: justify;\">Espero, sinceramente, que a li\u00e7\u00e3o tenha servido aos eleitores que confiaram o seu voto nesse atual prefeito por recomenda\u00e7\u00e3o d\u00easse deputado.<\/p>\n<p style=\"text-align: justify;\">Mas estamos pr\u00f3ximos de reverter este quadro, as elei\u00e7\u00f5es est\u00e3o chegando. Que venha um prefeito de verdade, com simplicidade, humildade e experi\u00eancia pol\u00edtica, e fundamentalmente, que tenha amor por esta cidade!<\/p>\n<p style=\"text-align: justify;\">As m\u00e1scaras est\u00e3o caindo, conto do vig\u00e1rio se revelou. Acorda Dracena!<\/p>\n<p>Moacir Puga, dracenense, publicit\u00e1rio e consultor imobili\u00e1rio em Bauru.<br \/>\nInstagram: @puga.bauru<\/p>\n","protected":false},"excerpt":{"rendered":"<p>O atual prefeito de Dracena j\u00e1 demonstrou apatia diante dos desafios e demandas da cidade. Ele est\u00e1 sem prest\u00edgio junto ao governo do Estado. Assim a &#8220;cidade milagre&#8221; n\u00e3o avan\u00e7a mesmo, infelizmente. Ao contr\u00e1rio dele, o ex-prefeito Pedretti visitava com frequ\u00eancia o Pal\u00e1cio dos Bandeirantes e era sempre bem recebido pelo governador, o que resultou [&hellip;]<\/p>\n","protected":false},"author":1,"featured_media":19311,"comment_status":"closed","ping_status":"open","sticky":false,"template":"","format":"standard","meta":{"footnotes":""},"categories":[179,184,114],"tags":[],"class_list":["post-19310","post","type-post","status-publish","format-standard","has-post-thumbnail","hentry","category-cidadeseregiao","category-dracena","category-geralecomercio"],"_links":{"self":[{"href":"https:\/\/jorgezanoni.com.br\/2019\/wp-json\/wp\/v2\/posts\/19310","targetHints":{"allow":["GET"]}}],"collection":[{"href":"https:\/\/jorgezanoni.com.br\/2019\/wp-json\/wp\/v2\/posts"}],"about":[{"href":"https:\/\/jorgezanoni.com.br\/2019\/wp-json\/wp\/v2\/types\/post"}],"author":[{"embeddable":true,"href":"https:\/\/jorgezanoni.com.br\/2019\/wp-json\/wp\/v2\/users\/1"}],"replies":[{"embeddable":true,"href":"https:\/\/jorgezanoni.com.br\/2019\/wp-json\/wp\/v2\/comments?post=19310"}],"version-history":[{"count":0,"href":"https:\/\/jorgezanoni.com.br\/2019\/wp-json\/wp\/v2\/posts\/19310\/revisions"}],"wp:featuredmedia":[{"embeddable":true,"href":"https:\/\/jorgezanoni.com.br\/2019\/wp-json\/wp\/v2\/media\/19311"}],"wp:attachment":[{"href":"https:\/\/jorgezanoni.com.br\/2019\/wp-json\/wp\/v2\/media?parent=19310"}],"wp:term":[{"taxonomy":"category","embeddable":true,"href":"https:\/\/jorgezanoni.com.br\/2019\/wp-json\/wp\/v2\/categories?post=19310"},{"taxonomy":"post_tag","embeddable":true,"href":"https:\/\/jorgezanoni.com.br\/2019\/wp-json\/wp\/v2\/tags?post=19310"}],"curies":[{"name":"wp","href":"https:\/\/api.w.org\/{rel}","templated":true}]}}