{"id":19284,"date":"2020-02-21T00:05:57","date_gmt":"2020-02-21T00:05:57","guid":{"rendered":"https:\/\/jorgezanoni.com.br\/2019\/?p=19284"},"modified":"2020-02-21T00:05:57","modified_gmt":"2020-02-21T00:05:57","slug":"policia-civil-do-ms-captura-evadido-do-sistema-prisional-paulista","status":"publish","type":"post","link":"https:\/\/jorgezanoni.com.br\/2019\/policia-civil-do-ms-captura-evadido-do-sistema-prisional-paulista\/","title":{"rendered":"\u00a0Pol\u00edcia Civil do MS. captura evadido do sistema prisional paulista"},"content":{"rendered":"<p style=\"text-align: justify;\">Nesta tarde, ap\u00f3s troca de informa\u00e7\u00f5es com a Pol\u00edcia Civil de Panorama-SP, Policiais Civis de Brasil\u00e2ndia-MS capturaram E.M.S.P., 22 anos, foragido do sistema prisional do Estado de S\u00e3o Paulo, onde cumpria pena por crime de tr\u00e1fico de drogas na penitenci\u00e1ria de Pacaemb\u00fa-SP. O alvo da opera\u00e7\u00e3o estava foragido desde o dia 08 de dezembro de 2019.<br \/>\nOs Policiais Civis de Brasil\u00e2ndia receberam informes e apuraram que uma pessoa foragida de um pres\u00eddio do estado de S\u00e3o Paulo estaria escondida na cidade. Ap\u00f3s identificarem o endere\u00e7o do suspeito, ele foi fotografado \u00e0 dist\u00e2ncia e a compara\u00e7\u00e3o das imagens com as fotos fornecidas pela Pol\u00edcia Civil paulista levou os agentes a certificar a identidade do suspeito. A Pol\u00edcia Civil montou uma opera\u00e7\u00e3o de vigil\u00e2ncia e captura e nesta tarde conseguiu prender o suspeito, depois que ele deixou sua casa e se dirigiu ao centro da cidade. No momento da abordagem ele forneceu um nome falso aos policiais, por\u00e9m, sua identidade verdadeira foi confirmada com o cruzamento de dados com a Pol\u00edcia Civil de Panorama-SP.<br \/>\nO preso foi recambiado para a Delegacia de Pol\u00edcia de Panorama-SP, de onde ser\u00e1 encaminhado ao sistema prisional daquele estado.<br \/>\nA Pol\u00edcia Civil solicita que a sociedade colabore com informa\u00e7\u00f5es de forma an\u00f4nima. A Pol\u00edcia Civil tem um canal para den\u00fancias via aplicativo WhatsApp pelo n\u00famero 67 99919 5990. O anonimato \u00e9 garantido.<\/p>\n<p style=\"text-align: justify;\">Thiago Jos\u00e9 Passos da Silva<br \/>\nDelegado de Pol\u00edcia<\/p>\n","protected":false},"excerpt":{"rendered":"<p>Nesta tarde, ap\u00f3s troca de informa\u00e7\u00f5es com a Pol\u00edcia Civil de Panorama-SP, Policiais Civis de Brasil\u00e2ndia-MS capturaram E.M.S.P., 22 anos, foragido do sistema prisional do Estado de S\u00e3o Paulo, onde cumpria pena por crime de tr\u00e1fico de drogas na penitenci\u00e1ria de Pacaemb\u00fa-SP. O alvo da opera\u00e7\u00e3o estava foragido desde o dia 08 de dezembro de [&hellip;]<\/p>\n","protected":false},"author":1,"featured_media":19285,"comment_status":"closed","ping_status":"open","sticky":false,"template":"","format":"standard","meta":{"footnotes":""},"categories":[2],"tags":[],"class_list":["post-19284","post","type-post","status-publish","format-standard","has-post-thumbnail","hentry","category-policial"],"_links":{"self":[{"href":"https:\/\/jorgezanoni.com.br\/2019\/wp-json\/wp\/v2\/posts\/19284","targetHints":{"allow":["GET"]}}],"collection":[{"href":"https:\/\/jorgezanoni.com.br\/2019\/wp-json\/wp\/v2\/posts"}],"about":[{"href":"https:\/\/jorgezanoni.com.br\/2019\/wp-json\/wp\/v2\/types\/post"}],"author":[{"embeddable":true,"href":"https:\/\/jorgezanoni.com.br\/2019\/wp-json\/wp\/v2\/users\/1"}],"replies":[{"embeddable":true,"href":"https:\/\/jorgezanoni.com.br\/2019\/wp-json\/wp\/v2\/comments?post=19284"}],"version-history":[{"count":0,"href":"https:\/\/jorgezanoni.com.br\/2019\/wp-json\/wp\/v2\/posts\/19284\/revisions"}],"wp:featuredmedia":[{"embeddable":true,"href":"https:\/\/jorgezanoni.com.br\/2019\/wp-json\/wp\/v2\/media\/19285"}],"wp:attachment":[{"href":"https:\/\/jorgezanoni.com.br\/2019\/wp-json\/wp\/v2\/media?parent=19284"}],"wp:term":[{"taxonomy":"category","embeddable":true,"href":"https:\/\/jorgezanoni.com.br\/2019\/wp-json\/wp\/v2\/categories?post=19284"},{"taxonomy":"post_tag","embeddable":true,"href":"https:\/\/jorgezanoni.com.br\/2019\/wp-json\/wp\/v2\/tags?post=19284"}],"curies":[{"name":"wp","href":"https:\/\/api.w.org\/{rel}","templated":true}]}}