{"id":1928,"date":"2019-07-24T12:38:57","date_gmt":"2019-07-24T12:38:57","guid":{"rendered":"http:\/\/jorgezanoni.com.br\/2019\/?p=1928"},"modified":"2019-07-24T12:38:57","modified_gmt":"2019-07-24T12:38:57","slug":"chuva-causa-mortes-deslizamento-de-barreiras-e-alagamentos-no-grande-recife","status":"publish","type":"post","link":"https:\/\/jorgezanoni.com.br\/2019\/chuva-causa-mortes-deslizamento-de-barreiras-e-alagamentos-no-grande-recife\/","title":{"rendered":"Chuva causa mortes, deslizamento de barreiras e alagamentos no Grande Recife"},"content":{"rendered":"<h2 class=\"content-head__subtitle\"><strong>Quatro mortes foram registradas em Olinda e uma no Recife pelo Corpo de Bombeiros. Previs\u00e3o \u00e9 de que a chuva persista nesta quarta (24).<\/strong><\/h2>\n<p><img loading=\"lazy\" decoding=\"async\" class=\"alignnone size-full wp-image-1929\" src=\"http:\/\/jorgezanoni.com.br\/2019\/wp-content\/uploads\/2019\/07\/recife.jpeg\" alt=\"\" width=\"1600\" height=\"901\" srcset=\"https:\/\/jorgezanoni.com.br\/2019\/wp-content\/uploads\/2019\/07\/recife.jpeg 1600w, https:\/\/jorgezanoni.com.br\/2019\/wp-content\/uploads\/2019\/07\/recife-300x169.jpeg 300w, https:\/\/jorgezanoni.com.br\/2019\/wp-content\/uploads\/2019\/07\/recife-768x432.jpeg 768w, https:\/\/jorgezanoni.com.br\/2019\/wp-content\/uploads\/2019\/07\/recife-1024x577.jpeg 1024w, https:\/\/jorgezanoni.com.br\/2019\/wp-content\/uploads\/2019\/07\/recife-696x392.jpeg 696w, https:\/\/jorgezanoni.com.br\/2019\/wp-content\/uploads\/2019\/07\/recife-1068x601.jpeg 1068w, https:\/\/jorgezanoni.com.br\/2019\/wp-content\/uploads\/2019\/07\/recife-746x420.jpeg 746w\" sizes=\"auto, (max-width: 1600px) 100vw, 1600px\" \/><\/p>\n<div class=\"mc-column content-text active-extra-styles \" data-block-type=\"unstyled\" data-block-weight=\"59\" data-block-id=\"3\">\n<p class=\"content-text__container \" data-track-category=\"Link no Texto\" data-track-links=\"\">Cinco pessoas morreram em raz\u00e3o das chuvas que atingem a Regi\u00e3o Metropolitana do\u00a0<a href=\"https:\/\/g1.globo.com\/pe\/pernambuco\/cidade\/recife\/\">Recife\u00a0<\/a>(RMR) desde a madrugada desta quarta-feira (24), segundo o Corpo de Bombeiros. O temporal tamb\u00e9m derrubou barreiras e \u00e1rvores e causa diversos pontos de alagamento, que dificultam a circula\u00e7\u00e3o dos \u00f4nibus. Em algumas cidades da RMR, aulas da rede municipal foram canceladas.<\/p>\n<\/div>\n<div class=\"wall protected-content\">\n<div class=\"mc-column content-text active-extra-styles\" data-block-type=\"raw\" data-block-weight=\"8\" data-block-id=\"4\">\n<ul class=\"content-unordered-list\">\n<li><a href=\"https:\/\/g1.globo.com\/pe\/pernambuco\/ao-vivo\/chuvas-no-grande-recife.ghtml\">TEMPO REAL: acompanhe os alagamentos no Grande Recife<\/a><\/li>\n<\/ul>\n<\/div>\n<div class=\"mc-column content-text active-extra-styles \" data-block-type=\"unstyled\" data-block-weight=\"31\" data-block-id=\"5\">\n<p class=\"content-text__container \" data-track-category=\"Link no Texto\" data-track-links=\"\">Duas mortes registradas pelos Bombeiros ocorreram na Estrada do Passarinho e outras duas em \u00c1guas Compridas, em\u00a0<a href=\"https:\/\/g1.globo.com\/pe\/pernambuco\/cidade\/olinda\/\">Olinda<\/a>. No bairro de Dois Unidos, no Recife, foi registrada uma morte.<\/p>\n<\/div>\n<div class=\"mc-column content-text active-extra-styles \" data-block-type=\"unstyled\" data-block-weight=\"44\" data-block-id=\"6\">\n<p class=\"content-text__container \" data-track-category=\"Link no Texto\" data-track-links=\"\">Na Estrada do Passarinho, as v\u00edtimas de um deslizamento de barreira s\u00e3o um homem de 69 anos e uma mulher de 63. As idades das outras v\u00edtimas n\u00e3o foram divulgadas. Em Dois Unidos, h\u00e1 cinco v\u00edtimas soterradas e equipes trabalham para tentar resgat\u00e1-las.<\/p>\n<p data-track-category=\"Link no Texto\" data-track-links=\"\"><img loading=\"lazy\" decoding=\"async\" class=\"alignnone size-full wp-image-1930\" src=\"http:\/\/jorgezanoni.com.br\/2019\/wp-content\/uploads\/2019\/07\/recife1.jpeg\" alt=\"\" width=\"1000\" height=\"563\" srcset=\"https:\/\/jorgezanoni.com.br\/2019\/wp-content\/uploads\/2019\/07\/recife1.jpeg 1000w, https:\/\/jorgezanoni.com.br\/2019\/wp-content\/uploads\/2019\/07\/recife1-300x169.jpeg 300w, https:\/\/jorgezanoni.com.br\/2019\/wp-content\/uploads\/2019\/07\/recife1-768x432.jpeg 768w, https:\/\/jorgezanoni.com.br\/2019\/wp-content\/uploads\/2019\/07\/recife1-696x392.jpeg 696w, https:\/\/jorgezanoni.com.br\/2019\/wp-content\/uploads\/2019\/07\/recife1-746x420.jpeg 746w\" sizes=\"auto, (max-width: 1000px) 100vw, 1000px\" \/><\/p>\n<div class=\"mc-column content-text active-extra-styles \" data-block-type=\"unstyled\" data-block-weight=\"39\" data-block-id=\"9\">\n<p class=\"content-text__container \" data-track-category=\"Link no Texto\" data-track-links=\"\">Em\u00a0<a href=\"https:\/\/g1.globo.com\/pe\/pernambuco\/cidade\/jaboatao-dos-guararapes\/\">Jaboat\u00e3o dos Guararapes<\/a>, sete barreiras deslizaram. Segundo a prefeitura, ningu\u00e9m ficou ferido, mas as fam\u00edlias precisaram deixar suas casas. A Defesa Civil pode ser acionada, no munic\u00edpio, pelos telefones 0800 281 20 99 ou (81) 9 9195 6655.<\/p>\n<\/div>\n<div class=\"mc-column content-text active-extra-styles \" data-block-type=\"unstyled\" data-block-weight=\"48\" data-block-id=\"10\">\n<p class=\"content-text__container \" data-track-category=\"Link no Texto\" data-track-links=\"\">O Servi\u00e7o de Atendimento M\u00f3vel de Urg\u00eancia (Samu), que foi acionado para socorrer feridos, tamb\u00e9m registrou os deslizamentos de barreiras no C\u00f3rrego do Abacaxi, Estrada do Passarinho e no Alto Nova Olinda, em Olinda; na Rua do Bosque, em\u00a0<a href=\"https:\/\/g1.globo.com\/pe\/pernambuco\/cidade\/paulista-pe\/\">Paulista<\/a>, e em Caet\u00e9s, em\u00a0<a href=\"https:\/\/g1.globo.com\/pe\/pernambuco\/cidade\/abreu-e-lima\/\">Abreu e Lima<\/a>.<\/p>\n<p data-track-category=\"Link no Texto\" data-track-links=\"\"><img loading=\"lazy\" decoding=\"async\" class=\"alignnone size-full wp-image-1931\" src=\"http:\/\/jorgezanoni.com.br\/2019\/wp-content\/uploads\/2019\/07\/recife2.jpeg\" alt=\"\" width=\"1000\" height=\"750\" srcset=\"https:\/\/jorgezanoni.com.br\/2019\/wp-content\/uploads\/2019\/07\/recife2.jpeg 1000w, https:\/\/jorgezanoni.com.br\/2019\/wp-content\/uploads\/2019\/07\/recife2-300x225.jpeg 300w, https:\/\/jorgezanoni.com.br\/2019\/wp-content\/uploads\/2019\/07\/recife2-768x576.jpeg 768w, https:\/\/jorgezanoni.com.br\/2019\/wp-content\/uploads\/2019\/07\/recife2-80x60.jpeg 80w, https:\/\/jorgezanoni.com.br\/2019\/wp-content\/uploads\/2019\/07\/recife2-265x198.jpeg 265w, https:\/\/jorgezanoni.com.br\/2019\/wp-content\/uploads\/2019\/07\/recife2-696x522.jpeg 696w, https:\/\/jorgezanoni.com.br\/2019\/wp-content\/uploads\/2019\/07\/recife2-560x420.jpeg 560w\" sizes=\"auto, (max-width: 1000px) 100vw, 1000px\" \/><\/p>\n<div class=\"mc-column content-text active-extra-styles \" data-block-type=\"unstyled\" data-block-weight=\"50\" data-block-id=\"12\">\n<p class=\"content-text__container \" data-track-category=\"Link no Texto\" data-track-links=\"\">No Recife, a Defesa Civil do munic\u00edpio informou pouco antes das 8h desta quarta (24) que, em seis horas, foram registrados 101 mm de chuvas. O volume corresponde a oito dias, segundo a m\u00e9dia hist\u00f3rica para o m\u00eas de julho de acordo com o Instituto Nacional de Meteorologia (Inmet).<\/p>\n<\/div>\n<div class=\"mc-column content-text active-extra-styles \" data-block-type=\"unstyled\" data-block-weight=\"47\" data-block-id=\"13\">\n<p class=\"content-text__container \" data-track-category=\"Link no Texto\" data-track-links=\"\">De acordo com a Ag\u00eancia Pernambucana de \u00c1guas e Clima (Apac), as\u00a0<a href=\"https:\/\/g1.globo.com\/pe\/pernambuco\/noticia\/2019\/07\/23\/alerta-de-chuvas-moderadas-a-fortes-e-renovado-para-o-grande-recife-e-zona-da-mata.ghtml\">chuvas no Grande Recife e Zona da Mata<\/a>\u00a0devem diminuir de intensidade, mas persistem durante todo o dia. Na ter\u00e7a (23), a Ag\u00eancia havia renovado o alerta para chuvas moderadas a fortes nas duas regi\u00f5es.<\/p>\n<p data-track-category=\"Link no Texto\" data-track-links=\"\">Fonte: https:\/\/g1.globo.com\/pe\/pernambuco\/noticia\/2019\/07\/24\/chuva-causa-deslizamento-de-barreiras-e-alagamento-no-grande-recife.ghtml<\/p>\n<\/div>\n<div class=\"mc-column content-text active-extra-styles\" data-block-type=\"raw\" data-block-weight=\"5\" data-block-id=\"14\">\n<div class=\"content-intertitle\">\n<h2><\/h2>\n<\/div>\n<\/div>\n<\/div>\n<p data-track-category=\"Link no Texto\" data-track-links=\"\">\n<\/div>\n<\/div>\n","protected":false},"excerpt":{"rendered":"<p>Quatro mortes foram registradas em Olinda e uma no Recife pelo Corpo de Bombeiros. Previs\u00e3o \u00e9 de que a chuva persista nesta quarta (24). Cinco pessoas morreram em raz\u00e3o das chuvas que atingem a Regi\u00e3o Metropolitana do\u00a0Recife\u00a0(RMR) desde a madrugada desta quarta-feira (24), segundo o Corpo de Bombeiros. O temporal tamb\u00e9m derrubou barreiras e \u00e1rvores [&hellip;]<\/p>\n","protected":false},"author":1,"featured_media":1932,"comment_status":"open","ping_status":"open","sticky":false,"template":"","format":"standard","meta":{"footnotes":""},"categories":[114,110],"tags":[],"class_list":["post-1928","post","type-post","status-publish","format-standard","has-post-thumbnail","hentry","category-geralecomercio","category-noticiasdestaque"],"_links":{"self":[{"href":"https:\/\/jorgezanoni.com.br\/2019\/wp-json\/wp\/v2\/posts\/1928","targetHints":{"allow":["GET"]}}],"collection":[{"href":"https:\/\/jorgezanoni.com.br\/2019\/wp-json\/wp\/v2\/posts"}],"about":[{"href":"https:\/\/jorgezanoni.com.br\/2019\/wp-json\/wp\/v2\/types\/post"}],"author":[{"embeddable":true,"href":"https:\/\/jorgezanoni.com.br\/2019\/wp-json\/wp\/v2\/users\/1"}],"replies":[{"embeddable":true,"href":"https:\/\/jorgezanoni.com.br\/2019\/wp-json\/wp\/v2\/comments?post=1928"}],"version-history":[{"count":0,"href":"https:\/\/jorgezanoni.com.br\/2019\/wp-json\/wp\/v2\/posts\/1928\/revisions"}],"wp:featuredmedia":[{"embeddable":true,"href":"https:\/\/jorgezanoni.com.br\/2019\/wp-json\/wp\/v2\/media\/1932"}],"wp:attachment":[{"href":"https:\/\/jorgezanoni.com.br\/2019\/wp-json\/wp\/v2\/media?parent=1928"}],"wp:term":[{"taxonomy":"category","embeddable":true,"href":"https:\/\/jorgezanoni.com.br\/2019\/wp-json\/wp\/v2\/categories?post=1928"},{"taxonomy":"post_tag","embeddable":true,"href":"https:\/\/jorgezanoni.com.br\/2019\/wp-json\/wp\/v2\/tags?post=1928"}],"curies":[{"name":"wp","href":"https:\/\/api.w.org\/{rel}","templated":true}]}}