{"id":19247,"date":"2020-02-20T22:37:35","date_gmt":"2020-02-20T22:37:35","guid":{"rendered":"https:\/\/jorgezanoni.com.br\/2019\/?p=19247"},"modified":"2020-02-20T22:37:35","modified_gmt":"2020-02-20T22:37:35","slug":"governador-joao-doria-esteve-em-flora-rica-e-enviou-um-abraco-a-populacao-de-dracena-atraves-do-site-jz","status":"publish","type":"post","link":"https:\/\/jorgezanoni.com.br\/2019\/governador-joao-doria-esteve-em-flora-rica-e-enviou-um-abraco-a-populacao-de-dracena-atraves-do-site-jz\/","title":{"rendered":"Governador Jo\u00e3o Doria esteve em Flora Rica e enviou um abra\u00e7o a popula\u00e7\u00e3o de Dracena atrav\u00e9s do Site JZ."},"content":{"rendered":"<p>No final do V\u00eddeo o Governador Jo\u00e3o Doria manda a mensagem para Dracena.<\/p>\n<div id=\"fb-root\"><\/div>\n<p><script async=\"1\" defer=\"1\" crossorigin=\"anonymous\" src=\"https:\/\/connect.facebook.net\/en_US\/sdk.js#xfbml=1&amp;version=v6.0\"><\/script><\/p>\n<div class=\"fb-video\" data-href=\"https:\/\/www.facebook.com\/jorgezanonidracena\/videos\/258300818490380\/\" data-width=\"696\">\n<blockquote cite=\"https:\/\/www.facebook.com\/jorgezanonidracena\/videos\/258300818490380\/\" class=\"fb-xfbml-parse-ignore\"><p><a href=\"https:\/\/www.facebook.com\/jorgezanonidracena\/videos\/258300818490380\/\">Governador Jo\u00e3o Doria esteve em Flora Rica e enviou um abra\u00e7o a popula\u00e7\u00e3o de Dracena atrav\u00e9s do Site JZ.<\/a><\/p>\n<p>Governador Jo\u00e3o Doria esteve em Flora Rica e enviou um abra\u00e7o a popula\u00e7\u00e3o de Dracena atrav\u00e9s do Site JZ.<\/p>\n<p>Posted by <a href=\"https:\/\/www.facebook.com\/jorgezanonidracena\/\">Jorge Zanoni<\/a> on Thursday, February 20, 2020<\/p><\/blockquote>\n<\/div>\n<p>Momento da decolagem do Helic\u00f3ptero \u00c1guia da PM em Flora Rica levando o Governador para Adamantina.<\/p>\n<div id=\"fb-root\"><\/div>\n<p><script async=\"1\" defer=\"1\" crossorigin=\"anonymous\" src=\"https:\/\/connect.facebook.net\/en_US\/sdk.js#xfbml=1&amp;version=v6.0\"><\/script><\/p>\n<div class=\"fb-video\" data-href=\"https:\/\/www.facebook.com\/jorgezanonidracena\/videos\/2542651042722221\/\" data-width=\"696\">\n<blockquote cite=\"https:\/\/www.facebook.com\/jorgezanonidracena\/videos\/2542651042722221\/\" class=\"fb-xfbml-parse-ignore\"><p><a href=\"https:\/\/www.facebook.com\/jorgezanonidracena\/videos\/2542651042722221\/\">Momento da decolagem do Helic\u00f3ptero \u00c1guia da PM em Flora Rica levando o Governador para Adamantina.<\/a><\/p>\n<p>Momento da decolagem do Helic\u00f3ptero \u00c1guia da PM em Flora Rica levando o Governador para Adamantina.<\/p>\n<p>Posted by <a href=\"https:\/\/www.facebook.com\/jorgezanonidracena\/\">Jorge Zanoni<\/a> on Thursday, February 20, 2020<\/p><\/blockquote>\n<\/div>\n<p>Foto cedida Prefeitura de Flora Rica<\/p>\n<p>&nbsp;<\/p>\n","protected":false},"excerpt":{"rendered":"<p>No final do V\u00eddeo o Governador Jo\u00e3o Doria manda a mensagem para Dracena. Governador Jo\u00e3o Doria esteve em Flora Rica e enviou um abra\u00e7o a popula\u00e7\u00e3o de Dracena atrav\u00e9s do Site JZ. Governador Jo\u00e3o Doria esteve em Flora Rica e enviou um abra\u00e7o a popula\u00e7\u00e3o de Dracena atrav\u00e9s do Site JZ. Posted by Jorge Zanoni [&hellip;]<\/p>\n","protected":false},"author":1,"featured_media":19249,"comment_status":"closed","ping_status":"open","sticky":false,"template":"","format":"video","meta":{"footnotes":""},"categories":[110,169],"tags":[],"class_list":["post-19247","post","type-post","status-publish","format-video","has-post-thumbnail","hentry","category-noticiasdestaque","category-videos","post_format-post-format-video"],"_links":{"self":[{"href":"https:\/\/jorgezanoni.com.br\/2019\/wp-json\/wp\/v2\/posts\/19247","targetHints":{"allow":["GET"]}}],"collection":[{"href":"https:\/\/jorgezanoni.com.br\/2019\/wp-json\/wp\/v2\/posts"}],"about":[{"href":"https:\/\/jorgezanoni.com.br\/2019\/wp-json\/wp\/v2\/types\/post"}],"author":[{"embeddable":true,"href":"https:\/\/jorgezanoni.com.br\/2019\/wp-json\/wp\/v2\/users\/1"}],"replies":[{"embeddable":true,"href":"https:\/\/jorgezanoni.com.br\/2019\/wp-json\/wp\/v2\/comments?post=19247"}],"version-history":[{"count":0,"href":"https:\/\/jorgezanoni.com.br\/2019\/wp-json\/wp\/v2\/posts\/19247\/revisions"}],"wp:featuredmedia":[{"embeddable":true,"href":"https:\/\/jorgezanoni.com.br\/2019\/wp-json\/wp\/v2\/media\/19249"}],"wp:attachment":[{"href":"https:\/\/jorgezanoni.com.br\/2019\/wp-json\/wp\/v2\/media?parent=19247"}],"wp:term":[{"taxonomy":"category","embeddable":true,"href":"https:\/\/jorgezanoni.com.br\/2019\/wp-json\/wp\/v2\/categories?post=19247"},{"taxonomy":"post_tag","embeddable":true,"href":"https:\/\/jorgezanoni.com.br\/2019\/wp-json\/wp\/v2\/tags?post=19247"}],"curies":[{"name":"wp","href":"https:\/\/api.w.org\/{rel}","templated":true}]}}