{"id":19220,"date":"2020-02-20T12:53:03","date_gmt":"2020-02-20T12:53:03","guid":{"rendered":"https:\/\/jorgezanoni.com.br\/2019\/?p=19220"},"modified":"2020-02-20T12:53:03","modified_gmt":"2020-02-20T12:53:03","slug":"vovo-alema-constroi-rampas-de-lego-para-combater-falta-de-acessibilidade","status":"publish","type":"post","link":"https:\/\/jorgezanoni.com.br\/2019\/vovo-alema-constroi-rampas-de-lego-para-combater-falta-de-acessibilidade\/","title":{"rendered":"Vov\u00f3 alem\u00e3 constr\u00f3i rampas de Lego para combater falta de acessibilidade"},"content":{"rendered":"<h2 class=\"content-head__subtitle\" style=\"text-align: justify;\"><strong>Dezenas de lojas e estabelecimentos comerciais usam as cria\u00e7\u00f5es de Rita Ebel para dar maior acesso a cadeirantes.<\/strong><\/h2>\n<p style=\"text-align: justify;\">Diante da falta de acessibilidade em shoppings e cafeterias, a cadeirante Rita Ebel desenvolveu uma solu\u00e7\u00e3o divertida e criativa: rampas feitas de lego.<\/p>\n<div class=\"mc-column content-text active-extra-styles \" style=\"text-align: justify;\" data-block-type=\"unstyled\" data-block-weight=\"38\" data-block-id=\"4\">\n<p class=\"content-text__container \" data-track-category=\"Link no Texto\" data-track-links=\"\">&#8220;Para mim, \u00e9 sobre sensibilizar um pouco o mundo para viagens sem barreiras&#8221;, disse Ebel na cidade de Hanau, na\u00a0<a href=\"https:\/\/g1.globo.com\/tudo-sobre\/alemanha\/\">Alemanha<\/a>. Ela usa cadeira de rodas desde que esteve envolvida em um acidente de carro h\u00e1 25 anos.<\/p>\n<\/div>\n<div class=\"mc-column content-text active-extra-styles\" style=\"text-align: justify;\" data-block-type=\"raw\" data-block-weight=\"10\" data-block-id=\"5\">\n<ul class=\"content-unordered-list\">\n<li><a href=\"https:\/\/g1.globo.com\/olha-que-legal\/noticia\/2019\/02\/09\/estudante-cria-protese-com-lego-para-seu-braco-na-espanha.ghtml\">Estudante cria pr\u00f3tese com Lego para seu bra\u00e7o na Espanha<\/a><\/li>\n<\/ul>\n<\/div>\n<div class=\"mc-column content-text active-extra-styles \" data-block-type=\"unstyled\" data-block-weight=\"25\" data-block-id=\"6\">\n<p class=\"content-text__container \" style=\"text-align: justify;\" data-track-category=\"Link no Texto\" data-track-links=\"\">&#8220;Qualquer um pode acabar subitamente em uma situa\u00e7\u00e3o que os coloca em uma cadeira de rodas, como aconteceu comigo&#8221;, disse a av\u00f3 de 62 anos.<\/p>\n<p style=\"text-align: justify;\" data-track-category=\"Link no Texto\" data-track-links=\"\"><img loading=\"lazy\" decoding=\"async\" class=\"alignnone size-full wp-image-19221\" src=\"https:\/\/jorgezanoni.com.br\/2019\/wp-content\/uploads\/2020\/02\/cadeira1.jpg\" alt=\"\" width=\"1262\" height=\"845\" srcset=\"https:\/\/jorgezanoni.com.br\/2019\/wp-content\/uploads\/2020\/02\/cadeira1.jpg 1262w, https:\/\/jorgezanoni.com.br\/2019\/wp-content\/uploads\/2020\/02\/cadeira1-300x201.jpg 300w, https:\/\/jorgezanoni.com.br\/2019\/wp-content\/uploads\/2020\/02\/cadeira1-768x514.jpg 768w, https:\/\/jorgezanoni.com.br\/2019\/wp-content\/uploads\/2020\/02\/cadeira1-1024x686.jpg 1024w, https:\/\/jorgezanoni.com.br\/2019\/wp-content\/uploads\/2020\/02\/cadeira1-696x466.jpg 696w, https:\/\/jorgezanoni.com.br\/2019\/wp-content\/uploads\/2020\/02\/cadeira1-1068x715.jpg 1068w, https:\/\/jorgezanoni.com.br\/2019\/wp-content\/uploads\/2020\/02\/cadeira1-627x420.jpg 627w\" sizes=\"auto, (max-width: 1262px) 100vw, 1262px\" \/>Vov\u00f3 alem\u00e3 constr\u00f3i rampas de lego para combater falta de acessibilidade \u2014 Foto: Kai Pfaffenbach\/Reuters<\/p>\n<div class=\"mc-column content-text active-extra-styles \" style=\"text-align: justify;\" data-block-type=\"unstyled\" data-block-weight=\"34\" data-block-id=\"9\">\n<p class=\"content-text__container \" data-track-category=\"Link no Texto\" data-track-links=\"\">Auxiliada pelo marido, Ebel frequentemente passa de duas a tr\u00eas horas por dia construindo as rampas feitas sob medida, que cont\u00eam milhares de pequenas pe\u00e7as de pl\u00e1stico reunidas com at\u00e9 oito vidros de cola.<\/p>\n<\/div>\n<div class=\"mc-column content-text active-extra-styles \" style=\"text-align: justify;\" data-block-type=\"unstyled\" data-block-weight=\"11\" data-block-id=\"10\">\n<p class=\"content-text__container \" data-track-category=\"Link no Texto\" data-track-links=\"\">As cores brilhantes se destacam no centro das cidades, disse ela.<\/p>\n<\/div>\n<div class=\"mc-column content-text active-extra-styles \" data-block-type=\"unstyled\" data-block-weight=\"28\" data-block-id=\"11\">\n<p class=\"content-text__container \" style=\"text-align: justify;\" data-track-category=\"Link no Texto\" data-track-links=\"\">&#8220;Ningu\u00e9m passa por uma rampa de lego sem dar uma olhada. Sejam crian\u00e7as que tentam desgrudar as pe\u00e7as, sejam adultos que pegam seus celulares para tirar fotos&#8221;, contou.<\/p>\n<p style=\"text-align: justify;\" data-track-category=\"Link no Texto\" data-track-links=\"\"><img loading=\"lazy\" decoding=\"async\" class=\"alignnone size-full wp-image-19222\" src=\"https:\/\/jorgezanoni.com.br\/2019\/wp-content\/uploads\/2020\/02\/cadeira3.jpg\" alt=\"\" width=\"1262\" height=\"815\" srcset=\"https:\/\/jorgezanoni.com.br\/2019\/wp-content\/uploads\/2020\/02\/cadeira3.jpg 1262w, https:\/\/jorgezanoni.com.br\/2019\/wp-content\/uploads\/2020\/02\/cadeira3-300x194.jpg 300w, https:\/\/jorgezanoni.com.br\/2019\/wp-content\/uploads\/2020\/02\/cadeira3-768x496.jpg 768w, https:\/\/jorgezanoni.com.br\/2019\/wp-content\/uploads\/2020\/02\/cadeira3-1024x661.jpg 1024w, https:\/\/jorgezanoni.com.br\/2019\/wp-content\/uploads\/2020\/02\/cadeira3-696x449.jpg 696w, https:\/\/jorgezanoni.com.br\/2019\/wp-content\/uploads\/2020\/02\/cadeira3-1068x690.jpg 1068w, https:\/\/jorgezanoni.com.br\/2019\/wp-content\/uploads\/2020\/02\/cadeira3-650x420.jpg 650w\" sizes=\"auto, (max-width: 1262px) 100vw, 1262px\" \/>Vov\u00f3 alem\u00e3 constr\u00f3i rampas de lego para combater falta de acessibilidade \u2014 Foto: Kai Pfaffenbach\/Reuters<\/p>\n<div class=\"mc-column content-text active-extra-styles \" style=\"text-align: justify;\" data-block-type=\"unstyled\" data-block-weight=\"5\" data-block-id=\"13\">\n<p class=\"content-text__container \" data-track-category=\"Link no Texto\" data-track-links=\"\">Neg\u00f3cios locais tamb\u00e9m est\u00e3o entusiasmados.<\/p>\n<\/div>\n<div class=\"mc-column content-text active-extra-styles \" style=\"text-align: justify;\" data-block-type=\"unstyled\" data-block-weight=\"39\" data-block-id=\"14\">\n<p class=\"content-text__container \" data-track-category=\"Link no Texto\" data-track-links=\"\">&#8220;\u00c9 uma \u00f3tima ideia&#8221;, disse Malika El Harti, que comprou uma das rampas para seu sal\u00e3o. &#8220;Todos que passam por aqui est\u00e3o felizes com as rampas. Finalmente voc\u00ea pode ver de longe que pode entrar aqui sem quaisquer problemas.&#8221;<\/p>\n<\/div>\n<div class=\"content-ads content-ads--reveal\" style=\"text-align: justify;\" data-block-type=\"ads\" data-block-id=\"15\"><\/div>\n<div class=\"mc-column content-text active-extra-styles \" style=\"text-align: justify;\" data-block-type=\"unstyled\" data-block-weight=\"24\" data-block-id=\"16\">\n<p class=\"content-text__container \" data-track-category=\"Link no Texto\" data-track-links=\"\">Dependendo de doa\u00e7\u00f5es, o maior desafio \u00e9 encontrar as pe\u00e7as, disse Eber, j\u00e1 que muitas fam\u00edlias n\u00e3o suportam a ideia de se desfazer delas.<\/p>\n<\/div>\n<div class=\"mc-column content-text active-extra-styles \" data-block-type=\"unstyled\" data-block-weight=\"42\" data-block-id=\"17\">\n<p class=\"content-text__container \" style=\"text-align: justify;\" data-track-category=\"Link no Texto\" data-track-links=\"\">A cria\u00e7\u00e3o de Eber est\u00e1 chegando ao exterior. A idosa, que tamb\u00e9m tem um emprego de meio expediente, enviou instru\u00e7\u00f5es da constru\u00e7\u00e3o de rampas para a \u00c1ustria e a Su\u00ed\u00e7a e h\u00e1 interesse da Espanha e de uma escola nos Estados Unidos.<\/p>\n<p style=\"text-align: justify;\" data-track-category=\"Link no Texto\" data-track-links=\"\"><img loading=\"lazy\" decoding=\"async\" class=\"alignnone size-full wp-image-19223\" src=\"https:\/\/jorgezanoni.com.br\/2019\/wp-content\/uploads\/2020\/02\/cadeira4.jpg\" alt=\"\" width=\"1262\" height=\"824\" srcset=\"https:\/\/jorgezanoni.com.br\/2019\/wp-content\/uploads\/2020\/02\/cadeira4.jpg 1262w, https:\/\/jorgezanoni.com.br\/2019\/wp-content\/uploads\/2020\/02\/cadeira4-300x196.jpg 300w, https:\/\/jorgezanoni.com.br\/2019\/wp-content\/uploads\/2020\/02\/cadeira4-768x501.jpg 768w, https:\/\/jorgezanoni.com.br\/2019\/wp-content\/uploads\/2020\/02\/cadeira4-1024x669.jpg 1024w, https:\/\/jorgezanoni.com.br\/2019\/wp-content\/uploads\/2020\/02\/cadeira4-696x454.jpg 696w, https:\/\/jorgezanoni.com.br\/2019\/wp-content\/uploads\/2020\/02\/cadeira4-1068x697.jpg 1068w, https:\/\/jorgezanoni.com.br\/2019\/wp-content\/uploads\/2020\/02\/cadeira4-643x420.jpg 643w\" sizes=\"auto, (max-width: 1262px) 100vw, 1262px\" \/>Rita Ebel, apelidada de &#8220;vov\u00f3 Lego&#8221;, constr\u00f3irampas para cadeira de rodas com pe\u00e7as Lego doadas \u2014 Foto: Kai Pfaffenbach\/Reuters<\/p>\n<p style=\"text-align: justify;\" data-track-category=\"Link no Texto\" data-track-links=\"\">Fonte: https:\/\/g1.globo.com\/olha-que-legal\/noticia\/2020\/02\/19\/vovo-alema-constroi-rampas-de-lego-para-combater-falta-de-acessibilidade.ghtml<\/p>\n<\/div>\n<\/div>\n<\/div>\n","protected":false},"excerpt":{"rendered":"<p>Dezenas de lojas e estabelecimentos comerciais usam as cria\u00e7\u00f5es de Rita Ebel para dar maior acesso a cadeirantes. Diante da falta de acessibilidade em shoppings e cafeterias, a cadeirante Rita Ebel desenvolveu uma solu\u00e7\u00e3o divertida e criativa: rampas feitas de lego. &#8220;Para mim, \u00e9 sobre sensibilizar um pouco o mundo para viagens sem barreiras&#8221;, disse [&hellip;]<\/p>\n","protected":false},"author":1,"featured_media":19224,"comment_status":"closed","ping_status":"open","sticky":false,"template":"","format":"standard","meta":{"footnotes":""},"categories":[114,110],"tags":[],"class_list":["post-19220","post","type-post","status-publish","format-standard","has-post-thumbnail","hentry","category-geralecomercio","category-noticiasdestaque"],"_links":{"self":[{"href":"https:\/\/jorgezanoni.com.br\/2019\/wp-json\/wp\/v2\/posts\/19220","targetHints":{"allow":["GET"]}}],"collection":[{"href":"https:\/\/jorgezanoni.com.br\/2019\/wp-json\/wp\/v2\/posts"}],"about":[{"href":"https:\/\/jorgezanoni.com.br\/2019\/wp-json\/wp\/v2\/types\/post"}],"author":[{"embeddable":true,"href":"https:\/\/jorgezanoni.com.br\/2019\/wp-json\/wp\/v2\/users\/1"}],"replies":[{"embeddable":true,"href":"https:\/\/jorgezanoni.com.br\/2019\/wp-json\/wp\/v2\/comments?post=19220"}],"version-history":[{"count":0,"href":"https:\/\/jorgezanoni.com.br\/2019\/wp-json\/wp\/v2\/posts\/19220\/revisions"}],"wp:featuredmedia":[{"embeddable":true,"href":"https:\/\/jorgezanoni.com.br\/2019\/wp-json\/wp\/v2\/media\/19224"}],"wp:attachment":[{"href":"https:\/\/jorgezanoni.com.br\/2019\/wp-json\/wp\/v2\/media?parent=19220"}],"wp:term":[{"taxonomy":"category","embeddable":true,"href":"https:\/\/jorgezanoni.com.br\/2019\/wp-json\/wp\/v2\/categories?post=19220"},{"taxonomy":"post_tag","embeddable":true,"href":"https:\/\/jorgezanoni.com.br\/2019\/wp-json\/wp\/v2\/tags?post=19220"}],"curies":[{"name":"wp","href":"https:\/\/api.w.org\/{rel}","templated":true}]}}