{"id":19212,"date":"2020-02-20T12:33:27","date_gmt":"2020-02-20T12:33:27","guid":{"rendered":"https:\/\/jorgezanoni.com.br\/2019\/?p=19212"},"modified":"2020-02-20T12:33:27","modified_gmt":"2020-02-20T12:33:27","slug":"temporal-alaga-casas-vias-e-arrasta-carros-em-piracicaba-volume-de-chuva-totaliza-93-mm","status":"publish","type":"post","link":"https:\/\/jorgezanoni.com.br\/2019\/temporal-alaga-casas-vias-e-arrasta-carros-em-piracicaba-volume-de-chuva-totaliza-93-mm\/","title":{"rendered":"Temporal alaga casas, vias e arrasta carros em Piracicaba; volume de chuva totaliza 93 mm"},"content":{"rendered":"<h2 class=\"content-head__subtitle\" style=\"text-align: justify;\"><strong>Posto do Poupatempo e Rodovi\u00e1ria est\u00e3o entre locais invadidos pela inunda\u00e7\u00e3o; c\u00f3rregos do Enxofre e Ja\u00fa transbordaram e ao menos 12 casas foram invadidas pelas \u00e1guas.<\/strong><\/h2>\n<p style=\"text-align: justify;\">A chuva que atingiu Piracicaba (SP) na tarde desta quarta-feira (19) gerou alagamentos em ruas e avenidas, a queda de um muro e inunda\u00e7\u00e3o em casas na Paulic\u00e9ia e Parque da Rua do Porto. Carros ficaram ilhados pela chuva e foram arrastados pela enchente e houve transbordamento dos c\u00f3rregos do Enxofre e Ja\u00fa, segundo a Defesa Civil. N\u00e3o houve v\u00edtimas. O posto do Poupatempo e a Rodovi\u00e1ria est\u00e3o entre locais invadidos pela inunda\u00e7\u00e3o.<\/p>\n<p style=\"text-align: justify;\"><img loading=\"lazy\" decoding=\"async\" class=\"alignnone size-full wp-image-19213\" src=\"https:\/\/jorgezanoni.com.br\/2019\/wp-content\/uploads\/2020\/02\/pira.jpg\" alt=\"\" width=\"1262\" height=\"710\" srcset=\"https:\/\/jorgezanoni.com.br\/2019\/wp-content\/uploads\/2020\/02\/pira.jpg 1262w, https:\/\/jorgezanoni.com.br\/2019\/wp-content\/uploads\/2020\/02\/pira-300x169.jpg 300w, https:\/\/jorgezanoni.com.br\/2019\/wp-content\/uploads\/2020\/02\/pira-768x432.jpg 768w, https:\/\/jorgezanoni.com.br\/2019\/wp-content\/uploads\/2020\/02\/pira-1024x576.jpg 1024w, https:\/\/jorgezanoni.com.br\/2019\/wp-content\/uploads\/2020\/02\/pira-696x392.jpg 696w, https:\/\/jorgezanoni.com.br\/2019\/wp-content\/uploads\/2020\/02\/pira-1068x601.jpg 1068w, https:\/\/jorgezanoni.com.br\/2019\/wp-content\/uploads\/2020\/02\/pira-747x420.jpg 747w\" sizes=\"auto, (max-width: 1262px) 100vw, 1262px\" \/>Chuva alaga trecho da Avenida 31 de Mar\u00e7o em Piracicaba \u2014 Foto: Samantha Silva\/G1<\/p>\n<div class=\"mc-column content-text active-extra-styles \" data-block-type=\"unstyled\" data-block-weight=\"30\" data-block-id=\"4\">\n<p class=\"content-text__container \" style=\"text-align: justify;\" data-track-category=\"Link no Texto\" data-track-links=\"\">At\u00e9 as 17h50 choveu 93 mil\u00edmetros na cidade, segundo o Sistema de Alertas a Inunda\u00e7\u00f5es do Estado de S\u00e3o Paulo (Saisp). Veja os pontos de alagamento, segundo a Defesa Civil:<\/p>\n<p style=\"text-align: justify;\" data-track-category=\"Link no Texto\" data-track-links=\"\">\n<ul style=\"text-align: justify;\">\n<li>Avenida S\u00e3o Paulo<\/li>\n<li>Avenida Dr. Paulo de Moraes<\/li>\n<li>Avenida 31 de Mar\u00e7o (em toda sua extens\u00e3o)<\/li>\n<li>Avenida Armando de Salles Oliveira (em toda sua extens\u00e3o)<\/li>\n<li>Avenida Alberto Vollet Sachs<\/li>\n<li>Avenida Jaime Pereira<\/li>\n<li>Avenida Ja\u00fa<\/li>\n<li>Avenida Ulhoa Cintra<\/li>\n<li>Regi\u00e3o do Bongue;<\/li>\n<li>Pontos do bairro Maracan\u00e3<\/li>\n<li>Pontos do bairro Morumbi<\/li>\n<li>Pontos do bairro Alto<\/li>\n<li>Imedia\u00e7\u00f5es do Teatro Municipal Dr. Losso Neto<\/li>\n<li>Regi\u00e3o pr\u00f3xima \u00e0 Ponte do Mirante<\/li>\n<\/ul>\n<p style=\"text-align: justify;\"><img loading=\"lazy\" decoding=\"async\" class=\"alignnone size-full wp-image-19214\" src=\"https:\/\/jorgezanoni.com.br\/2019\/wp-content\/uploads\/2020\/02\/pira1.jpg\" alt=\"\" width=\"1262\" height=\"710\" srcset=\"https:\/\/jorgezanoni.com.br\/2019\/wp-content\/uploads\/2020\/02\/pira1.jpg 1262w, https:\/\/jorgezanoni.com.br\/2019\/wp-content\/uploads\/2020\/02\/pira1-300x169.jpg 300w, https:\/\/jorgezanoni.com.br\/2019\/wp-content\/uploads\/2020\/02\/pira1-768x432.jpg 768w, https:\/\/jorgezanoni.com.br\/2019\/wp-content\/uploads\/2020\/02\/pira1-1024x576.jpg 1024w, https:\/\/jorgezanoni.com.br\/2019\/wp-content\/uploads\/2020\/02\/pira1-696x392.jpg 696w, https:\/\/jorgezanoni.com.br\/2019\/wp-content\/uploads\/2020\/02\/pira1-1068x601.jpg 1068w, https:\/\/jorgezanoni.com.br\/2019\/wp-content\/uploads\/2020\/02\/pira1-747x420.jpg 747w\" sizes=\"auto, (max-width: 1262px) 100vw, 1262px\" \/>Inunda\u00e7\u00e3o na Rua Gomes Carneiro, no bairro Alto, em Piracicaba \u2014 Foto: Edijan Del Santo\/ EPTV<\/p>\n<div class=\"mc-column content-text active-extra-styles \" style=\"text-align: justify;\" data-block-type=\"unstyled\" data-block-weight=\"27\" data-block-id=\"8\">\n<p class=\"content-text__container \" data-track-category=\"Link no Texto\" data-track-links=\"\">Os ve\u00edculos n\u00e3o conseguiram trafegar no cruzamento da Avenida Independ\u00eancia com a 31 de Mar\u00e7o por cerca de uma hora, desde pouco depois das 16h.<\/p>\n<\/div>\n<div class=\"mc-column content-text active-extra-styles \" style=\"text-align: justify;\" data-block-type=\"unstyled\" data-block-weight=\"26\" data-block-id=\"9\">\n<p class=\"content-text__container \" data-track-category=\"Link no Texto\" data-track-links=\"\">Ao menos quatro ve\u00edculos que estavam estacionados no cruzamento das avenidas, dois deles ao lado do Teatro Municipal Dr. Losso Netto, foram levados pela \u00e1gua.<\/p>\n<\/div>\n<div class=\"mc-column content-text active-extra-styles \" style=\"text-align: justify;\" data-block-type=\"unstyled\" data-block-weight=\"31\" data-block-id=\"10\">\n<p class=\"content-text__container \" data-track-category=\"Link no Texto\" data-track-links=\"\">Um \u00f4nibus, um caminh\u00e3o e carros que seguiam pelas vias tiveram que dar r\u00e9 para n\u00e3o serem atingidos e alguns deram a volta pela contram\u00e3o para conseguir sair da regi\u00e3o alagada.<\/p>\n<p data-track-category=\"Link no Texto\" data-track-links=\"\"><img loading=\"lazy\" decoding=\"async\" class=\"alignnone size-full wp-image-19215\" src=\"https:\/\/jorgezanoni.com.br\/2019\/wp-content\/uploads\/2020\/02\/pira2.jpg\" alt=\"\" width=\"640\" height=\"480\" srcset=\"https:\/\/jorgezanoni.com.br\/2019\/wp-content\/uploads\/2020\/02\/pira2.jpg 640w, https:\/\/jorgezanoni.com.br\/2019\/wp-content\/uploads\/2020\/02\/pira2-300x225.jpg 300w, https:\/\/jorgezanoni.com.br\/2019\/wp-content\/uploads\/2020\/02\/pira2-80x60.jpg 80w, https:\/\/jorgezanoni.com.br\/2019\/wp-content\/uploads\/2020\/02\/pira2-265x198.jpg 265w, https:\/\/jorgezanoni.com.br\/2019\/wp-content\/uploads\/2020\/02\/pira2-560x420.jpg 560w\" sizes=\"auto, (max-width: 640px) 100vw, 640px\" \/><\/p>\n<p data-track-category=\"Link no Texto\" data-track-links=\"\">Carro foi levado pela \u00e1gua na Avenida Independ\u00eancia em Piracicaba \u2014 Foto: Rodrigo Pereira\/G1<\/p>\n<div class=\"mc-column content-text active-extra-styles \" data-block-type=\"unstyled\" data-block-weight=\"28\" data-block-id=\"13\">\n<p class=\"content-text__container \" data-track-category=\"Link no Texto\" data-track-links=\"\">Tamb\u00e9m foram registradas quedas de muros em alguns pontos da cidade e a queda de duas \u00e1rvores: uma no Kobayat L\u00edbano e a outra na Ch\u00e1cara Nazareth.<\/p>\n<\/div>\n<div class=\"mc-column content-text active-extra-styles \" data-block-type=\"unstyled\" data-block-weight=\"29\" data-block-id=\"14\">\n<p class=\"content-text__container \" data-track-category=\"Link no Texto\" data-track-links=\"\">Ao menos um poste teve curto-circuito durante a chuva, mas n\u00e3o houve queda de energia el\u00e9trica na regi\u00e3o. Um carrinho de lanches que foi arrastado bateu em um \u00f4nibus.<\/p>\n<\/div>\n<div class=\"mc-column content-text active-extra-styles \" data-block-type=\"unstyled\" data-block-weight=\"40\" data-block-id=\"15\">\n<p class=\"content-text__container \" data-track-category=\"Link no Texto\" data-track-links=\"\">Agentes da Secretaria Municipal de Tr\u00e2nsito e Transportes (Semuttran) tiveram de interditar a Avenida Jaime Pereira. Isso causou congestionamento na Avenida Presidente Kennedy em toda sua extens\u00e3o. A coincid\u00eancia com o hor\u00e1rio de sa\u00edda dos estudantes piorou a situa\u00e7\u00e3o.<\/p>\n<div class=\"mc-column content-text active-extra-styles \" data-block-type=\"unstyled\" data-block-weight=\"29\" data-block-id=\"17\">\n<p class=\"content-text__container \" data-track-category=\"Link no Texto\" data-track-links=\"\">Sem\u00e1foros tamb\u00e9m foram danificados pela queda de energia em alguns pontos, mas a maioria voltou a funcionar pouco tempo depois, ap\u00f3s manuten\u00e7\u00e3o de agentes da Semuttran, segundo a prefeitura.<\/p>\n<\/div>\n<div class=\"mc-column content-text active-extra-styles \" data-block-type=\"unstyled\" data-block-weight=\"37\" data-block-id=\"18\">\n<p class=\"content-text__container \" data-track-category=\"Link no Texto\" data-track-links=\"\">Na Avenida Ulhoa Cintra, no Centro, a for\u00e7a da \u00e1gua arrancou placas de asfalto e dois carros ficaram presos na cratera aberta na via. Um guincho foi chamado para retirar um dos carros, mas ningu\u00e9m se feriu.<\/p>\n<\/div>\n<div class=\"mc-column content-text active-extra-styles \" data-block-type=\"unstyled\" data-block-weight=\"36\" data-block-id=\"19\">\n<p class=\"content-text__container \" data-track-category=\"Link no Texto\" data-track-links=\"\">Por volta de 17h20, a \u00e1gua come\u00e7ou a baixar e o tr\u00e1fego normalizou na regi\u00e3o. A Defesa Civil informou que, nesta quarta, houve mais pontos de alagamento do que em outros casos anteriores neste ano.<\/p>\n<\/div>\n<div class=\"mc-column content-text active-extra-styles \" data-block-type=\"unstyled\" data-block-weight=\"11\" data-block-id=\"20\">\n<p class=\"content-text__container \" data-track-category=\"Link no Texto\" data-track-links=\"\"><a href=\"https:\/\/g1.globo.com\/sp\/piracicaba-regiao\/noticia\/2020\/02\/19\/comerciantes-relatam-prejuizo-apos-invasao-de-lojas-por-enchente-em-piracicaba.ghtml\">Comerciantes da Avenida Dr. Armando de Salles Oliveira relataram preju\u00edzos.<\/a><\/p>\n<p data-track-category=\"Link no Texto\" data-track-links=\"\"><img loading=\"lazy\" decoding=\"async\" class=\"alignnone size-full wp-image-19216\" src=\"https:\/\/jorgezanoni.com.br\/2019\/wp-content\/uploads\/2020\/02\/pira3.jpg\" alt=\"\" width=\"1262\" height=\"616\" srcset=\"https:\/\/jorgezanoni.com.br\/2019\/wp-content\/uploads\/2020\/02\/pira3.jpg 1262w, https:\/\/jorgezanoni.com.br\/2019\/wp-content\/uploads\/2020\/02\/pira3-300x146.jpg 300w, https:\/\/jorgezanoni.com.br\/2019\/wp-content\/uploads\/2020\/02\/pira3-768x375.jpg 768w, https:\/\/jorgezanoni.com.br\/2019\/wp-content\/uploads\/2020\/02\/pira3-1024x500.jpg 1024w, https:\/\/jorgezanoni.com.br\/2019\/wp-content\/uploads\/2020\/02\/pira3-533x261.jpg 533w, https:\/\/jorgezanoni.com.br\/2019\/wp-content\/uploads\/2020\/02\/pira3-696x340.jpg 696w, https:\/\/jorgezanoni.com.br\/2019\/wp-content\/uploads\/2020\/02\/pira3-1068x521.jpg 1068w, https:\/\/jorgezanoni.com.br\/2019\/wp-content\/uploads\/2020\/02\/pira3-860x420.jpg 860w\" sizes=\"auto, (max-width: 1262px) 100vw, 1262px\" \/>Rio transbordou na rotat\u00f3ria pr\u00f3xima \u00e0 Ponte do Mirante, em Piracicaba \u2014 Foto: Edlaine Garcia\/EPTV<\/p>\n<div class=\"mc-column content-text active-extra-styles\" data-block-type=\"raw\" data-block-weight=\"2\" data-block-id=\"23\">\n<div class=\"content-intertitle\">\n<h2>Casas alagadas<\/h2>\n<\/div>\n<\/div>\n<div class=\"mc-column content-text active-extra-styles \" data-block-type=\"unstyled\" data-block-weight=\"47\" data-block-id=\"24\">\n<p class=\"content-text__container \" data-track-category=\"Link no Texto\" data-track-links=\"\">A Defesa Civil deu apoio a moradores de quatro casas alagadas na Rua Virg\u00ednia Zaia, na Paulic\u00e9ia. De acordo com a corpora\u00e7\u00e3o, caiu um muro de uma borracharia e a \u00e1gua que estava represada invadiu os im\u00f3veis. A \u00e1gua chegou a meio metro de altura neles.<\/p>\n<\/div>\n<div class=\"mc-column content-text active-extra-styles \" data-block-type=\"unstyled\" data-block-weight=\"53\" data-block-id=\"25\">\n<p class=\"content-text__container \" data-track-category=\"Link no Texto\" data-track-links=\"\">Morador da Avenida Beira Rio, no Parque da Rua do Porto, Adriano Edson da Silva relatou que a \u00e1gua chegou a 1,10 metro de altura em sua casa e que outras sete resid\u00eancias vizinhas tamb\u00e9m foram invadidas pela enchente. &#8220;Estourou porta, port\u00e3o, geladeira, casa inteira alagada. Estamos tentando ver o que salvou&#8221;, contou.<\/p>\n<p data-track-category=\"Link no Texto\" data-track-links=\"\">Fonte: https:\/\/g1.globo.com\/sp\/piracicaba-regiao\/noticia\/2020\/02\/19\/chuva-alaga-cruzamento-entre-avenidas-independencia-e-31-de-marco-em-piracicaba.ghtml<\/p>\n<\/div>\n<\/div>\n<\/div>\n<\/div>\n<p style=\"text-align: justify;\">\n<\/div>\n","protected":false},"excerpt":{"rendered":"<p>Posto do Poupatempo e Rodovi\u00e1ria est\u00e3o entre locais invadidos pela inunda\u00e7\u00e3o; c\u00f3rregos do Enxofre e Ja\u00fa transbordaram e ao menos 12 casas foram invadidas pelas \u00e1guas. A chuva que atingiu Piracicaba (SP) na tarde desta quarta-feira (19) gerou alagamentos em ruas e avenidas, a queda de um muro e inunda\u00e7\u00e3o em casas na Paulic\u00e9ia e [&hellip;]<\/p>\n","protected":false},"author":1,"featured_media":19217,"comment_status":"closed","ping_status":"open","sticky":false,"template":"","format":"standard","meta":{"footnotes":""},"categories":[114,110],"tags":[],"class_list":["post-19212","post","type-post","status-publish","format-standard","has-post-thumbnail","hentry","category-geralecomercio","category-noticiasdestaque"],"_links":{"self":[{"href":"https:\/\/jorgezanoni.com.br\/2019\/wp-json\/wp\/v2\/posts\/19212","targetHints":{"allow":["GET"]}}],"collection":[{"href":"https:\/\/jorgezanoni.com.br\/2019\/wp-json\/wp\/v2\/posts"}],"about":[{"href":"https:\/\/jorgezanoni.com.br\/2019\/wp-json\/wp\/v2\/types\/post"}],"author":[{"embeddable":true,"href":"https:\/\/jorgezanoni.com.br\/2019\/wp-json\/wp\/v2\/users\/1"}],"replies":[{"embeddable":true,"href":"https:\/\/jorgezanoni.com.br\/2019\/wp-json\/wp\/v2\/comments?post=19212"}],"version-history":[{"count":0,"href":"https:\/\/jorgezanoni.com.br\/2019\/wp-json\/wp\/v2\/posts\/19212\/revisions"}],"wp:featuredmedia":[{"embeddable":true,"href":"https:\/\/jorgezanoni.com.br\/2019\/wp-json\/wp\/v2\/media\/19217"}],"wp:attachment":[{"href":"https:\/\/jorgezanoni.com.br\/2019\/wp-json\/wp\/v2\/media?parent=19212"}],"wp:term":[{"taxonomy":"category","embeddable":true,"href":"https:\/\/jorgezanoni.com.br\/2019\/wp-json\/wp\/v2\/categories?post=19212"},{"taxonomy":"post_tag","embeddable":true,"href":"https:\/\/jorgezanoni.com.br\/2019\/wp-json\/wp\/v2\/tags?post=19212"}],"curies":[{"name":"wp","href":"https:\/\/api.w.org\/{rel}","templated":true}]}}