{"id":19208,"date":"2020-02-20T12:16:36","date_gmt":"2020-02-20T12:16:36","guid":{"rendered":"https:\/\/jorgezanoni.com.br\/2019\/?p=19208"},"modified":"2020-02-20T12:17:07","modified_gmt":"2020-02-20T12:17:07","slug":"governador-joao-doria-visita-hoje-3-cidades-da-regiao-dracena-mais-uma-vez-esta-fora-da-agenda","status":"publish","type":"post","link":"https:\/\/jorgezanoni.com.br\/2019\/governador-joao-doria-visita-hoje-3-cidades-da-regiao-dracena-mais-uma-vez-esta-fora-da-agenda\/","title":{"rendered":"Governador Jo\u00e3o Doria visita hoje 3 cidades da regi\u00e3o, Dracena mais uma vez est\u00e1 fora da agenda"},"content":{"rendered":"<h2 class=\"jeg_post_subtitle\" style=\"text-align: justify;\">Governador visita as cidade de Presidente Prudente, Flora Rica e Adamantina.<\/h2>\n<p style=\"text-align: justify;\">Estar\u00e1 em visita na regi\u00e3o nesta quinta-feira (20), o Governador Jo\u00e3o D\u00f3ria. Dentre os compromissos agendados consta que ele estar\u00e1\u00a0 \u00e0s 11h15, em Presidente Prudente, apresentando os novos servi\u00e7os e equipamentos no Hospital Regional, incluindo leitos de UTI e resson\u00e2ncia magn\u00e9tica. Ser\u00e1 realizada tamb\u00e9m a libera\u00e7\u00e3o de recursos para a instala\u00e7\u00e3o do restaurante Bom Prato e o descerramento da placa do Centro de Conviv\u00eancia do Idoso de Mirante do Paranapanema.<\/p>\n<p style=\"text-align: justify;\">Ainda em Prudente, Doria entrega o diagn\u00f3stico para a regulariza\u00e7\u00e3o fundi\u00e1ria de tr\u00eas \u00e1reas rurais de Pracinha e assina a autoriza\u00e7\u00e3o de conv\u00eanio para a regulariza\u00e7\u00e3o urbana e rural de Caiu\u00e1 e Caiabu.<\/p>\n<p style=\"text-align: justify;\">J\u00e1 \u00e0s 14:10 Horas estar\u00e1 em Flora Rica, onde inaugura mais uma unidade do Programa Creche Escola, na EMEI Professora Olga Assump\u00e7\u00e3o Lima Emboava, com capacidade para atender 150 crian\u00e7as.<\/p>\n<p style=\"text-align: justify;\">A partir das 15:20 Horas, tem agenda confirmada em Adamantina, onde entrega a nova sede da Delegacia Seccional, que proporcionar\u00e1 melhores condi\u00e7\u00f5es de trabalho aos policiais e de atendimento \u00e0 popula\u00e7\u00e3o. Ainda ser\u00e3o descerradas as placas do Centro de Conviv\u00eancia do Idoso de Iacri e das obras de canaliza\u00e7\u00e3o do Parque dos Pioneiros.<\/p>\n<p style=\"text-align: justify;\">Dracena, cidade p\u00f3lo de regi\u00e3o, mais uma vez n\u00e3o est\u00e1 nas rotas de visitas do Governador.<\/p>\n<p style=\"text-align: justify;\">Fonte: Assessoria do Governo do Estado de S\u00e3o Paulo<\/p>\n<p>Texto: Jorge Zanoni<\/p>\n","protected":false},"excerpt":{"rendered":"<p>Governador visita as cidade de Presidente Prudente, Flora Rica e Adamantina. Estar\u00e1 em visita na regi\u00e3o nesta quinta-feira (20), o Governador Jo\u00e3o D\u00f3ria. Dentre os compromissos agendados consta que ele estar\u00e1\u00a0 \u00e0s 11h15, em Presidente Prudente, apresentando os novos servi\u00e7os e equipamentos no Hospital Regional, incluindo leitos de UTI e resson\u00e2ncia magn\u00e9tica. Ser\u00e1 realizada tamb\u00e9m [&hellip;]<\/p>\n","protected":false},"author":1,"featured_media":19209,"comment_status":"closed","ping_status":"open","sticky":false,"template":"","format":"standard","meta":{"footnotes":""},"categories":[110,116],"tags":[],"class_list":["post-19208","post","type-post","status-publish","format-standard","has-post-thumbnail","hentry","category-noticiasdestaque","category-politicaeeconomia"],"_links":{"self":[{"href":"https:\/\/jorgezanoni.com.br\/2019\/wp-json\/wp\/v2\/posts\/19208","targetHints":{"allow":["GET"]}}],"collection":[{"href":"https:\/\/jorgezanoni.com.br\/2019\/wp-json\/wp\/v2\/posts"}],"about":[{"href":"https:\/\/jorgezanoni.com.br\/2019\/wp-json\/wp\/v2\/types\/post"}],"author":[{"embeddable":true,"href":"https:\/\/jorgezanoni.com.br\/2019\/wp-json\/wp\/v2\/users\/1"}],"replies":[{"embeddable":true,"href":"https:\/\/jorgezanoni.com.br\/2019\/wp-json\/wp\/v2\/comments?post=19208"}],"version-history":[{"count":0,"href":"https:\/\/jorgezanoni.com.br\/2019\/wp-json\/wp\/v2\/posts\/19208\/revisions"}],"wp:featuredmedia":[{"embeddable":true,"href":"https:\/\/jorgezanoni.com.br\/2019\/wp-json\/wp\/v2\/media\/19209"}],"wp:attachment":[{"href":"https:\/\/jorgezanoni.com.br\/2019\/wp-json\/wp\/v2\/media?parent=19208"}],"wp:term":[{"taxonomy":"category","embeddable":true,"href":"https:\/\/jorgezanoni.com.br\/2019\/wp-json\/wp\/v2\/categories?post=19208"},{"taxonomy":"post_tag","embeddable":true,"href":"https:\/\/jorgezanoni.com.br\/2019\/wp-json\/wp\/v2\/tags?post=19208"}],"curies":[{"name":"wp","href":"https:\/\/api.w.org\/{rel}","templated":true}]}}